{"id":3035,"date":"2011-06-21T11:45:44","date_gmt":"2011-06-21T09:45:44","guid":{"rendered":"http:\/\/www.quiltingstudio.hu\/blog\/?p=3035"},"modified":"2011-06-21T11:45:44","modified_gmt":"2011-06-21T09:45:44","slug":"akkor-es-most","status":"publish","type":"post","link":"http:\/\/www.quiltingstudio.hu\/blog\/?p=3035","title":{"rendered":"Akkor \u00e9s most&#8230;"},"content":{"rendered":"<p>Nem \u00e1rulok el \u00fajdons\u00e1got avval, hogy \u00e9l\u00e9nken \u00e9rdekel a\u00a0 geneol\u00f3gia, ill. minden, ami r\u00e9gen t\u00f6rt\u00e9nt. \u00cdgy az is, milyen volt Veszpr\u00e9m r\u00e9gen.<\/p>\n<p>Ez\u00e9rt d\u00f6nt\u00f6ttem \u00fagy, hogy kicsit elj\u00e1tszadozom avval, hogy n\u00e9zett ki egyik m\u00e1sik nevezetesebb \u00e9p\u00fclete r\u00e9gen \u00e9s ma.<\/p>\n<div id=\"attachment_3036\" style=\"width: 310px\" class=\"wp-caption aligncenter\"><a href=\"http:\/\/www.quiltingstudio.hu\/blog\/wp-content\/uploads\/2011\/06\/nyomozunk.jpg\"><img aria-describedby=\"caption-attachment-3036\" decoding=\"async\" loading=\"lazy\" class=\"size-medium wp-image-3036\" title=\"nyomozunk\" src=\"http:\/\/www.quiltingstudio.hu\/blog\/wp-content\/uploads\/2011\/06\/nyomozunk-300x224.jpg\" alt=\"Valahogy \u00edgy\" width=\"300\" height=\"224\" srcset=\"http:\/\/www.quiltingstudio.hu\/blog\/wp-content\/uploads\/2011\/06\/nyomozunk-300x224.jpg 300w, http:\/\/www.quiltingstudio.hu\/blog\/wp-content\/uploads\/2011\/06\/nyomozunk-1024x768.jpg 1024w, http:\/\/www.quiltingstudio.hu\/blog\/wp-content\/uploads\/2011\/06\/nyomozunk.jpg 1100w\" sizes=\"(max-width: 300px) 100vw, 300px\" \/><\/a><p id=\"caption-attachment-3036\" class=\"wp-caption-text\">Valahogy \u00edgy<\/p><\/div>\n<p>Kerestem a neten k\u00e9peket, majd megpr\u00f3b\u00e1ltam megkeresni azt a helyet,( sz\u00f6get) ahonnan a r\u00e9gi k\u00e9p k\u00e9sz\u00fclhetett.<\/p>\n<p><!--more-->Ez a Kossuth Iskola \u00e9p\u00fclete r\u00e9gen:<\/p>\n<div id=\"attachment_3037\" style=\"width: 310px\" class=\"wp-caption aligncenter\"><a href=\"http:\/\/www.quiltingstudio.hu\/blog\/wp-content\/uploads\/2011\/06\/kossuth2.jpg\"><img aria-describedby=\"caption-attachment-3037\" decoding=\"async\" loading=\"lazy\" class=\"size-medium wp-image-3037\" title=\"kossuth2\" src=\"http:\/\/www.quiltingstudio.hu\/blog\/wp-content\/uploads\/2011\/06\/kossuth2-300x189.jpg\" alt=\"Polg\u00e1ri \u00e9s Fels\u0151kereskedelmi Iskola\" width=\"300\" height=\"189\" srcset=\"http:\/\/www.quiltingstudio.hu\/blog\/wp-content\/uploads\/2011\/06\/kossuth2-300x189.jpg 300w, http:\/\/www.quiltingstudio.hu\/blog\/wp-content\/uploads\/2011\/06\/kossuth2.jpg 840w\" sizes=\"(max-width: 300px) 100vw, 300px\" \/><\/a><p id=\"caption-attachment-3037\" class=\"wp-caption-text\">Polg\u00e1ri \u00e9s Fels\u0151kereskedelmi Iskola<\/p><\/div>\n<p>Akkor persze m\u00e9g nem ez volt a neve. Igen \u00e9rdekes a t\u00f6rt\u00e9nete. T\u00fal\u00e9lte a k\u00e9t Vil\u00e1gh\u00e1bor\u00fat, a katon\u00e1kat itt sz\u00e1ll\u00e1solt\u00e1k el. Volt hogy olyannyira t\u00f6nkrement, hogy csak a falak \u00e1lltak, se ablakok, se ajt\u00f3k&#8230;csak romok.<\/p>\n<p>Valamikor ez a v\u00e1ros legsz\u00e9le volt, szemben vele a r\u00e9gi vas\u00fat\u00e1llom\u00e1s.<\/p>\n<p>Mert Veszpr\u00e9mben volt 3 is! De ez egy m\u00e1sik t\u00f6rt\u00e9net&#8230;<\/p>\n<p>L\u00e1tszanak a feh\u00e9rre meszelt k\u0151ker\u00edt\u00e9sek. 1947-ben az apuk\u00e1m is idej\u00e1rt ebbe az iskol\u00e1ba. Csak lesz\u00e1llt a vonatr\u00f3l \u00e9s bes\u00e9t\u00e1lt az iskol\u00e1ba.<\/p>\n<p>Ma m\u00e9g \u00e1ll (fel\u00faj\u00edtva ) a r\u00e9gi vas\u00fat\u00e1llom\u00e1s \u00e9p\u00fclete. De a kett\u0151 k\u00f6z\u00f6tt van a v\u00e1rosba bevezet\u0151 egyik legforgalmasabb \u00fat, Budapest \u00fat.<\/p>\n<p>Teh\u00e1t most el\u0151bb azon \u00e1t kell jutni valahogy&#8230;<\/p>\n<div id=\"attachment_3038\" style=\"width: 310px\" class=\"wp-caption aligncenter\"><a href=\"http:\/\/www.quiltingstudio.hu\/blog\/wp-content\/uploads\/2011\/06\/kossuthisk.jpg\"><img aria-describedby=\"caption-attachment-3038\" decoding=\"async\" loading=\"lazy\" class=\"size-medium wp-image-3038\" title=\"kossuthisk\" src=\"http:\/\/www.quiltingstudio.hu\/blog\/wp-content\/uploads\/2011\/06\/kossuthisk-300x209.jpg\" alt=\"Kossuth Iskola\" width=\"300\" height=\"209\" srcset=\"http:\/\/www.quiltingstudio.hu\/blog\/wp-content\/uploads\/2011\/06\/kossuthisk-300x209.jpg 300w, http:\/\/www.quiltingstudio.hu\/blog\/wp-content\/uploads\/2011\/06\/kossuthisk-1024x715.jpg 1024w, http:\/\/www.quiltingstudio.hu\/blog\/wp-content\/uploads\/2011\/06\/kossuthisk.jpg 1100w\" sizes=\"(max-width: 300px) 100vw, 300px\" \/><\/a><p id=\"caption-attachment-3038\" class=\"wp-caption-text\">Kossuth Iskola<\/p><\/div>\n<p>Nekem \u00fagy t\u0171nik, hogy maradtak a r\u00e9gi k\u00fcls\u0151n\u00e9l, nem t\u00f6rt\u00e9ntek nagy \u00e1talak\u00edt\u00e1sok k\u00fcls\u0151leg.<\/p>\n","protected":false},"excerpt":{"rendered":"<p>Nem \u00e1rulok el \u00fajdons\u00e1got avval, hogy \u00e9l\u00e9nken \u00e9rdekel a\u00a0 geneol\u00f3gia, ill. minden, ami r\u00e9gen t\u00f6rt\u00e9nt. \u00cdgy az is, milyen volt Veszpr\u00e9m r\u00e9gen. Ez\u00e9rt d\u00f6nt\u00f6ttem \u00fagy, hogy kicsit elj\u00e1tszadozom avval, hogy n\u00e9zett ki egyik m\u00e1sik nevezetesebb \u00e9p\u00fclete r\u00e9gen \u00e9s ma. Kerestem a neten k\u00e9peket, majd megpr\u00f3b\u00e1ltam megkeresni azt a helyet,( sz\u00f6get) ahonnan a r\u00e9gi k\u00e9p k\u00e9sz\u00fclhetett.<\/p>\n","protected":false},"author":1,"featured_media":0,"comment_status":"open","ping_status":"closed","sticky":false,"template":"","format":"standard","meta":[],"categories":[12],"tags":[],"aioseo_notices":[],"views":3440,"_links":{"self":[{"href":"http:\/\/www.quiltingstudio.hu\/blog\/index.php?rest_route=\/wp\/v2\/posts\/3035"}],"collection":[{"href":"http:\/\/www.quiltingstudio.hu\/blog\/index.php?rest_route=\/wp\/v2\/posts"}],"about":[{"href":"http:\/\/www.quiltingstudio.hu\/blog\/index.php?rest_route=\/wp\/v2\/types\/post"}],"author":[{"embeddable":true,"href":"http:\/\/www.quiltingstudio.hu\/blog\/index.php?rest_route=\/wp\/v2\/users\/1"}],"replies":[{"embeddable":true,"href":"http:\/\/www.quiltingstudio.hu\/blog\/index.php?rest_route=%2Fwp%2Fv2%2Fcomments&post=3035"}],"version-history":[{"count":5,"href":"http:\/\/www.quiltingstudio.hu\/blog\/index.php?rest_route=\/wp\/v2\/posts\/3035\/revisions"}],"predecessor-version":[{"id":3043,"href":"http:\/\/www.quiltingstudio.hu\/blog\/index.php?rest_route=\/wp\/v2\/posts\/3035\/revisions\/3043"}],"wp:attachment":[{"href":"http:\/\/www.quiltingstudio.hu\/blog\/index.php?rest_route=%2Fwp%2Fv2%2Fmedia&parent=3035"}],"wp:term":[{"taxonomy":"category","embeddable":true,"href":"http:\/\/www.quiltingstudio.hu\/blog\/index.php?rest_route=%2Fwp%2Fv2%2Fcategories&post=3035"},{"taxonomy":"post_tag","embeddable":true,"href":"http:\/\/www.quiltingstudio.hu\/blog\/index.php?rest_route=%2Fwp%2Fv2%2Ftags&post=3035"}],"curies":[{"name":"wp","href":"https:\/\/api.w.org\/{rel}","templated":true}]}}