{"id":3111,"date":"2011-07-27T11:50:54","date_gmt":"2011-07-27T09:50:54","guid":{"rendered":"http:\/\/www.quiltingstudio.hu\/blog\/?p=3111"},"modified":"2011-07-27T11:50:54","modified_gmt":"2011-07-27T09:50:54","slug":"nyari-alkoto-hetvegek","status":"publish","type":"post","link":"http:\/\/www.quiltingstudio.hu\/blog\/?p=3111","title":{"rendered":"Ny\u00e1ri alkot\u00f3 h\u00e9tv\u00e9g\u00e9k&#8230;"},"content":{"rendered":"<p>A ny\u00e1r a t\u00e1borok ideje, ez \u00edgy norm\u00e1lis.<\/p>\n<p>Ilyenkor a foltvarr\u00f3k egy (nagy) r\u00e9sze felkerekedik \u00e9s elmegy valahova, ahol csak a hobbij\u00e1nak h\u00f3dolhat. Semmi f\u0151z\u00e9s, semmi mosogat\u00e1s \u00e9s egy\u00e9b haszontalan, csak id\u0151rabl\u00f3 foglalatoss\u00e1g.<\/p>\n<p>\u00c9n az idei ny\u00e1rra csak kett\u0151t terveztem be, az els\u0151r\u0151l r\u00f6gt\u00f6n mutatok is n\u00e9h\u00e1ny k\u00e9pet.<\/p>\n<div id=\"attachment_3112\" style=\"width: 310px\" class=\"wp-caption aligncenter\"><a href=\"http:\/\/www.quiltingstudio.hu\/blog\/wp-content\/uploads\/2011\/07\/15-3.jpg\"><img aria-describedby=\"caption-attachment-3112\" decoding=\"async\" loading=\"lazy\" class=\"size-medium wp-image-3112\" title=\"15-3\" src=\"http:\/\/www.quiltingstudio.hu\/blog\/wp-content\/uploads\/2011\/07\/15-3-300x168.jpg\" alt=\"\u00c1gi alkot\" width=\"300\" height=\"168\" srcset=\"http:\/\/www.quiltingstudio.hu\/blog\/wp-content\/uploads\/2011\/07\/15-3-300x168.jpg 300w, http:\/\/www.quiltingstudio.hu\/blog\/wp-content\/uploads\/2011\/07\/15-3-1024x575.jpg 1024w, http:\/\/www.quiltingstudio.hu\/blog\/wp-content\/uploads\/2011\/07\/15-3.jpg 1099w\" sizes=\"(max-width: 300px) 100vw, 300px\" \/><\/a><p id=\"caption-attachment-3112\" class=\"wp-caption-text\">\u00c1gi alkot<\/p><\/div>\n<p><!--more--><\/p>\n<div id=\"attachment_3114\" style=\"width: 310px\" class=\"wp-caption aligncenter\"><a href=\"http:\/\/www.quiltingstudio.hu\/blog\/wp-content\/uploads\/2011\/07\/15-61.jpg\"><img aria-describedby=\"caption-attachment-3114\" decoding=\"async\" loading=\"lazy\" class=\"size-medium wp-image-3114\" title=\"15-61\" src=\"http:\/\/www.quiltingstudio.hu\/blog\/wp-content\/uploads\/2011\/07\/15-61-300x168.jpg\" alt=\"N\u00f3ra \" width=\"300\" height=\"168\" srcset=\"http:\/\/www.quiltingstudio.hu\/blog\/wp-content\/uploads\/2011\/07\/15-61-300x168.jpg 300w, http:\/\/www.quiltingstudio.hu\/blog\/wp-content\/uploads\/2011\/07\/15-61-1024x575.jpg 1024w, http:\/\/www.quiltingstudio.hu\/blog\/wp-content\/uploads\/2011\/07\/15-61.jpg 1099w\" sizes=\"(max-width: 300px) 100vw, 300px\" \/><\/a><p id=\"caption-attachment-3114\" class=\"wp-caption-text\">N\u00f3ra <\/p><\/div>\n<p>A t\u00e1bor a &#8222;fusible appliqu\u00e9&#8221; jegy\u00e9ben telt, azaz mindh\u00e1rom technika ragaszt\u00f3s applik\u00e1ci\u00f3 volt. Irdatlan mennyis\u00e9g\u0171 Vlisofixet vasaltunk fel, haszn\u00e1ltunk el a h\u00e9tv\u00e9g\u00e9n.<\/p>\n<div id=\"attachment_3115\" style=\"width: 310px\" class=\"wp-caption aligncenter\"><a href=\"http:\/\/www.quiltingstudio.hu\/blog\/wp-content\/uploads\/2011\/07\/15-9.jpg\"><img aria-describedby=\"caption-attachment-3115\" decoding=\"async\" loading=\"lazy\" class=\"size-medium wp-image-3115\" title=\"15-9\" src=\"http:\/\/www.quiltingstudio.hu\/blog\/wp-content\/uploads\/2011\/07\/15-9-300x228.jpg\" alt=\"Ad\u00e9l m\u00e1r ragaszt\" width=\"300\" height=\"228\" srcset=\"http:\/\/www.quiltingstudio.hu\/blog\/wp-content\/uploads\/2011\/07\/15-9-300x228.jpg 300w, http:\/\/www.quiltingstudio.hu\/blog\/wp-content\/uploads\/2011\/07\/15-9-1024x780.jpg 1024w, http:\/\/www.quiltingstudio.hu\/blog\/wp-content\/uploads\/2011\/07\/15-9.jpg 1099w\" sizes=\"(max-width: 300px) 100vw, 300px\" \/><\/a><p id=\"caption-attachment-3115\" class=\"wp-caption-text\">Ad\u00e9l m\u00e1r ragaszt<\/p><\/div>\n<p>K\u00e9sz\u00fcltek a szebbn\u00e9l szebb ter\u00edt\u0151k vagy falik\u00e9pek, vagy&#8230; v\u00e9g\u00fcl is mindegy, a l\u00e9nyeg, hogy j\u00f3l \u00e9rezt\u00fck magunkat.<\/p>\n<div id=\"attachment_3116\" style=\"width: 176px\" class=\"wp-caption aligncenter\"><a href=\"http:\/\/www.quiltingstudio.hu\/blog\/wp-content\/uploads\/2011\/07\/15-10.jpg\"><img aria-describedby=\"caption-attachment-3116\" decoding=\"async\" loading=\"lazy\" class=\"size-medium wp-image-3116\" title=\"15-10\" src=\"http:\/\/www.quiltingstudio.hu\/blog\/wp-content\/uploads\/2011\/07\/15-10-166x300.jpg\" alt=\"Marcsi\u00e9 m\u00e1r k\u00e9sz\" width=\"166\" height=\"300\" srcset=\"http:\/\/www.quiltingstudio.hu\/blog\/wp-content\/uploads\/2011\/07\/15-10-166x300.jpg 166w, http:\/\/www.quiltingstudio.hu\/blog\/wp-content\/uploads\/2011\/07\/15-10-567x1024.jpg 567w, http:\/\/www.quiltingstudio.hu\/blog\/wp-content\/uploads\/2011\/07\/15-10.jpg 1099w\" sizes=\"(max-width: 166px) 100vw, 166px\" \/><\/a><p id=\"caption-attachment-3116\" class=\"wp-caption-text\">Marcsi\u00e9 m\u00e1r k\u00e9sz<\/p><\/div>\n<div id=\"attachment_3117\" style=\"width: 178px\" class=\"wp-caption aligncenter\"><a href=\"http:\/\/www.quiltingstudio.hu\/blog\/wp-content\/uploads\/2011\/07\/15-12.jpg\"><img aria-describedby=\"caption-attachment-3117\" decoding=\"async\" loading=\"lazy\" class=\"size-medium wp-image-3117\" title=\"15-12\" src=\"http:\/\/www.quiltingstudio.hu\/blog\/wp-content\/uploads\/2011\/07\/15-12-168x300.jpg\" alt=\"Ad\u00e9l remekm\u0171ve\" width=\"168\" height=\"300\" srcset=\"http:\/\/www.quiltingstudio.hu\/blog\/wp-content\/uploads\/2011\/07\/15-12-168x300.jpg 168w, http:\/\/www.quiltingstudio.hu\/blog\/wp-content\/uploads\/2011\/07\/15-12-575x1024.jpg 575w, http:\/\/www.quiltingstudio.hu\/blog\/wp-content\/uploads\/2011\/07\/15-12.jpg 1099w\" sizes=\"(max-width: 168px) 100vw, 168px\" \/><\/a><p id=\"caption-attachment-3117\" class=\"wp-caption-text\">Ad\u00e9l remekm\u0171ve<\/p><\/div>\n<div id=\"attachment_3119\" style=\"width: 203px\" class=\"wp-caption aligncenter\"><a href=\"http:\/\/www.quiltingstudio.hu\/blog\/wp-content\/uploads\/2011\/07\/15-11.jpg\"><img aria-describedby=\"caption-attachment-3119\" decoding=\"async\" loading=\"lazy\" class=\"size-medium wp-image-3119\" title=\"15-11\" src=\"http:\/\/www.quiltingstudio.hu\/blog\/wp-content\/uploads\/2011\/07\/15-11-193x300.jpg\" alt=\"Marcsi ter\u00edt\u0151je\" width=\"193\" height=\"300\" srcset=\"http:\/\/www.quiltingstudio.hu\/blog\/wp-content\/uploads\/2011\/07\/15-11-193x300.jpg 193w, http:\/\/www.quiltingstudio.hu\/blog\/wp-content\/uploads\/2011\/07\/15-11-660x1024.jpg 660w, http:\/\/www.quiltingstudio.hu\/blog\/wp-content\/uploads\/2011\/07\/15-11.jpg 1099w\" sizes=\"(max-width: 193px) 100vw, 193px\" \/><\/a><p id=\"caption-attachment-3119\" class=\"wp-caption-text\">Marcsi ter\u00edt\u0151je<\/p><\/div>\n","protected":false},"excerpt":{"rendered":"<p>A ny\u00e1r a t\u00e1borok ideje, ez \u00edgy norm\u00e1lis. Ilyenkor a foltvarr\u00f3k egy (nagy) r\u00e9sze felkerekedik \u00e9s elmegy valahova, ahol csak a hobbij\u00e1nak h\u00f3dolhat. Semmi f\u0151z\u00e9s, semmi mosogat\u00e1s \u00e9s egy\u00e9b haszontalan, csak id\u0151rabl\u00f3 foglalatoss\u00e1g. \u00c9n az idei ny\u00e1rra csak kett\u0151t terveztem be, az els\u0151r\u0151l r\u00f6gt\u00f6n mutatok is n\u00e9h\u00e1ny k\u00e9pet.<\/p>\n","protected":false},"author":1,"featured_media":0,"comment_status":"open","ping_status":"closed","sticky":false,"template":"","format":"standard","meta":[],"categories":[3],"tags":[],"aioseo_notices":[],"views":2356,"_links":{"self":[{"href":"http:\/\/www.quiltingstudio.hu\/blog\/index.php?rest_route=\/wp\/v2\/posts\/3111"}],"collection":[{"href":"http:\/\/www.quiltingstudio.hu\/blog\/index.php?rest_route=\/wp\/v2\/posts"}],"about":[{"href":"http:\/\/www.quiltingstudio.hu\/blog\/index.php?rest_route=\/wp\/v2\/types\/post"}],"author":[{"embeddable":true,"href":"http:\/\/www.quiltingstudio.hu\/blog\/index.php?rest_route=\/wp\/v2\/users\/1"}],"replies":[{"embeddable":true,"href":"http:\/\/www.quiltingstudio.hu\/blog\/index.php?rest_route=%2Fwp%2Fv2%2Fcomments&post=3111"}],"version-history":[{"count":3,"href":"http:\/\/www.quiltingstudio.hu\/blog\/index.php?rest_route=\/wp\/v2\/posts\/3111\/revisions"}],"predecessor-version":[{"id":3122,"href":"http:\/\/www.quiltingstudio.hu\/blog\/index.php?rest_route=\/wp\/v2\/posts\/3111\/revisions\/3122"}],"wp:attachment":[{"href":"http:\/\/www.quiltingstudio.hu\/blog\/index.php?rest_route=%2Fwp%2Fv2%2Fmedia&parent=3111"}],"wp:term":[{"taxonomy":"category","embeddable":true,"href":"http:\/\/www.quiltingstudio.hu\/blog\/index.php?rest_route=%2Fwp%2Fv2%2Fcategories&post=3111"},{"taxonomy":"post_tag","embeddable":true,"href":"http:\/\/www.quiltingstudio.hu\/blog\/index.php?rest_route=%2Fwp%2Fv2%2Ftags&post=3111"}],"curies":[{"name":"wp","href":"https:\/\/api.w.org\/{rel}","templated":true}]}}