{"id":3123,"date":"2011-07-28T09:09:10","date_gmt":"2011-07-28T07:09:10","guid":{"rendered":"http:\/\/www.quiltingstudio.hu\/blog\/?p=3123"},"modified":"2011-07-28T09:09:10","modified_gmt":"2011-07-28T07:09:10","slug":"nyari-alkoto-hetvegek-ii","status":"publish","type":"post","link":"http:\/\/www.quiltingstudio.hu\/blog\/?p=3123","title":{"rendered":"Ny\u00e1ri alkot\u00f3 h\u00e9tv\u00e9g\u00e9k II&#8230;"},"content":{"rendered":"<div id=\"attachment_3124\" style=\"width: 310px\" class=\"wp-caption aligncenter\"><a href=\"http:\/\/www.quiltingstudio.hu\/blog\/wp-content\/uploads\/2011\/07\/16-2.jpg\"><img aria-describedby=\"caption-attachment-3124\" decoding=\"async\" loading=\"lazy\" class=\"size-medium wp-image-3124\" title=\"16-2\" src=\"http:\/\/www.quiltingstudio.hu\/blog\/wp-content\/uploads\/2011\/07\/16-2-300x214.jpg\" alt=\"Egy kis matek\" width=\"300\" height=\"214\" srcset=\"http:\/\/www.quiltingstudio.hu\/blog\/wp-content\/uploads\/2011\/07\/16-2-300x214.jpg 300w, http:\/\/www.quiltingstudio.hu\/blog\/wp-content\/uploads\/2011\/07\/16-2-1024x732.jpg 1024w, http:\/\/www.quiltingstudio.hu\/blog\/wp-content\/uploads\/2011\/07\/16-2.jpg 1098w\" sizes=\"(max-width: 300px) 100vw, 300px\" \/><\/a><p id=\"caption-attachment-3124\" class=\"wp-caption-text\">Egy kis matek<\/p><\/div>\n<p>A k\u00f6vetkez\u0151 technik\u00e1hoz m\u00e1r kellett egy kicsit sz\u00e1molgatni is. Osztottunk, szoroztunk, mib\u0151l mennyit is kell szabni&#8230;<!--more--><\/p>\n<div id=\"attachment_3125\" style=\"width: 310px\" class=\"wp-caption aligncenter\"><a href=\"http:\/\/www.quiltingstudio.hu\/blog\/wp-content\/uploads\/2011\/07\/16-12.jpg\"><img aria-describedby=\"caption-attachment-3125\" decoding=\"async\" loading=\"lazy\" class=\"size-medium wp-image-3125\" title=\"16-12\" src=\"http:\/\/www.quiltingstudio.hu\/blog\/wp-content\/uploads\/2011\/07\/16-12-300x168.jpg\" alt=\"A szabadban\" width=\"300\" height=\"168\" srcset=\"http:\/\/www.quiltingstudio.hu\/blog\/wp-content\/uploads\/2011\/07\/16-12-300x168.jpg 300w, http:\/\/www.quiltingstudio.hu\/blog\/wp-content\/uploads\/2011\/07\/16-12-1024x576.jpg 1024w, http:\/\/www.quiltingstudio.hu\/blog\/wp-content\/uploads\/2011\/07\/16-12.jpg 1100w\" sizes=\"(max-width: 300px) 100vw, 300px\" \/><\/a><p id=\"caption-attachment-3125\" class=\"wp-caption-text\">A szabadban<\/p><\/div>\n<p>Igen kellemes id\u0151 volt kint, (meg j\u00f3 nagy asztal) ott folytattuk tov\u00e1bb a szab\u00e1st.<\/p>\n<div id=\"attachment_3126\" style=\"width: 310px\" class=\"wp-caption aligncenter\"><a href=\"http:\/\/www.quiltingstudio.hu\/blog\/wp-content\/uploads\/2011\/07\/16-14.jpg\"><img aria-describedby=\"caption-attachment-3126\" decoding=\"async\" loading=\"lazy\" class=\"size-medium wp-image-3126\" title=\"16-14\" src=\"http:\/\/www.quiltingstudio.hu\/blog\/wp-content\/uploads\/2011\/07\/16-14-300x202.jpg\" alt=\"Alakul\" width=\"300\" height=\"202\" srcset=\"http:\/\/www.quiltingstudio.hu\/blog\/wp-content\/uploads\/2011\/07\/16-14-300x202.jpg 300w, http:\/\/www.quiltingstudio.hu\/blog\/wp-content\/uploads\/2011\/07\/16-14-1024x691.jpg 1024w, http:\/\/www.quiltingstudio.hu\/blog\/wp-content\/uploads\/2011\/07\/16-14.jpg 1100w\" sizes=\"(max-width: 300px) 100vw, 300px\" \/><\/a><p id=\"caption-attachment-3126\" class=\"wp-caption-text\">Alakulunk<\/p><\/div>\n<p>Mivel ezt sem \u00e9s az el\u0151z\u0151t sem varrtuk meg k\u00e9szre, gyorsan &#8211; miel\u0151tt m\u00e9g v\u00e9ge lenne a h\u00e9tv\u00e9g\u00e9nek &#8211; elkezdt\u00fck a k\u00f6vetkez\u0151 technik\u00e1t is.<\/p>\n<div id=\"attachment_3127\" style=\"width: 310px\" class=\"wp-caption aligncenter\"><a href=\"http:\/\/www.quiltingstudio.hu\/blog\/wp-content\/uploads\/2011\/07\/16-18.jpg\"><img aria-describedby=\"caption-attachment-3127\" decoding=\"async\" loading=\"lazy\" class=\"size-medium wp-image-3127\" title=\"16-18\" src=\"http:\/\/www.quiltingstudio.hu\/blog\/wp-content\/uploads\/2011\/07\/16-18-300x184.jpg\" alt=\"F\u00e9lk\u00e9szen\" width=\"300\" height=\"184\" srcset=\"http:\/\/www.quiltingstudio.hu\/blog\/wp-content\/uploads\/2011\/07\/16-18-300x184.jpg 300w, http:\/\/www.quiltingstudio.hu\/blog\/wp-content\/uploads\/2011\/07\/16-18-1023x630.jpg 1023w\" sizes=\"(max-width: 300px) 100vw, 300px\" \/><\/a><p id=\"caption-attachment-3127\" class=\"wp-caption-text\">F\u00e9lk\u00e9szen<\/p><\/div>\n<p>Ebb\u0151l egy takar\u00f3 lesz. A leveleket egy speci\u00e1lis vonalz\u00f3val szabtuk ki hozz\u00e1.<\/p>\n","protected":false},"excerpt":{"rendered":"<p>A k\u00f6vetkez\u0151 technik\u00e1hoz m\u00e1r kellett egy kicsit sz\u00e1molgatni is. Osztottunk, szoroztunk, mib\u0151l mennyit is kell szabni&#8230;<\/p>\n","protected":false},"author":1,"featured_media":0,"comment_status":"open","ping_status":"closed","sticky":false,"template":"","format":"standard","meta":[],"categories":[3],"tags":[],"aioseo_notices":[],"views":2170,"_links":{"self":[{"href":"http:\/\/www.quiltingstudio.hu\/blog\/index.php?rest_route=\/wp\/v2\/posts\/3123"}],"collection":[{"href":"http:\/\/www.quiltingstudio.hu\/blog\/index.php?rest_route=\/wp\/v2\/posts"}],"about":[{"href":"http:\/\/www.quiltingstudio.hu\/blog\/index.php?rest_route=\/wp\/v2\/types\/post"}],"author":[{"embeddable":true,"href":"http:\/\/www.quiltingstudio.hu\/blog\/index.php?rest_route=\/wp\/v2\/users\/1"}],"replies":[{"embeddable":true,"href":"http:\/\/www.quiltingstudio.hu\/blog\/index.php?rest_route=%2Fwp%2Fv2%2Fcomments&post=3123"}],"version-history":[{"count":6,"href":"http:\/\/www.quiltingstudio.hu\/blog\/index.php?rest_route=\/wp\/v2\/posts\/3123\/revisions"}],"predecessor-version":[{"id":3145,"href":"http:\/\/www.quiltingstudio.hu\/blog\/index.php?rest_route=\/wp\/v2\/posts\/3123\/revisions\/3145"}],"wp:attachment":[{"href":"http:\/\/www.quiltingstudio.hu\/blog\/index.php?rest_route=%2Fwp%2Fv2%2Fmedia&parent=3123"}],"wp:term":[{"taxonomy":"category","embeddable":true,"href":"http:\/\/www.quiltingstudio.hu\/blog\/index.php?rest_route=%2Fwp%2Fv2%2Fcategories&post=3123"},{"taxonomy":"post_tag","embeddable":true,"href":"http:\/\/www.quiltingstudio.hu\/blog\/index.php?rest_route=%2Fwp%2Fv2%2Ftags&post=3123"}],"curies":[{"name":"wp","href":"https:\/\/api.w.org\/{rel}","templated":true}]}}