{"id":3155,"date":"2011-08-01T09:21:18","date_gmt":"2011-08-01T07:21:18","guid":{"rendered":"http:\/\/www.quiltingstudio.hu\/blog\/?p=3155"},"modified":"2011-08-01T09:21:18","modified_gmt":"2011-08-01T07:21:18","slug":"tabor-lellen","status":"publish","type":"post","link":"http:\/\/www.quiltingstudio.hu\/blog\/?p=3155","title":{"rendered":"T\u00e1bor Lell\u00e9n&#8230;"},"content":{"rendered":"<p>Err\u0151l a t\u00e1borr\u00f3l k\u00e9sz\u00fclt k\u00e9peim \u00e9s a besz\u00e1mol\u00f3m m\u00e9g hi\u00e1nyzik a napl\u00f3mb\u00f3l. A t\u00e1bor m\u00e9g j\u00faniusban volt, nagyon kellemes helyen \u00e9s egy\u00a0 j\u00f3l \u00f6sszeszokott csapattal.<\/p>\n<div id=\"attachment_3156\" style=\"width: 310px\" class=\"wp-caption aligncenter\"><a href=\"http:\/\/www.quiltingstudio.hu\/blog\/wp-content\/uploads\/2011\/07\/lelle.jpg\"><img aria-describedby=\"caption-attachment-3156\" decoding=\"async\" loading=\"lazy\" class=\"size-medium wp-image-3156\" title=\"lelle\" src=\"http:\/\/www.quiltingstudio.hu\/blog\/wp-content\/uploads\/2011\/07\/lelle-300x168.jpg\" alt=\"A part\" width=\"300\" height=\"168\" srcset=\"http:\/\/www.quiltingstudio.hu\/blog\/wp-content\/uploads\/2011\/07\/lelle-300x168.jpg 300w, http:\/\/www.quiltingstudio.hu\/blog\/wp-content\/uploads\/2011\/07\/lelle-1024x575.jpg 1024w, http:\/\/www.quiltingstudio.hu\/blog\/wp-content\/uploads\/2011\/07\/lelle.jpg 1099w\" sizes=\"(max-width: 300px) 100vw, 300px\" \/><\/a><p id=\"caption-attachment-3156\" class=\"wp-caption-text\">A part<\/p><\/div>\n<p><!--more--><\/p>\n<div id=\"attachment_3157\" style=\"width: 310px\" class=\"wp-caption aligncenter\"><a href=\"http:\/\/www.quiltingstudio.hu\/blog\/wp-content\/uploads\/2011\/07\/balaton.jpg\"><img aria-describedby=\"caption-attachment-3157\" decoding=\"async\" loading=\"lazy\" class=\"size-medium wp-image-3157\" title=\"balaton\" src=\"http:\/\/www.quiltingstudio.hu\/blog\/wp-content\/uploads\/2011\/07\/balaton-300x182.jpg\" alt=\"A Balaton kor\u00e1n reggel\" width=\"300\" height=\"182\" srcset=\"http:\/\/www.quiltingstudio.hu\/blog\/wp-content\/uploads\/2011\/07\/balaton-300x182.jpg 300w, http:\/\/www.quiltingstudio.hu\/blog\/wp-content\/uploads\/2011\/07\/balaton-1024x622.jpg 1024w, http:\/\/www.quiltingstudio.hu\/blog\/wp-content\/uploads\/2011\/07\/balaton.jpg 1099w\" sizes=\"(max-width: 300px) 100vw, 300px\" \/><\/a><p id=\"caption-attachment-3157\" class=\"wp-caption-text\">A Balaton kor\u00e1n reggel<\/p><\/div>\n<p>Nagyon hangulatos volt a st\u00e9gen \u00fclve k\u00e1v\u00e9zgatni hajnalok hajnal\u00e1n&#8230;<\/p>\n<p>Azt\u00e1n nekil\u00e1ttunk az alkot\u00e1snak, varr\u00e1snak.<\/p>\n<div id=\"attachment_3158\" style=\"width: 310px\" class=\"wp-caption aligncenter\"><a href=\"http:\/\/www.quiltingstudio.hu\/blog\/wp-content\/uploads\/2011\/07\/lelle1.jpg\"><img aria-describedby=\"caption-attachment-3158\" decoding=\"async\" loading=\"lazy\" class=\"size-medium wp-image-3158\" title=\"lelle1\" src=\"http:\/\/www.quiltingstudio.hu\/blog\/wp-content\/uploads\/2011\/07\/lelle1-300x137.jpg\" alt=\"sz\u00ednek, form\u00e1k\" width=\"300\" height=\"137\" srcset=\"http:\/\/www.quiltingstudio.hu\/blog\/wp-content\/uploads\/2011\/07\/lelle1-300x137.jpg 300w, http:\/\/www.quiltingstudio.hu\/blog\/wp-content\/uploads\/2011\/07\/lelle1-1024x467.jpg 1024w, http:\/\/www.quiltingstudio.hu\/blog\/wp-content\/uploads\/2011\/07\/lelle1.jpg 1099w\" sizes=\"(max-width: 300px) 100vw, 300px\" \/><\/a><p id=\"caption-attachment-3158\" class=\"wp-caption-text\">sz\u00ednek, form\u00e1k<\/p><\/div>\n<p><a href=\"http:\/\/boszi99.blogspot.com\/\" target=\"_blank\">N\u00f3ra<\/a> tan\u00edtotta ezt a nagyon izgalmas technik\u00e1t. Sz\u00fclettek is mindenf\u00e9le verzi\u00f3k.<\/p>\n<div id=\"attachment_3159\" style=\"width: 310px\" class=\"wp-caption aligncenter\"><a href=\"http:\/\/www.quiltingstudio.hu\/blog\/wp-content\/uploads\/2011\/07\/lelle2.jpg\"><img aria-describedby=\"caption-attachment-3159\" decoding=\"async\" loading=\"lazy\" class=\"size-medium wp-image-3159\" title=\"lelle2\" src=\"http:\/\/www.quiltingstudio.hu\/blog\/wp-content\/uploads\/2011\/07\/lelle2-300x184.jpg\" alt=\"Verzi\u00f3 X\" width=\"300\" height=\"184\" srcset=\"http:\/\/www.quiltingstudio.hu\/blog\/wp-content\/uploads\/2011\/07\/lelle2-300x184.jpg 300w, http:\/\/www.quiltingstudio.hu\/blog\/wp-content\/uploads\/2011\/07\/lelle2-1024x628.jpg 1024w, http:\/\/www.quiltingstudio.hu\/blog\/wp-content\/uploads\/2011\/07\/lelle2.jpg 1100w\" sizes=\"(max-width: 300px) 100vw, 300px\" \/><\/a><p id=\"caption-attachment-3159\" class=\"wp-caption-text\">Verzi\u00f3 X<\/p><\/div>\n<div id=\"attachment_3160\" style=\"width: 310px\" class=\"wp-caption aligncenter\"><a href=\"http:\/\/www.quiltingstudio.hu\/blog\/wp-content\/uploads\/2011\/07\/lelle3.jpg\"><img aria-describedby=\"caption-attachment-3160\" decoding=\"async\" loading=\"lazy\" class=\"size-medium wp-image-3160\" title=\"lelle3\" src=\"http:\/\/www.quiltingstudio.hu\/blog\/wp-content\/uploads\/2011\/07\/lelle3-300x204.jpg\" alt=\"hogyan is k\u00e9sz\u00fcl...\" width=\"300\" height=\"204\" srcset=\"http:\/\/www.quiltingstudio.hu\/blog\/wp-content\/uploads\/2011\/07\/lelle3-300x204.jpg 300w, http:\/\/www.quiltingstudio.hu\/blog\/wp-content\/uploads\/2011\/07\/lelle3-1024x699.jpg 1024w, http:\/\/www.quiltingstudio.hu\/blog\/wp-content\/uploads\/2011\/07\/lelle3.jpg 1100w\" sizes=\"(max-width: 300px) 100vw, 300px\" \/><\/a><p id=\"caption-attachment-3160\" class=\"wp-caption-text\">hogyan is k\u00e9sz\u00fcl...<\/p><\/div>\n<p>Kaptunk \u00f6tleteket a tov\u00e1bbi d\u00edsz\u00edt\u00e9shez.<\/p>\n<div id=\"attachment_3161\" style=\"width: 310px\" class=\"wp-caption aligncenter\"><a href=\"http:\/\/www.quiltingstudio.hu\/blog\/wp-content\/uploads\/2011\/07\/lelle5.jpg\"><img aria-describedby=\"caption-attachment-3161\" decoding=\"async\" loading=\"lazy\" class=\"size-medium wp-image-3161\" title=\"lelle5\" src=\"http:\/\/www.quiltingstudio.hu\/blog\/wp-content\/uploads\/2011\/07\/lelle5-300x238.jpg\" alt=\"L\u00e1nyok a kispadon\" width=\"300\" height=\"238\" srcset=\"http:\/\/www.quiltingstudio.hu\/blog\/wp-content\/uploads\/2011\/07\/lelle5-300x238.jpg 300w, http:\/\/www.quiltingstudio.hu\/blog\/wp-content\/uploads\/2011\/07\/lelle5-1024x814.jpg 1024w\" sizes=\"(max-width: 300px) 100vw, 300px\" \/><\/a><p id=\"caption-attachment-3161\" class=\"wp-caption-text\">L\u00e1nyok a kispadon<\/p><\/div>\n<p>\u00c9pp egyfajta zsin\u00f3rhorgol\u00e1st tanulnak. Musz\u00e1j volt \u0151ket \u00edgy lef\u00e9nyk\u00e9pezni!<\/p>\n<p>\u00c9s amikor azt hitt\u00fck m\u00e1r \u00e9pp elk\u00e9sz\u00fclt\u00fcnk, N\u00f3ra javaslat\u00e1ra a k\u00e9pek kaptak egy kis fel\u00fcletkezel\u00e9st.<\/p>\n<div id=\"attachment_3173\" style=\"width: 310px\" class=\"wp-caption aligncenter\"><a href=\"http:\/\/www.quiltingstudio.hu\/blog\/wp-content\/uploads\/2011\/07\/lelle101.jpg\"><img aria-describedby=\"caption-attachment-3173\" decoding=\"async\" loading=\"lazy\" class=\"size-medium wp-image-3173\" title=\"lelle101\" src=\"http:\/\/www.quiltingstudio.hu\/blog\/wp-content\/uploads\/2011\/07\/lelle101-300x197.jpg\" alt=\"pl. \u00edgy\" width=\"300\" height=\"197\" srcset=\"http:\/\/www.quiltingstudio.hu\/blog\/wp-content\/uploads\/2011\/07\/lelle101-300x197.jpg 300w, http:\/\/www.quiltingstudio.hu\/blog\/wp-content\/uploads\/2011\/07\/lelle101-1024x675.jpg 1024w, http:\/\/www.quiltingstudio.hu\/blog\/wp-content\/uploads\/2011\/07\/lelle101.jpg 1101w\" sizes=\"(max-width: 300px) 100vw, 300px\" \/><\/a><p id=\"caption-attachment-3173\" class=\"wp-caption-text\">pl. \u00edgy<\/p><\/div>\n<p>Eg\u00e9szen megv\u00e1ltoztatta a l\u00e1tv\u00e1nyt. Nagyon izgalmas j\u00e1t\u00e9k volt, \u00e9rdekes dolgok kerekedtek ki bel\u0151le.<\/p>\n<div id=\"attachment_3174\" style=\"width: 310px\" class=\"wp-caption aligncenter\"><a href=\"http:\/\/www.quiltingstudio.hu\/blog\/wp-content\/uploads\/2011\/07\/lelle11.jpg\"><img aria-describedby=\"caption-attachment-3174\" decoding=\"async\" loading=\"lazy\" class=\"size-medium wp-image-3174\" title=\"lelle11\" src=\"http:\/\/www.quiltingstudio.hu\/blog\/wp-content\/uploads\/2011\/07\/lelle11-300x173.jpg\" alt=\"vagy ilyen\" width=\"300\" height=\"173\" srcset=\"http:\/\/www.quiltingstudio.hu\/blog\/wp-content\/uploads\/2011\/07\/lelle11-300x173.jpg 300w, http:\/\/www.quiltingstudio.hu\/blog\/wp-content\/uploads\/2011\/07\/lelle11-1024x592.jpg 1024w, http:\/\/www.quiltingstudio.hu\/blog\/wp-content\/uploads\/2011\/07\/lelle11.jpg 1102w\" sizes=\"(max-width: 300px) 100vw, 300px\" \/><\/a><p id=\"caption-attachment-3174\" class=\"wp-caption-text\">vagy \u00edgy<\/p><\/div>\n","protected":false},"excerpt":{"rendered":"<p>Err\u0151l a t\u00e1borr\u00f3l k\u00e9sz\u00fclt k\u00e9peim \u00e9s a besz\u00e1mol\u00f3m m\u00e9g hi\u00e1nyzik a napl\u00f3mb\u00f3l. A t\u00e1bor m\u00e9g j\u00faniusban volt, nagyon kellemes helyen \u00e9s egy\u00a0 j\u00f3l \u00f6sszeszokott csapattal.<\/p>\n","protected":false},"author":1,"featured_media":0,"comment_status":"open","ping_status":"closed","sticky":false,"template":"","format":"standard","meta":[],"categories":[3],"tags":[],"aioseo_notices":[],"views":2373,"_links":{"self":[{"href":"http:\/\/www.quiltingstudio.hu\/blog\/index.php?rest_route=\/wp\/v2\/posts\/3155"}],"collection":[{"href":"http:\/\/www.quiltingstudio.hu\/blog\/index.php?rest_route=\/wp\/v2\/posts"}],"about":[{"href":"http:\/\/www.quiltingstudio.hu\/blog\/index.php?rest_route=\/wp\/v2\/types\/post"}],"author":[{"embeddable":true,"href":"http:\/\/www.quiltingstudio.hu\/blog\/index.php?rest_route=\/wp\/v2\/users\/1"}],"replies":[{"embeddable":true,"href":"http:\/\/www.quiltingstudio.hu\/blog\/index.php?rest_route=%2Fwp%2Fv2%2Fcomments&post=3155"}],"version-history":[{"count":6,"href":"http:\/\/www.quiltingstudio.hu\/blog\/index.php?rest_route=\/wp\/v2\/posts\/3155\/revisions"}],"predecessor-version":[{"id":3181,"href":"http:\/\/www.quiltingstudio.hu\/blog\/index.php?rest_route=\/wp\/v2\/posts\/3155\/revisions\/3181"}],"wp:attachment":[{"href":"http:\/\/www.quiltingstudio.hu\/blog\/index.php?rest_route=%2Fwp%2Fv2%2Fmedia&parent=3155"}],"wp:term":[{"taxonomy":"category","embeddable":true,"href":"http:\/\/www.quiltingstudio.hu\/blog\/index.php?rest_route=%2Fwp%2Fv2%2Fcategories&post=3155"},{"taxonomy":"post_tag","embeddable":true,"href":"http:\/\/www.quiltingstudio.hu\/blog\/index.php?rest_route=%2Fwp%2Fv2%2Ftags&post=3155"}],"curies":[{"name":"wp","href":"https:\/\/api.w.org\/{rel}","templated":true}]}}