{"id":3166,"date":"2011-08-02T11:12:36","date_gmt":"2011-08-02T09:12:36","guid":{"rendered":"http:\/\/www.quiltingstudio.hu\/blog\/?p=3166"},"modified":"2011-08-02T11:13:03","modified_gmt":"2011-08-02T09:13:03","slug":"ez-tortent-lellen-ii","status":"publish","type":"post","link":"http:\/\/www.quiltingstudio.hu\/blog\/?p=3166","title":{"rendered":"Ez t\u00f6rt\u00e9nt Lell\u00e9n II&#8230;"},"content":{"rendered":"<div id=\"attachment_3167\" style=\"width: 310px\" class=\"wp-caption aligncenter\"><a href=\"http:\/\/www.quiltingstudio.hu\/blog\/wp-content\/uploads\/2011\/07\/lelle7.jpg\"><img aria-describedby=\"caption-attachment-3167\" decoding=\"async\" loading=\"lazy\" class=\"size-medium wp-image-3167\" title=\"lelle7\" src=\"http:\/\/www.quiltingstudio.hu\/blog\/wp-content\/uploads\/2011\/07\/lelle7-300x178.jpg\" alt=\"Fest\u00e9s\" width=\"300\" height=\"178\" srcset=\"http:\/\/www.quiltingstudio.hu\/blog\/wp-content\/uploads\/2011\/07\/lelle7-300x178.jpg 300w, http:\/\/www.quiltingstudio.hu\/blog\/wp-content\/uploads\/2011\/07\/lelle7-1024x609.jpg 1024w, http:\/\/www.quiltingstudio.hu\/blog\/wp-content\/uploads\/2011\/07\/lelle7.jpg 1100w\" sizes=\"(max-width: 300px) 100vw, 300px\" \/><\/a><p id=\"caption-attachment-3167\" class=\"wp-caption-text\">Fest\u00e9s<\/p><\/div>\n<p>M\u00e1snapi technika varr\u00e1s\u00e1r\u00f3l nem k\u00e9sz\u00edtettem k\u00e9pet. \u00dagyis csak az l\u00e1tszott volna, hogy mindenki varr valamit, mint a kisangyal. Sokkal l\u00e1tv\u00e1nyosabb volt, ami ut\u00e1na k\u00f6vetkezett : A FEST\u00c9S!<\/p>\n<p><!--more--><\/p>\n<div id=\"attachment_3168\" style=\"width: 310px\" class=\"wp-caption aligncenter\"><a href=\"http:\/\/www.quiltingstudio.hu\/blog\/wp-content\/uploads\/2011\/07\/lelle8.jpg\"><img aria-describedby=\"caption-attachment-3168\" decoding=\"async\" loading=\"lazy\" class=\"size-medium wp-image-3168\" title=\"lelle8\" src=\"http:\/\/www.quiltingstudio.hu\/blog\/wp-content\/uploads\/2011\/07\/lelle8-300x235.jpg\" alt=\"sz\u00ednek, vir\u00e1gok\" width=\"300\" height=\"235\" srcset=\"http:\/\/www.quiltingstudio.hu\/blog\/wp-content\/uploads\/2011\/07\/lelle8-300x235.jpg 300w, http:\/\/www.quiltingstudio.hu\/blog\/wp-content\/uploads\/2011\/07\/lelle8-1024x803.jpg 1024w, http:\/\/www.quiltingstudio.hu\/blog\/wp-content\/uploads\/2011\/07\/lelle8.jpg 1100w\" sizes=\"(max-width: 300px) 100vw, 300px\" \/><\/a><p id=\"caption-attachment-3168\" class=\"wp-caption-text\">sz\u00ednek, vir\u00e1gok<\/p><\/div>\n<p>M\u00e1r csak sz\u00e1radnia kellett befestett k\u00e9peknek, az id\u0151 t\u00f6k\u00e9letes volt hozz\u00e1, alig tudtuk kiv\u00e1rni, hogy v\u00e9gre elk\u00e9sz\u00fclj\u00f6n. Mindenki l\u00e1tni akarta min\u00e9l el\u0151bb, mit alkotott eg\u00e9sz nap!<\/p>\n<div id=\"attachment_3170\" style=\"width: 310px\" class=\"wp-caption aligncenter\"><a href=\"http:\/\/www.quiltingstudio.hu\/blog\/wp-content\/uploads\/2011\/07\/lelle9.jpg\"><img aria-describedby=\"caption-attachment-3170\" decoding=\"async\" loading=\"lazy\" class=\"size-medium wp-image-3170\" title=\"lelle9\" src=\"http:\/\/www.quiltingstudio.hu\/blog\/wp-content\/uploads\/2011\/07\/lelle9-300x142.jpg\" alt=\"Gy\u00f6ny\u00f6r\u0171 sz\u00ednek\" width=\"300\" height=\"142\" srcset=\"http:\/\/www.quiltingstudio.hu\/blog\/wp-content\/uploads\/2011\/07\/lelle9-300x142.jpg 300w, http:\/\/www.quiltingstudio.hu\/blog\/wp-content\/uploads\/2011\/07\/lelle9-1024x485.jpg 1024w, http:\/\/www.quiltingstudio.hu\/blog\/wp-content\/uploads\/2011\/07\/lelle9.jpg 1100w\" sizes=\"(max-width: 300px) 100vw, 300px\" \/><\/a><p id=\"caption-attachment-3170\" class=\"wp-caption-text\">Gy\u00f6ny\u00f6r\u0171 sz\u00ednek<\/p><\/div>\n<p>Ki mit v\u00e1lasztott, Ildi azt kevert&#8230;<\/p>\n<p>M\u00e1snap egy \u00faj t\u00e9m\u00e1t vett\u00fcnk, evvel is sz\u00e9p dolgokat k\u00e9sz\u00edtettek a l\u00e1nyok.<\/p>\n<div id=\"attachment_3176\" style=\"width: 310px\" class=\"wp-caption aligncenter\"><a href=\"http:\/\/www.quiltingstudio.hu\/blog\/wp-content\/uploads\/2011\/07\/lelle12.jpg\"><img aria-describedby=\"caption-attachment-3176\" decoding=\"async\" loading=\"lazy\" class=\"size-medium wp-image-3176\" title=\"lelle12\" src=\"http:\/\/www.quiltingstudio.hu\/blog\/wp-content\/uploads\/2011\/07\/lelle12-300x227.jpg\" alt=\"R\u00f3zsasz\u00ednben \" width=\"300\" height=\"227\" srcset=\"http:\/\/www.quiltingstudio.hu\/blog\/wp-content\/uploads\/2011\/07\/lelle12-300x227.jpg 300w, http:\/\/www.quiltingstudio.hu\/blog\/wp-content\/uploads\/2011\/07\/lelle12-1024x774.jpg 1024w, http:\/\/www.quiltingstudio.hu\/blog\/wp-content\/uploads\/2011\/07\/lelle12.jpg 1102w\" sizes=\"(max-width: 300px) 100vw, 300px\" \/><\/a><p id=\"caption-attachment-3176\" class=\"wp-caption-text\">R\u00f3zsasz\u00ednben <\/p><\/div>\n<p>Nagyon l\u00e1tv\u00e1nyos k\u00e9pek k\u00e9sz\u00fcltek ezzel a &#8222;free form&#8221; v\u00e1g\u00e1si technik\u00e1val, mind mind egyedi.<\/p>\n<div id=\"attachment_3177\" style=\"width: 226px\" class=\"wp-caption aligncenter\"><a href=\"http:\/\/www.quiltingstudio.hu\/blog\/wp-content\/uploads\/2011\/07\/lelle13.jpg\"><img aria-describedby=\"caption-attachment-3177\" decoding=\"async\" loading=\"lazy\" class=\"size-medium wp-image-3177\" title=\"lelle13\" src=\"http:\/\/www.quiltingstudio.hu\/blog\/wp-content\/uploads\/2011\/07\/lelle13-216x300.jpg\" alt=\"majdnem k\u00e9szen\" width=\"216\" height=\"300\" srcset=\"http:\/\/www.quiltingstudio.hu\/blog\/wp-content\/uploads\/2011\/07\/lelle13-216x300.jpg 216w, http:\/\/www.quiltingstudio.hu\/blog\/wp-content\/uploads\/2011\/07\/lelle13-738x1024.jpg 738w, http:\/\/www.quiltingstudio.hu\/blog\/wp-content\/uploads\/2011\/07\/lelle13.jpg 1102w\" sizes=\"(max-width: 216px) 100vw, 216px\" \/><\/a><p id=\"caption-attachment-3177\" class=\"wp-caption-text\">majdnem k\u00e9szen<\/p><\/div>\n<p>M\u00e1r csak a d\u00edsz\u00edt\u00e9s, az applik\u00e1ci\u00f3 hi\u00e1nyzik itt-ott.<\/p>\n<div id=\"attachment_3178\" style=\"width: 310px\" class=\"wp-caption aligncenter\"><a href=\"http:\/\/www.quiltingstudio.hu\/blog\/wp-content\/uploads\/2011\/07\/lelle14.jpg\"><img aria-describedby=\"caption-attachment-3178\" decoding=\"async\" loading=\"lazy\" class=\"size-medium wp-image-3178\" title=\"lelle14\" src=\"http:\/\/www.quiltingstudio.hu\/blog\/wp-content\/uploads\/2011\/07\/lelle14-300x252.jpg\" alt=\"applik\u00e1ci\u00f3\" width=\"300\" height=\"252\" srcset=\"http:\/\/www.quiltingstudio.hu\/blog\/wp-content\/uploads\/2011\/07\/lelle14-300x252.jpg 300w, http:\/\/www.quiltingstudio.hu\/blog\/wp-content\/uploads\/2011\/07\/lelle14-1024x863.jpg 1024w, http:\/\/www.quiltingstudio.hu\/blog\/wp-content\/uploads\/2011\/07\/lelle14.jpg 1102w\" sizes=\"(max-width: 300px) 100vw, 300px\" \/><\/a><p id=\"caption-attachment-3178\" class=\"wp-caption-text\">applik\u00e1ci\u00f3<\/p><\/div>\n<p>Az utols\u00f3 napra m\u00e1r nem sok energia maradt, de az\u00e9rt megpr\u00f3b\u00e1lkoztunk egy ford\u00edtott applik\u00e1ci\u00f3val. Sok el is k\u00e9sz\u00fclt m\u00e9g ott, de elfelejtettem r\u00f3la k\u00e9pet k\u00e9sz\u00edteni. Err\u0151l a b\u00e9k\u00e1r\u00f3l m\u00e1r csak a d\u00edsz\u00edt\u0151 szat\u00e9n \u00f6lt\u00e9s hi\u00e1nyzik a sz\u00e9lekr\u0151l.<\/p>\n","protected":false},"excerpt":{"rendered":"<p>M\u00e1snapi technika varr\u00e1s\u00e1r\u00f3l nem k\u00e9sz\u00edtettem k\u00e9pet. \u00dagyis csak az l\u00e1tszott volna, hogy mindenki varr valamit, mint a kisangyal. Sokkal l\u00e1tv\u00e1nyosabb volt, ami ut\u00e1na k\u00f6vetkezett : A FEST\u00c9S!<\/p>\n","protected":false},"author":1,"featured_media":0,"comment_status":"open","ping_status":"closed","sticky":false,"template":"","format":"standard","meta":[],"categories":[3],"tags":[],"aioseo_notices":[],"views":2032,"_links":{"self":[{"href":"http:\/\/www.quiltingstudio.hu\/blog\/index.php?rest_route=\/wp\/v2\/posts\/3166"}],"collection":[{"href":"http:\/\/www.quiltingstudio.hu\/blog\/index.php?rest_route=\/wp\/v2\/posts"}],"about":[{"href":"http:\/\/www.quiltingstudio.hu\/blog\/index.php?rest_route=\/wp\/v2\/types\/post"}],"author":[{"embeddable":true,"href":"http:\/\/www.quiltingstudio.hu\/blog\/index.php?rest_route=\/wp\/v2\/users\/1"}],"replies":[{"embeddable":true,"href":"http:\/\/www.quiltingstudio.hu\/blog\/index.php?rest_route=%2Fwp%2Fv2%2Fcomments&post=3166"}],"version-history":[{"count":6,"href":"http:\/\/www.quiltingstudio.hu\/blog\/index.php?rest_route=\/wp\/v2\/posts\/3166\/revisions"}],"predecessor-version":[{"id":3185,"href":"http:\/\/www.quiltingstudio.hu\/blog\/index.php?rest_route=\/wp\/v2\/posts\/3166\/revisions\/3185"}],"wp:attachment":[{"href":"http:\/\/www.quiltingstudio.hu\/blog\/index.php?rest_route=%2Fwp%2Fv2%2Fmedia&parent=3166"}],"wp:term":[{"taxonomy":"category","embeddable":true,"href":"http:\/\/www.quiltingstudio.hu\/blog\/index.php?rest_route=%2Fwp%2Fv2%2Fcategories&post=3166"},{"taxonomy":"post_tag","embeddable":true,"href":"http:\/\/www.quiltingstudio.hu\/blog\/index.php?rest_route=%2Fwp%2Fv2%2Ftags&post=3166"}],"curies":[{"name":"wp","href":"https:\/\/api.w.org\/{rel}","templated":true}]}}