{"id":3186,"date":"2011-08-04T10:55:22","date_gmt":"2011-08-04T08:55:22","guid":{"rendered":"http:\/\/www.quiltingstudio.hu\/blog\/?p=3186"},"modified":"2011-08-04T10:55:22","modified_gmt":"2011-08-04T08:55:22","slug":"lindenbrunn","status":"publish","type":"post","link":"http:\/\/www.quiltingstudio.hu\/blog\/?p=3186","title":{"rendered":"Lindenbrunn&#8230;"},"content":{"rendered":"<p>azaz H\u00e1rsk\u00fat. Elvonultunk ide a vil\u00e1g v\u00e9g\u00e9re egy kicsit varrogatni.<\/p>\n<p>A c\u00e9l egy takar\u00f3 varr\u00e1sa volt. Aki m\u00e1r pr\u00f3b\u00e1lta tudja, hogy nem kis feladat. M\u00e9g akkor sem, ha a legegyszer\u0171bb\u00a0 technik\u00e1t v\u00e1lasztjuk hozz\u00e1.\u00a0Mi a Bento-box mint\u00e1t varrtuk meg, t\u00f6bbf\u00e9le vari\u00e1ci\u00f3 k\u00e9sz\u00fclt bel\u0151le.<\/p>\n<div id=\"attachment_3187\" style=\"width: 310px\" class=\"wp-caption aligncenter\"><a href=\"http:\/\/www.quiltingstudio.hu\/blog\/wp-content\/uploads\/2011\/08\/erzsie.jpg\"><img aria-describedby=\"caption-attachment-3187\" decoding=\"async\" loading=\"lazy\" class=\"size-medium wp-image-3187\" title=\"erzsie\" src=\"http:\/\/www.quiltingstudio.hu\/blog\/wp-content\/uploads\/2011\/08\/erzsie-300x172.jpg\" alt=\"fekete- narancs verzi\u00f3\" width=\"300\" height=\"172\" srcset=\"http:\/\/www.quiltingstudio.hu\/blog\/wp-content\/uploads\/2011\/08\/erzsie-300x172.jpg 300w, http:\/\/www.quiltingstudio.hu\/blog\/wp-content\/uploads\/2011\/08\/erzsie-1024x589.jpg 1024w, http:\/\/www.quiltingstudio.hu\/blog\/wp-content\/uploads\/2011\/08\/erzsie.jpg 1100w\" sizes=\"(max-width: 300px) 100vw, 300px\" \/><\/a><p id=\"caption-attachment-3187\" class=\"wp-caption-text\">fekete- narancs verzi\u00f3<\/p><\/div>\n<p><!--more-->Ugyanez a sz\u00edn\u00f6ssze\u00e1ll\u00edt\u00e1s, ha m\u00e1sk\u00e9pp rakjuk \u00f6ssze a blokkokat:<\/p>\n<div id=\"attachment_3188\" style=\"width: 310px\" class=\"wp-caption aligncenter\"><a href=\"http:\/\/www.quiltingstudio.hu\/blog\/wp-content\/uploads\/2011\/08\/erzsie2.jpg\"><img aria-describedby=\"caption-attachment-3188\" decoding=\"async\" loading=\"lazy\" class=\"size-medium wp-image-3188\" title=\"erzsie2\" src=\"http:\/\/www.quiltingstudio.hu\/blog\/wp-content\/uploads\/2011\/08\/erzsie2-300x168.jpg\" alt=\"vagy \u00edgy\" width=\"300\" height=\"168\" srcset=\"http:\/\/www.quiltingstudio.hu\/blog\/wp-content\/uploads\/2011\/08\/erzsie2-300x168.jpg 300w, http:\/\/www.quiltingstudio.hu\/blog\/wp-content\/uploads\/2011\/08\/erzsie2-1024x575.jpg 1024w, http:\/\/www.quiltingstudio.hu\/blog\/wp-content\/uploads\/2011\/08\/erzsie2.jpg 1099w\" sizes=\"(max-width: 300px) 100vw, 300px\" \/><\/a><p id=\"caption-attachment-3188\" class=\"wp-caption-text\">vagy \u00edgy<\/p><\/div>\n<p>Ez is nagyon\u00a0 l\u00e1tv\u00e1nyos. Hirtelen nem tudtuk eld\u00f6nteni, melyik legyen.<\/p>\n<div id=\"attachment_3189\" style=\"width: 310px\" class=\"wp-caption aligncenter\"><a href=\"http:\/\/www.quiltingstudio.hu\/blog\/wp-content\/uploads\/2011\/08\/timie.jpg\"><img aria-describedby=\"caption-attachment-3189\" decoding=\"async\" loading=\"lazy\" class=\"size-medium wp-image-3189\" title=\"timie\" src=\"http:\/\/www.quiltingstudio.hu\/blog\/wp-content\/uploads\/2011\/08\/timie-300x230.jpg\" alt=\"barna-z\u00f6ld v\u00e1ltozat\" width=\"300\" height=\"230\" srcset=\"http:\/\/www.quiltingstudio.hu\/blog\/wp-content\/uploads\/2011\/08\/timie-300x230.jpg 300w, http:\/\/www.quiltingstudio.hu\/blog\/wp-content\/uploads\/2011\/08\/timie-1024x787.jpg 1024w, http:\/\/www.quiltingstudio.hu\/blog\/wp-content\/uploads\/2011\/08\/timie.jpg 1100w\" sizes=\"(max-width: 300px) 100vw, 300px\" \/><\/a><p id=\"caption-attachment-3189\" class=\"wp-caption-text\">barna-z\u00f6ld v\u00e1ltozat<\/p><\/div>\n<p>Itt a gond az volt, hogy menet k\u00f6zben az egyik sz\u00edn elfogyott. Kicsit t\u00f6bbet kellett rajta gondolkodni, de ez is nagyon kellemes \u00f6ssze\u00e1ll\u00edt\u00e1s.<\/p>\n<div id=\"attachment_3190\" style=\"width: 310px\" class=\"wp-caption aligncenter\"><a href=\"http:\/\/www.quiltingstudio.hu\/blog\/wp-content\/uploads\/2011\/08\/katie.jpg\"><img aria-describedby=\"caption-attachment-3190\" decoding=\"async\" loading=\"lazy\" class=\"size-medium wp-image-3190\" title=\"katie\" src=\"http:\/\/www.quiltingstudio.hu\/blog\/wp-content\/uploads\/2011\/08\/katie-300x168.jpg\" alt=\"Lil\u00e1kb\u00f3l\" width=\"300\" height=\"168\" srcset=\"http:\/\/www.quiltingstudio.hu\/blog\/wp-content\/uploads\/2011\/08\/katie-300x168.jpg 300w, http:\/\/www.quiltingstudio.hu\/blog\/wp-content\/uploads\/2011\/08\/katie-1024x576.jpg 1024w, http:\/\/www.quiltingstudio.hu\/blog\/wp-content\/uploads\/2011\/08\/katie.jpg 1100w\" sizes=\"(max-width: 300px) 100vw, 300px\" \/><\/a><p id=\"caption-attachment-3190\" class=\"wp-caption-text\">Lil\u00e1kb\u00f3l<\/p><\/div>\n<p>K\u00e9sz\u00fclt egy csodasz\u00e9p lila takar\u00f3 is. Persze m\u00e9g kapott egy keretet k\u00e9s\u0151bb, szint\u00e9n lil\u00e1t.<\/p>\n<div id=\"attachment_3191\" style=\"width: 246px\" class=\"wp-caption aligncenter\"><a href=\"http:\/\/www.quiltingstudio.hu\/blog\/wp-content\/uploads\/2011\/08\/evae.jpg\"><img aria-describedby=\"caption-attachment-3191\" decoding=\"async\" loading=\"lazy\" class=\"size-medium wp-image-3191\" title=\"evae\" src=\"http:\/\/www.quiltingstudio.hu\/blog\/wp-content\/uploads\/2011\/08\/evae-236x300.jpg\" alt=\"halv\u00e1ny lil\u00e1kb\u00f3l\" width=\"236\" height=\"300\" srcset=\"http:\/\/www.quiltingstudio.hu\/blog\/wp-content\/uploads\/2011\/08\/evae-236x300.jpg 236w, http:\/\/www.quiltingstudio.hu\/blog\/wp-content\/uploads\/2011\/08\/evae-806x1024.jpg 806w, http:\/\/www.quiltingstudio.hu\/blog\/wp-content\/uploads\/2011\/08\/evae.jpg 1100w\" sizes=\"(max-width: 236px) 100vw, 236px\" \/><\/a><p id=\"caption-attachment-3191\" class=\"wp-caption-text\">halv\u00e1ny lil\u00e1kb\u00f3l<\/p><\/div>\n<p>Eg\u00e9szen m\u00e1s lett, ugyanez a technika egy ilyen halv\u00e1ny lila \u00f6ssze\u00e1ll\u00edt\u00e1sban, tele &#8216;illatos&#8217; levendul\u00e1kkal.<\/p>\n<div id=\"attachment_3198\" style=\"width: 209px\" class=\"wp-caption aligncenter\"><a href=\"http:\/\/www.quiltingstudio.hu\/blog\/wp-content\/uploads\/2011\/08\/gabie.jpg\"><img aria-describedby=\"caption-attachment-3198\" decoding=\"async\" loading=\"lazy\" class=\"size-medium wp-image-3198\" title=\"gabie\" src=\"http:\/\/www.quiltingstudio.hu\/blog\/wp-content\/uploads\/2011\/08\/gabie-199x300.jpg\" alt=\"Keretezve\" width=\"199\" height=\"300\" srcset=\"http:\/\/www.quiltingstudio.hu\/blog\/wp-content\/uploads\/2011\/08\/gabie-199x300.jpg 199w, http:\/\/www.quiltingstudio.hu\/blog\/wp-content\/uploads\/2011\/08\/gabie.jpg 319w\" sizes=\"(max-width: 199px) 100vw, 199px\" \/><\/a><p id=\"caption-attachment-3198\" class=\"wp-caption-text\">Keretezve<\/p><\/div>\n<p>Ez a k\u00e9p m\u00e1r otthon k\u00e9sz\u00fclt err\u0151l a takar\u00f3r\u00f3l, az\u00f3ta elk\u00e9sz\u00fclt a keretez\u00e9se is. K\u00edv\u00e1ncsian v\u00e1rom a t\u0171z\u00e9s\u00e9t&#8230;<\/p>\n<p>\u00c9s a kakukk toj\u00e1s:<\/p>\n<div id=\"attachment_3192\" style=\"width: 248px\" class=\"wp-caption aligncenter\"><a href=\"http:\/\/www.quiltingstudio.hu\/blog\/wp-content\/uploads\/2011\/08\/berzsie.jpg\"><img aria-describedby=\"caption-attachment-3192\" decoding=\"async\" loading=\"lazy\" class=\"size-medium wp-image-3192\" title=\"berzsie\" src=\"http:\/\/www.quiltingstudio.hu\/blog\/wp-content\/uploads\/2011\/08\/berzsie-238x300.jpg\" alt=\"vegyes pasztel sz\u00ednek\" width=\"238\" height=\"300\" srcset=\"http:\/\/www.quiltingstudio.hu\/blog\/wp-content\/uploads\/2011\/08\/berzsie-238x300.jpg 238w, http:\/\/www.quiltingstudio.hu\/blog\/wp-content\/uploads\/2011\/08\/berzsie-815x1024.jpg 815w, http:\/\/www.quiltingstudio.hu\/blog\/wp-content\/uploads\/2011\/08\/berzsie.jpg 1099w\" sizes=\"(max-width: 238px) 100vw, 238px\" \/><\/a><p id=\"caption-attachment-3192\" class=\"wp-caption-text\">vegyes pasztell sz\u00ednek<\/p><\/div>\n<p>\u0150 nem a bento-box mint\u00e1t haszn\u00e1lta. De ha elk\u00e9sz\u00fcl, biztosan egy nagyon sz\u00e9p \u00e9s kellemes takar\u00f3 kerekedik bel\u0151le.<\/p>\n<p>Ebb\u0151l a kis felsorol\u00e1sb\u00f3l m\u00e1r csak az eny\u00e9m hi\u00e1nyzik.<\/p>\n<p>Az \u00e9n takar\u00f3mr\u00f3l nem nagyon k\u00e9sz\u00fclt k\u00e9p, \u00e9s m\u00e1r nem is lesz t\u00f6bb enn\u00e9l.<\/p>\n<div id=\"attachment_3195\" style=\"width: 310px\" class=\"wp-caption aligncenter\"><a href=\"http:\/\/www.quiltingstudio.hu\/blog\/wp-content\/uploads\/2011\/08\/barnasarga.jpg\"><img aria-describedby=\"caption-attachment-3195\" decoding=\"async\" loading=\"lazy\" class=\"size-medium wp-image-3195\" title=\"barnasarga\" src=\"http:\/\/www.quiltingstudio.hu\/blog\/wp-content\/uploads\/2011\/08\/barnasarga-300x195.jpg\" alt=\"menet k\u00f6zben\" width=\"300\" height=\"195\" srcset=\"http:\/\/www.quiltingstudio.hu\/blog\/wp-content\/uploads\/2011\/08\/barnasarga-300x195.jpg 300w, http:\/\/www.quiltingstudio.hu\/blog\/wp-content\/uploads\/2011\/08\/barnasarga-1024x665.jpg 1024w, http:\/\/www.quiltingstudio.hu\/blog\/wp-content\/uploads\/2011\/08\/barnasarga.jpg 1103w\" sizes=\"(max-width: 300px) 100vw, 300px\" \/><\/a><p id=\"caption-attachment-3195\" class=\"wp-caption-text\">menet k\u00f6zben<\/p><\/div>\n<p>Kisl\u00e1nyom m\u00e1r birtokba is vette. De szerencs\u00e9re, el\u0151tte m\u00e9g volt alkalmam egy k\u00e9t k\u00e9pet k\u00e9sz\u00edteni r\u00f3la. (<em>amikor m\u00e9g azt hitt\u00fck, milyen j\u00f3 kis t\u00e9v\u00e9n\u00e9z\u0151s takar\u00f3nk lesz&#8230;:o)))<\/em><\/p>\n<p><em><\/p>\n<div id=\"attachment_3200\" style=\"width: 310px\" class=\"wp-caption aligncenter\"><em><a href=\"http:\/\/www.quiltingstudio.hu\/blog\/wp-content\/uploads\/2011\/08\/takaro.jpg\"><img aria-describedby=\"caption-attachment-3200\" decoding=\"async\" loading=\"lazy\" class=\"size-medium wp-image-3200\" title=\"takaro\" src=\"http:\/\/www.quiltingstudio.hu\/blog\/wp-content\/uploads\/2011\/08\/takaro-300x185.jpg\" alt=\"h\u00e1t ilyen lett...\" width=\"300\" height=\"185\" srcset=\"http:\/\/www.quiltingstudio.hu\/blog\/wp-content\/uploads\/2011\/08\/takaro-300x185.jpg 300w, http:\/\/www.quiltingstudio.hu\/blog\/wp-content\/uploads\/2011\/08\/takaro-1024x633.jpg 1024w, http:\/\/www.quiltingstudio.hu\/blog\/wp-content\/uploads\/2011\/08\/takaro.jpg 1102w\" sizes=\"(max-width: 300px) 100vw, 300px\" \/><\/a><\/em><p id=\"caption-attachment-3200\" class=\"wp-caption-text\">h\u00e1t ilyen lett...<\/p><\/div>\n<p><\/em>ilyen naps\u00fct\u00e9ses.<em><br \/>\n<\/em><\/p>\n","protected":false},"excerpt":{"rendered":"<p>azaz H\u00e1rsk\u00fat. Elvonultunk ide a vil\u00e1g v\u00e9g\u00e9re egy kicsit varrogatni. A c\u00e9l egy takar\u00f3 varr\u00e1sa volt. Aki m\u00e1r pr\u00f3b\u00e1lta tudja, hogy nem kis feladat. M\u00e9g akkor sem, ha a legegyszer\u0171bb\u00a0 technik\u00e1t v\u00e1lasztjuk hozz\u00e1.\u00a0Mi a Bento-box mint\u00e1t varrtuk meg, t\u00f6bbf\u00e9le vari\u00e1ci\u00f3 k\u00e9sz\u00fclt bel\u0151le.<\/p>\n","protected":false},"author":1,"featured_media":0,"comment_status":"open","ping_status":"closed","sticky":false,"template":"","format":"standard","meta":[],"categories":[3],"tags":[],"aioseo_notices":[],"views":2672,"_links":{"self":[{"href":"http:\/\/www.quiltingstudio.hu\/blog\/index.php?rest_route=\/wp\/v2\/posts\/3186"}],"collection":[{"href":"http:\/\/www.quiltingstudio.hu\/blog\/index.php?rest_route=\/wp\/v2\/posts"}],"about":[{"href":"http:\/\/www.quiltingstudio.hu\/blog\/index.php?rest_route=\/wp\/v2\/types\/post"}],"author":[{"embeddable":true,"href":"http:\/\/www.quiltingstudio.hu\/blog\/index.php?rest_route=\/wp\/v2\/users\/1"}],"replies":[{"embeddable":true,"href":"http:\/\/www.quiltingstudio.hu\/blog\/index.php?rest_route=%2Fwp%2Fv2%2Fcomments&post=3186"}],"version-history":[{"count":8,"href":"http:\/\/www.quiltingstudio.hu\/blog\/index.php?rest_route=\/wp\/v2\/posts\/3186\/revisions"}],"predecessor-version":[{"id":3203,"href":"http:\/\/www.quiltingstudio.hu\/blog\/index.php?rest_route=\/wp\/v2\/posts\/3186\/revisions\/3203"}],"wp:attachment":[{"href":"http:\/\/www.quiltingstudio.hu\/blog\/index.php?rest_route=%2Fwp%2Fv2%2Fmedia&parent=3186"}],"wp:term":[{"taxonomy":"category","embeddable":true,"href":"http:\/\/www.quiltingstudio.hu\/blog\/index.php?rest_route=%2Fwp%2Fv2%2Fcategories&post=3186"},{"taxonomy":"post_tag","embeddable":true,"href":"http:\/\/www.quiltingstudio.hu\/blog\/index.php?rest_route=%2Fwp%2Fv2%2Ftags&post=3186"}],"curies":[{"name":"wp","href":"https:\/\/api.w.org\/{rel}","templated":true}]}}