{"id":3204,"date":"2011-08-05T08:29:41","date_gmt":"2011-08-05T06:29:41","guid":{"rendered":"http:\/\/www.quiltingstudio.hu\/blog\/?p=3204"},"modified":"2011-08-10T16:55:37","modified_gmt":"2011-08-10T14:55:37","slug":"swap-2011-3","status":"publish","type":"post","link":"http:\/\/www.quiltingstudio.hu\/blog\/?p=3204","title":{"rendered":"SWAP 2011&#8230;"},"content":{"rendered":"<p>avagy \u00fajabb blokk D\u00e9l-Afrik\u00e1b\u00f3l.<\/p>\n<div id=\"attachment_3205\" style=\"width: 310px\" class=\"wp-caption aligncenter\"><a href=\"http:\/\/www.quiltingstudio.hu\/blog\/wp-content\/uploads\/2011\/08\/magdablock.jpg\"><img aria-describedby=\"caption-attachment-3205\" decoding=\"async\" loading=\"lazy\" class=\"size-medium wp-image-3205\" title=\"magdablock\" src=\"http:\/\/www.quiltingstudio.hu\/blog\/wp-content\/uploads\/2011\/08\/magdablock-300x287.jpg\" alt=\"Van Gogh egy korai festm\u00e9nye alapj\u00e1n\" width=\"300\" height=\"287\" srcset=\"http:\/\/www.quiltingstudio.hu\/blog\/wp-content\/uploads\/2011\/08\/magdablock-300x287.jpg 300w, http:\/\/www.quiltingstudio.hu\/blog\/wp-content\/uploads\/2011\/08\/magdablock-1024x982.jpg 1024w, http:\/\/www.quiltingstudio.hu\/blog\/wp-content\/uploads\/2011\/08\/magdablock.jpg 1103w\" sizes=\"(max-width: 300px) 100vw, 300px\" \/><\/a><p id=\"caption-attachment-3205\" class=\"wp-caption-text\">Van Gogh egy korai festm\u00e9nye alapj\u00e1n<\/p><\/div>\n<p>Noriko Endo technik\u00e1j\u00e1val k\u00e9sz\u00fclt.<\/p>\n<p>Egyre jobban \u00f6r\u00fcl\u00f6k, hogy r\u00e9szt vettem ebben a cser\u00e9ben! :o)))<\/p>\n","protected":false},"excerpt":{"rendered":"<p>avagy \u00fajabb blokk D\u00e9l-Afrik\u00e1b\u00f3l. Noriko Endo technik\u00e1j\u00e1val k\u00e9sz\u00fclt. Egyre jobban \u00f6r\u00fcl\u00f6k, hogy r\u00e9szt vettem ebben a cser\u00e9ben! :o)))<\/p>\n","protected":false},"author":1,"featured_media":0,"comment_status":"open","ping_status":"closed","sticky":false,"template":"","format":"standard","meta":[],"categories":[14],"tags":[],"aioseo_notices":[],"views":2146,"_links":{"self":[{"href":"http:\/\/www.quiltingstudio.hu\/blog\/index.php?rest_route=\/wp\/v2\/posts\/3204"}],"collection":[{"href":"http:\/\/www.quiltingstudio.hu\/blog\/index.php?rest_route=\/wp\/v2\/posts"}],"about":[{"href":"http:\/\/www.quiltingstudio.hu\/blog\/index.php?rest_route=\/wp\/v2\/types\/post"}],"author":[{"embeddable":true,"href":"http:\/\/www.quiltingstudio.hu\/blog\/index.php?rest_route=\/wp\/v2\/users\/1"}],"replies":[{"embeddable":true,"href":"http:\/\/www.quiltingstudio.hu\/blog\/index.php?rest_route=%2Fwp%2Fv2%2Fcomments&post=3204"}],"version-history":[{"count":5,"href":"http:\/\/www.quiltingstudio.hu\/blog\/index.php?rest_route=\/wp\/v2\/posts\/3204\/revisions"}],"predecessor-version":[{"id":3210,"href":"http:\/\/www.quiltingstudio.hu\/blog\/index.php?rest_route=\/wp\/v2\/posts\/3204\/revisions\/3210"}],"wp:attachment":[{"href":"http:\/\/www.quiltingstudio.hu\/blog\/index.php?rest_route=%2Fwp%2Fv2%2Fmedia&parent=3204"}],"wp:term":[{"taxonomy":"category","embeddable":true,"href":"http:\/\/www.quiltingstudio.hu\/blog\/index.php?rest_route=%2Fwp%2Fv2%2Fcategories&post=3204"},{"taxonomy":"post_tag","embeddable":true,"href":"http:\/\/www.quiltingstudio.hu\/blog\/index.php?rest_route=%2Fwp%2Fv2%2Ftags&post=3204"}],"curies":[{"name":"wp","href":"https:\/\/api.w.org\/{rel}","templated":true}]}}