{"id":3211,"date":"2011-08-25T09:09:10","date_gmt":"2011-08-25T07:09:10","guid":{"rendered":"http:\/\/www.quiltingstudio.hu\/blog\/?p=3211"},"modified":"2011-08-25T09:42:46","modified_gmt":"2011-08-25T07:42:46","slug":"most-nyilnak","status":"publish","type":"post","link":"http:\/\/www.quiltingstudio.hu\/blog\/?p=3211","title":{"rendered":"Most ny\u00edlnak&#8230;"},"content":{"rendered":"<div id=\"attachment_3212\" style=\"width: 234px\" class=\"wp-caption aligncenter\"><a href=\"http:\/\/www.quiltingstudio.hu\/blog\/wp-content\/uploads\/2011\/08\/rozsaszinorchidea.jpg\"><img aria-describedby=\"caption-attachment-3212\" decoding=\"async\" loading=\"lazy\" class=\"size-medium wp-image-3212\" title=\"rozsaszinorchidea\" src=\"http:\/\/www.quiltingstudio.hu\/blog\/wp-content\/uploads\/2011\/08\/rozsaszinorchidea-224x300.jpg\" alt=\"kock\u00e1s\" width=\"224\" height=\"300\" srcset=\"http:\/\/www.quiltingstudio.hu\/blog\/wp-content\/uploads\/2011\/08\/rozsaszinorchidea-224x300.jpg 224w, http:\/\/www.quiltingstudio.hu\/blog\/wp-content\/uploads\/2011\/08\/rozsaszinorchidea-767x1024.jpg 767w, http:\/\/www.quiltingstudio.hu\/blog\/wp-content\/uploads\/2011\/08\/rozsaszinorchidea.jpg 1100w\" sizes=\"(max-width: 224px) 100vw, 224px\" \/><\/a><p id=\"caption-attachment-3212\" class=\"wp-caption-text\">R\u00f3zsasz\u00edn kock\u00e1s<\/p><\/div>\n<p>A kor\u00e1bbi bejegyz\u00e9semben bemutatott &#8222;r\u00f3zsasz\u00edn \u00f6z\u00f6n&#8221; mellett ny\u00edlnak ezek is. Ez a kock\u00e1snak titul\u00e1lt egy \u00faj beszerz\u00e9s. L\u00e1that\u00f3an j\u00f3l \u00e9rzi mag\u00e1t, a kezdeti 3 vir\u00e1g mell\u00e9 nyitogatja a t\u00f6bbit is.<!--more--><\/p>\n<div id=\"attachment_3213\" style=\"width: 234px\" class=\"wp-caption aligncenter\"><a href=\"http:\/\/www.quiltingstudio.hu\/blog\/wp-content\/uploads\/2011\/08\/rozsaszin-papucsorchidea.jpg\"><img aria-describedby=\"caption-attachment-3213\" decoding=\"async\" loading=\"lazy\" class=\"size-medium wp-image-3213\" title=\"rozsaszin-papucsorchidea\" src=\"http:\/\/www.quiltingstudio.hu\/blog\/wp-content\/uploads\/2011\/08\/rozsaszin-papucsorchidea-224x300.jpg\" alt=\"mmm\" width=\"224\" height=\"300\" srcset=\"http:\/\/www.quiltingstudio.hu\/blog\/wp-content\/uploads\/2011\/08\/rozsaszin-papucsorchidea-224x300.jpg 224w, http:\/\/www.quiltingstudio.hu\/blog\/wp-content\/uploads\/2011\/08\/rozsaszin-papucsorchidea-767x1024.jpg 767w, http:\/\/www.quiltingstudio.hu\/blog\/wp-content\/uploads\/2011\/08\/rozsaszin-papucsorchidea.jpg 1100w\" sizes=\"(max-width: 224px) 100vw, 224px\" \/><\/a><p id=\"caption-attachment-3213\" class=\"wp-caption-text\">R\u00f3zsasz\u00edn\u0171 Paphilopedilum<\/p><\/div>\n<p>Milyen j\u00f3, hogy a blogban id\u0151nk\u00e9nt felteszek k\u00e9peket. \u00c9n is meglepetten tapasztaltam, hogy ez a n\u00f6v\u00e9ny az id\u00e9n m\u00e1r m\u00e1sodszor vir\u00e1gzik. (lsd janu\u00e1r ) Azon izgulok, hogy (cimbor\u00e1ja, egy szint\u00e9n Paphilopedilum, csak z\u00f6ld-feh\u00e9r v\u00e1ltozat)\u00a0 megv\u00e1rja, m\u00edg a m\u00e1sik is kiny\u00edlik. Olyan sz\u00e9pek lenn\u00e9nek egy\u00fctt!<\/p>\n<div id=\"attachment_3214\" style=\"width: 310px\" class=\"wp-caption aligncenter\"><a href=\"http:\/\/www.quiltingstudio.hu\/blog\/wp-content\/uploads\/2011\/08\/gigantfeher.jpg\"><img aria-describedby=\"caption-attachment-3214\" decoding=\"async\" loading=\"lazy\" class=\"size-medium wp-image-3214\" title=\"gigantfeher\" src=\"http:\/\/www.quiltingstudio.hu\/blog\/wp-content\/uploads\/2011\/08\/gigantfeher-300x224.jpg\" alt=\"nagy feh\u00e9r\" width=\"300\" height=\"224\" srcset=\"http:\/\/www.quiltingstudio.hu\/blog\/wp-content\/uploads\/2011\/08\/gigantfeher-300x224.jpg 300w, http:\/\/www.quiltingstudio.hu\/blog\/wp-content\/uploads\/2011\/08\/gigantfeher-1024x768.jpg 1024w, http:\/\/www.quiltingstudio.hu\/blog\/wp-content\/uploads\/2011\/08\/gigantfeher.jpg 1100w\" sizes=\"(max-width: 300px) 100vw, 300px\" \/><\/a><p id=\"caption-attachment-3214\" class=\"wp-caption-text\">A nagy feh\u00e9r \u00f3ri\u00e1s<\/p><\/div>\n<p>Benn\u00fck lehet b\u00edzni, \u00e9vente 1x vagy 2x kiny\u00edlnak. Igaz csak 1 sz\u00e1ron hozza a vir\u00e1gokat, de azok hatalmasak. M\u00e1r 3 vir\u00e1got\u00a0 kinyitott. \u00c9rdemes lenne mell\u00e9tenni a minit, j\u00f3l \u00e9rz\u00e9kelhet\u0151 lenne a k\u00fcl\u00f6nbs\u00e9g.<\/p>\n<div id=\"attachment_3221\" style=\"width: 246px\" class=\"wp-caption aligncenter\"><a href=\"http:\/\/www.quiltingstudio.hu\/blog\/wp-content\/uploads\/2011\/08\/kekviragu1.jpg\"><img aria-describedby=\"caption-attachment-3221\" decoding=\"async\" loading=\"lazy\" class=\"size-medium wp-image-3221\" title=\"kekviragu1\" src=\"http:\/\/www.quiltingstudio.hu\/blog\/wp-content\/uploads\/2011\/08\/kekviragu1-236x300.jpg\" alt=\"Na mi ez?\" width=\"236\" height=\"300\" srcset=\"http:\/\/www.quiltingstudio.hu\/blog\/wp-content\/uploads\/2011\/08\/kekviragu1-236x300.jpg 236w, http:\/\/www.quiltingstudio.hu\/blog\/wp-content\/uploads\/2011\/08\/kekviragu1-806x1024.jpg 806w, http:\/\/www.quiltingstudio.hu\/blog\/wp-content\/uploads\/2011\/08\/kekviragu1.jpg 1100w\" sizes=\"(max-width: 236px) 100vw, 236px\" \/><\/a><p id=\"caption-attachment-3221\" class=\"wp-caption-text\">Na mi ez?<\/p><\/div>\n<p>\u00c9s a kakukktoj\u00e1s : ismeritek ezt a n\u00f6v\u00e9nyt? Ilyen, mikor vir\u00e1gzik. Nagyon \u00e9rdekes&#8230;csak k\u00edv\u00e1ncsis\u00e1gb\u00f3l vetett\u00fck el\u00a0 magokat. Nem sz\u00e1m\u00edtottam r\u00e1, hogy ilyen izgalmas vir\u00e1ga lesz.<\/p>\n<p>Megfejt\u00e9s:<em><span style=\"text-decoration: line-through;\"> borr\u00e1g\u00f3<\/span><\/em><\/p>\n","protected":false},"excerpt":{"rendered":"<p>A kor\u00e1bbi bejegyz\u00e9semben bemutatott &#8222;r\u00f3zsasz\u00edn \u00f6z\u00f6n&#8221; mellett ny\u00edlnak ezek is. Ez a kock\u00e1snak titul\u00e1lt egy \u00faj beszerz\u00e9s. L\u00e1that\u00f3an j\u00f3l \u00e9rzi mag\u00e1t, a kezdeti 3 vir\u00e1g mell\u00e9 nyitogatja a t\u00f6bbit is.<\/p>\n","protected":false},"author":1,"featured_media":0,"comment_status":"open","ping_status":"closed","sticky":false,"template":"","format":"standard","meta":[],"categories":[8],"tags":[],"aioseo_notices":[],"views":2077,"_links":{"self":[{"href":"http:\/\/www.quiltingstudio.hu\/blog\/index.php?rest_route=\/wp\/v2\/posts\/3211"}],"collection":[{"href":"http:\/\/www.quiltingstudio.hu\/blog\/index.php?rest_route=\/wp\/v2\/posts"}],"about":[{"href":"http:\/\/www.quiltingstudio.hu\/blog\/index.php?rest_route=\/wp\/v2\/types\/post"}],"author":[{"embeddable":true,"href":"http:\/\/www.quiltingstudio.hu\/blog\/index.php?rest_route=\/wp\/v2\/users\/1"}],"replies":[{"embeddable":true,"href":"http:\/\/www.quiltingstudio.hu\/blog\/index.php?rest_route=%2Fwp%2Fv2%2Fcomments&post=3211"}],"version-history":[{"count":8,"href":"http:\/\/www.quiltingstudio.hu\/blog\/index.php?rest_route=\/wp\/v2\/posts\/3211\/revisions"}],"predecessor-version":[{"id":3231,"href":"http:\/\/www.quiltingstudio.hu\/blog\/index.php?rest_route=\/wp\/v2\/posts\/3211\/revisions\/3231"}],"wp:attachment":[{"href":"http:\/\/www.quiltingstudio.hu\/blog\/index.php?rest_route=%2Fwp%2Fv2%2Fmedia&parent=3211"}],"wp:term":[{"taxonomy":"category","embeddable":true,"href":"http:\/\/www.quiltingstudio.hu\/blog\/index.php?rest_route=%2Fwp%2Fv2%2Fcategories&post=3211"},{"taxonomy":"post_tag","embeddable":true,"href":"http:\/\/www.quiltingstudio.hu\/blog\/index.php?rest_route=%2Fwp%2Fv2%2Ftags&post=3211"}],"curies":[{"name":"wp","href":"https:\/\/api.w.org\/{rel}","templated":true}]}}