{"id":3224,"date":"2011-08-25T09:41:44","date_gmt":"2011-08-25T07:41:44","guid":{"rendered":"http:\/\/www.quiltingstudio.hu\/blog\/?p=3224"},"modified":"2011-08-25T15:23:00","modified_gmt":"2011-08-25T13:23:00","slug":"veszprem-jutas","status":"publish","type":"post","link":"http:\/\/www.quiltingstudio.hu\/blog\/?p=3224","title":{"rendered":"Veszpr\u00e9m-Jutas&#8230;"},"content":{"rendered":"<p>Mivel az id\u0151 kiv\u00e1l\u00f3 a kerekez\u00e9sre, -s\u0151t m\u00e1r t\u00fals\u00e1gosan is meleg van-elindultunk megn\u00e9zni a hallom\u00e1sb\u00f3l m\u00e1r ismert ejt\u0151erny\u0151s\u00f6k eml\u00e9km\u0171v\u00e9t.( Egyszer m\u00e1r &#8216;nekifutottunk&#8217; ennek, de nem \u00e9rt\u00fcnk el id\u00e1ig:o)<\/p>\n<div id=\"attachment_3225\" style=\"width: 221px\" class=\"wp-caption aligncenter\"><a href=\"http:\/\/www.quiltingstudio.hu\/blog\/wp-content\/uploads\/2011\/08\/emlekmu1.jpg\"><img aria-describedby=\"caption-attachment-3225\" decoding=\"async\" loading=\"lazy\" class=\"size-medium wp-image-3225\" title=\"emlekmu1\" src=\"http:\/\/www.quiltingstudio.hu\/blog\/wp-content\/uploads\/2011\/08\/emlekmu1-211x300.jpg\" alt=\"Katonai eml\u00e9km\u0171 \" width=\"211\" height=\"300\" srcset=\"http:\/\/www.quiltingstudio.hu\/blog\/wp-content\/uploads\/2011\/08\/emlekmu1-211x300.jpg 211w, http:\/\/www.quiltingstudio.hu\/blog\/wp-content\/uploads\/2011\/08\/emlekmu1-721x1023.jpg 721w, http:\/\/www.quiltingstudio.hu\/blog\/wp-content\/uploads\/2011\/08\/emlekmu1.jpg 1100w\" sizes=\"(max-width: 211px) 100vw, 211px\" \/><\/a><p id=\"caption-attachment-3225\" class=\"wp-caption-text\">Katonai eml\u00e9km\u0171 <\/p><\/div>\n<p><!--more--><\/p>\n<p>Jutas puszt\u00e1n is t\u00fal, a semmiben tal\u00e1ltuk meg:<\/p>\n<div id=\"attachment_3226\" style=\"width: 310px\" class=\"wp-caption aligncenter\"><a href=\"http:\/\/www.quiltingstudio.hu\/blog\/wp-content\/uploads\/2011\/08\/emlekmufelirat.jpg\"><img aria-describedby=\"caption-attachment-3226\" decoding=\"async\" loading=\"lazy\" class=\"size-medium wp-image-3226\" title=\"emlekmufelirat\" src=\"http:\/\/www.quiltingstudio.hu\/blog\/wp-content\/uploads\/2011\/08\/emlekmufelirat-300x224.jpg\" alt=\"A felirat \" width=\"300\" height=\"224\" srcset=\"http:\/\/www.quiltingstudio.hu\/blog\/wp-content\/uploads\/2011\/08\/emlekmufelirat-300x224.jpg 300w, http:\/\/www.quiltingstudio.hu\/blog\/wp-content\/uploads\/2011\/08\/emlekmufelirat-1024x768.jpg 1024w, http:\/\/www.quiltingstudio.hu\/blog\/wp-content\/uploads\/2011\/08\/emlekmufelirat.jpg 1100w\" sizes=\"(max-width: 300px) 100vw, 300px\" \/><\/a><p id=\"caption-attachment-3226\" class=\"wp-caption-text\">A felirat <\/p><\/div>\n<div id=\"attachment_3228\" style=\"width: 310px\" class=\"wp-caption aligncenter\"><a href=\"http:\/\/www.quiltingstudio.hu\/blog\/wp-content\/uploads\/2011\/08\/emlekmu2.jpg\"><img aria-describedby=\"caption-attachment-3228\" decoding=\"async\" loading=\"lazy\" class=\"size-medium wp-image-3228\" title=\"emlekmu2\" src=\"http:\/\/www.quiltingstudio.hu\/blog\/wp-content\/uploads\/2011\/08\/emlekmu2-300x230.jpg\" alt=\"Eml\u00e9km\u0171 2\" width=\"300\" height=\"230\" srcset=\"http:\/\/www.quiltingstudio.hu\/blog\/wp-content\/uploads\/2011\/08\/emlekmu2-300x230.jpg 300w, http:\/\/www.quiltingstudio.hu\/blog\/wp-content\/uploads\/2011\/08\/emlekmu2-1024x788.jpg 1024w, http:\/\/www.quiltingstudio.hu\/blog\/wp-content\/uploads\/2011\/08\/emlekmu2.jpg 1099w\" sizes=\"(max-width: 300px) 100vw, 300px\" \/><\/a><p id=\"caption-attachment-3228\" class=\"wp-caption-text\">Eml\u00e9km\u0171 2<\/p><\/div>\n<p>Tov\u00e1bb ment\u00fcnk, csak k\u00edv\u00e1ncsis\u00e1gb\u00f3l, mert erre m\u00e9g sohasem j\u00e1rtunk \u00e9s v\u00e9letlen akadtunk erre az eml\u00e9km\u0171re is.<\/p>\n<p>Sajnos elolvasni a feliratot igen neh\u00e9z m\u00e1r, mert j\u00f3csk\u00e1n megkopott. 1983.janu\u00e1r 21.-\u00e9n t\u00f6rt\u00e9nt vonatbalesetben elhunyt katon\u00e1knak \u00e1ll\u00edtott\u00e1k.<\/p>\n","protected":false},"excerpt":{"rendered":"<p>Mivel az id\u0151 kiv\u00e1l\u00f3 a kerekez\u00e9sre, -s\u0151t m\u00e1r t\u00fals\u00e1gosan is meleg van-elindultunk megn\u00e9zni a hallom\u00e1sb\u00f3l m\u00e1r ismert ejt\u0151erny\u0151s\u00f6k eml\u00e9km\u0171v\u00e9t.( Egyszer m\u00e1r &#8216;nekifutottunk&#8217; ennek, de nem \u00e9rt\u00fcnk el id\u00e1ig:o)<\/p>\n","protected":false},"author":1,"featured_media":0,"comment_status":"open","ping_status":"closed","sticky":false,"template":"","format":"standard","meta":[],"categories":[12],"tags":[],"aioseo_notices":[],"views":1975,"_links":{"self":[{"href":"http:\/\/www.quiltingstudio.hu\/blog\/index.php?rest_route=\/wp\/v2\/posts\/3224"}],"collection":[{"href":"http:\/\/www.quiltingstudio.hu\/blog\/index.php?rest_route=\/wp\/v2\/posts"}],"about":[{"href":"http:\/\/www.quiltingstudio.hu\/blog\/index.php?rest_route=\/wp\/v2\/types\/post"}],"author":[{"embeddable":true,"href":"http:\/\/www.quiltingstudio.hu\/blog\/index.php?rest_route=\/wp\/v2\/users\/1"}],"replies":[{"embeddable":true,"href":"http:\/\/www.quiltingstudio.hu\/blog\/index.php?rest_route=%2Fwp%2Fv2%2Fcomments&post=3224"}],"version-history":[{"count":4,"href":"http:\/\/www.quiltingstudio.hu\/blog\/index.php?rest_route=\/wp\/v2\/posts\/3224\/revisions"}],"predecessor-version":[{"id":3253,"href":"http:\/\/www.quiltingstudio.hu\/blog\/index.php?rest_route=\/wp\/v2\/posts\/3224\/revisions\/3253"}],"wp:attachment":[{"href":"http:\/\/www.quiltingstudio.hu\/blog\/index.php?rest_route=%2Fwp%2Fv2%2Fmedia&parent=3224"}],"wp:term":[{"taxonomy":"category","embeddable":true,"href":"http:\/\/www.quiltingstudio.hu\/blog\/index.php?rest_route=%2Fwp%2Fv2%2Fcategories&post=3224"},{"taxonomy":"post_tag","embeddable":true,"href":"http:\/\/www.quiltingstudio.hu\/blog\/index.php?rest_route=%2Fwp%2Fv2%2Ftags&post=3224"}],"curies":[{"name":"wp","href":"https:\/\/api.w.org\/{rel}","templated":true}]}}