{"id":3236,"date":"2011-08-29T09:13:39","date_gmt":"2011-08-29T07:13:39","guid":{"rendered":"http:\/\/www.quiltingstudio.hu\/blog\/?p=3236"},"modified":"2011-08-29T09:14:52","modified_gmt":"2011-08-29T07:14:52","slug":"balatonpart","status":"publish","type":"post","link":"http:\/\/www.quiltingstudio.hu\/blog\/?p=3236","title":{"rendered":"Balaton part&#8230;"},"content":{"rendered":"<p>T\u0151l\u00fcnk egy\u00e1ltal\u00e1n nincs messze, s\u0151t lefel\u00e9 menet\u00a0 a bicikli\u00faton\u00a0 meglep\u0151en gyorsan le lehet \u00e9rni Alm\u00e1diba.<\/p>\n<div id=\"attachment_3237\" style=\"width: 310px\" class=\"wp-caption aligncenter\"><a href=\"http:\/\/www.quiltingstudio.hu\/blog\/wp-content\/uploads\/2011\/08\/szabadi-kut.jpg\"><img aria-describedby=\"caption-attachment-3237\" decoding=\"async\" loading=\"lazy\" class=\"size-medium wp-image-3237\" title=\"szabadi-kut\" src=\"http:\/\/www.quiltingstudio.hu\/blog\/wp-content\/uploads\/2011\/08\/szabadi-kut-300x198.jpg\" alt=\"pihen\u0151 a k\u00fatn\u00e1l\" width=\"300\" height=\"198\" srcset=\"http:\/\/www.quiltingstudio.hu\/blog\/wp-content\/uploads\/2011\/08\/szabadi-kut-300x198.jpg 300w, http:\/\/www.quiltingstudio.hu\/blog\/wp-content\/uploads\/2011\/08\/szabadi-kut-1024x678.jpg 1024w, http:\/\/www.quiltingstudio.hu\/blog\/wp-content\/uploads\/2011\/08\/szabadi-kut.jpg 1099w\" sizes=\"(max-width: 300px) 100vw, 300px\" \/><\/a><p id=\"caption-attachment-3237\" class=\"wp-caption-text\">pihen\u0151 a k\u00fatn\u00e1l<\/p><\/div>\n<p>Szentkir\u00e1lyszabadj\u00e1n t\u00f6bb k\u00fat is van, a m\u00e1sodikn\u00e1l megpihent\u00fcnk kicsit.<!--more--><\/p>\n<div id=\"attachment_3238\" style=\"width: 235px\" class=\"wp-caption aligncenter\"><a href=\"http:\/\/www.quiltingstudio.hu\/blog\/wp-content\/uploads\/2011\/08\/almadi1.jpg\"><img aria-describedby=\"caption-attachment-3238\" decoding=\"async\" loading=\"lazy\" class=\"size-medium wp-image-3238\" title=\"almadi1\" src=\"http:\/\/www.quiltingstudio.hu\/blog\/wp-content\/uploads\/2011\/08\/almadi1-225x300.jpg\" alt=\"A haj\u00f3kik\u00f6t\u0151\" width=\"225\" height=\"300\" srcset=\"http:\/\/www.quiltingstudio.hu\/blog\/wp-content\/uploads\/2011\/08\/almadi1-225x300.jpg 225w, http:\/\/www.quiltingstudio.hu\/blog\/wp-content\/uploads\/2011\/08\/almadi1-768x1024.jpg 768w, http:\/\/www.quiltingstudio.hu\/blog\/wp-content\/uploads\/2011\/08\/almadi1.jpg 1099w\" sizes=\"(max-width: 225px) 100vw, 225px\" \/><\/a><p id=\"caption-attachment-3238\" class=\"wp-caption-text\">A haj\u00f3kik\u00f6t\u0151<\/p><\/div>\n<p>R\u00e1\u00e9rt\u00fcnk, nem siett\u00fcnk, meg\u00e1lltunk minden g\u00f6rbe f\u00e1n\u00e1l&#8230;<\/p>\n<div id=\"attachment_3239\" style=\"width: 310px\" class=\"wp-caption aligncenter\"><a href=\"http:\/\/www.quiltingstudio.hu\/blog\/wp-content\/uploads\/2011\/08\/topart.jpg\"><img aria-describedby=\"caption-attachment-3239\" decoding=\"async\" loading=\"lazy\" class=\"size-medium wp-image-3239\" title=\"topart\" src=\"http:\/\/www.quiltingstudio.hu\/blog\/wp-content\/uploads\/2011\/08\/topart-300x243.jpg\" alt=\"Kacs\u00e1k\" width=\"300\" height=\"243\" srcset=\"http:\/\/www.quiltingstudio.hu\/blog\/wp-content\/uploads\/2011\/08\/topart-300x243.jpg 300w, http:\/\/www.quiltingstudio.hu\/blog\/wp-content\/uploads\/2011\/08\/topart-1024x832.jpg 1024w, http:\/\/www.quiltingstudio.hu\/blog\/wp-content\/uploads\/2011\/08\/topart.jpg 1099w\" sizes=\"(max-width: 300px) 100vw, 300px\" \/><\/a><p id=\"caption-attachment-3239\" class=\"wp-caption-text\">Kacs\u00e1k<\/p><\/div>\n<p>Ha m\u00e1r vitt\u00fck a f\u00e9nyk\u00e9pez\u0151t, k\u00e9sz\u00edtett\u00fcnk k\u00e9pet mindenr\u0151l, ami mozgott, meg ami nem :o)))<\/p>\n<div id=\"attachment_3240\" style=\"width: 219px\" class=\"wp-caption aligncenter\"><a href=\"http:\/\/www.quiltingstudio.hu\/blog\/wp-content\/uploads\/2011\/08\/emelekmu3.jpg\"><img aria-describedby=\"caption-attachment-3240\" decoding=\"async\" loading=\"lazy\" class=\"size-medium wp-image-3240\" title=\"emelekmu3\" src=\"http:\/\/www.quiltingstudio.hu\/blog\/wp-content\/uploads\/2011\/08\/emelekmu3-209x300.jpg\" alt=\"szovjet eml\u00e9km\u0171\" width=\"209\" height=\"300\" srcset=\"http:\/\/www.quiltingstudio.hu\/blog\/wp-content\/uploads\/2011\/08\/emelekmu3-209x300.jpg 209w, http:\/\/www.quiltingstudio.hu\/blog\/wp-content\/uploads\/2011\/08\/emelekmu3-715x1024.jpg 715w, http:\/\/www.quiltingstudio.hu\/blog\/wp-content\/uploads\/2011\/08\/emelekmu3.jpg 1099w\" sizes=\"(max-width: 209px) 100vw, 209px\" \/><\/a><p id=\"caption-attachment-3240\" class=\"wp-caption-text\">szovjet eml\u00e9km\u0171<\/p><\/div>\n<p>A ker\u00e9kp\u00e1r\u00faton visszafel\u00e9 (Alm\u00e1di ut\u00e1n ) egyb\u0151l a jobb oldalon tal\u00e1ltuk a k\u00f6vetkez\u0151 eml\u00e9km\u0171vet :<\/p>\n<p><em><strong>&#8222;\u00d6r\u00f6k dics\u0151s\u00e9g a felszabad\u00edt\u00f3 szovjet h\u0151s\u00f6knek&#8221;<\/strong><\/em><\/p>\n","protected":false},"excerpt":{"rendered":"<p>T\u0151l\u00fcnk egy\u00e1ltal\u00e1n nincs messze, s\u0151t lefel\u00e9 menet\u00a0 a bicikli\u00faton\u00a0 meglep\u0151en gyorsan le lehet \u00e9rni Alm\u00e1diba. Szentkir\u00e1lyszabadj\u00e1n t\u00f6bb k\u00fat is van, a m\u00e1sodikn\u00e1l megpihent\u00fcnk kicsit.<\/p>\n","protected":false},"author":1,"featured_media":0,"comment_status":"open","ping_status":"closed","sticky":false,"template":"","format":"standard","meta":[],"categories":[12],"tags":[],"aioseo_notices":[],"views":2203,"_links":{"self":[{"href":"http:\/\/www.quiltingstudio.hu\/blog\/index.php?rest_route=\/wp\/v2\/posts\/3236"}],"collection":[{"href":"http:\/\/www.quiltingstudio.hu\/blog\/index.php?rest_route=\/wp\/v2\/posts"}],"about":[{"href":"http:\/\/www.quiltingstudio.hu\/blog\/index.php?rest_route=\/wp\/v2\/types\/post"}],"author":[{"embeddable":true,"href":"http:\/\/www.quiltingstudio.hu\/blog\/index.php?rest_route=\/wp\/v2\/users\/1"}],"replies":[{"embeddable":true,"href":"http:\/\/www.quiltingstudio.hu\/blog\/index.php?rest_route=%2Fwp%2Fv2%2Fcomments&post=3236"}],"version-history":[{"count":7,"href":"http:\/\/www.quiltingstudio.hu\/blog\/index.php?rest_route=\/wp\/v2\/posts\/3236\/revisions"}],"predecessor-version":[{"id":3260,"href":"http:\/\/www.quiltingstudio.hu\/blog\/index.php?rest_route=\/wp\/v2\/posts\/3236\/revisions\/3260"}],"wp:attachment":[{"href":"http:\/\/www.quiltingstudio.hu\/blog\/index.php?rest_route=%2Fwp%2Fv2%2Fmedia&parent=3236"}],"wp:term":[{"taxonomy":"category","embeddable":true,"href":"http:\/\/www.quiltingstudio.hu\/blog\/index.php?rest_route=%2Fwp%2Fv2%2Fcategories&post=3236"},{"taxonomy":"post_tag","embeddable":true,"href":"http:\/\/www.quiltingstudio.hu\/blog\/index.php?rest_route=%2Fwp%2Fv2%2Ftags&post=3236"}],"curies":[{"name":"wp","href":"https:\/\/api.w.org\/{rel}","templated":true}]}}