{"id":3243,"date":"2011-08-26T08:21:57","date_gmt":"2011-08-26T06:21:57","guid":{"rendered":"http:\/\/www.quiltingstudio.hu\/blog\/?p=3243"},"modified":"2011-08-26T08:23:00","modified_gmt":"2011-08-26T06:23:00","slug":"kiruccanas","status":"publish","type":"post","link":"http:\/\/www.quiltingstudio.hu\/blog\/?p=3243","title":{"rendered":"Kiruccan\u00e1s&#8230;"},"content":{"rendered":"<p>Ha ny\u00e1r, akkor Balaton, \u00e9s ha Balaton part, akkor nek\u00fcnk Fony\u00f3d.<\/p>\n<div id=\"attachment_3244\" style=\"width: 310px\" class=\"wp-caption aligncenter\"><a href=\"http:\/\/www.quiltingstudio.hu\/blog\/wp-content\/uploads\/2011\/08\/fuzfak.jpg\"><img aria-describedby=\"caption-attachment-3244\" decoding=\"async\" loading=\"lazy\" class=\"size-medium wp-image-3244\" title=\"fuzfak\" src=\"http:\/\/www.quiltingstudio.hu\/blog\/wp-content\/uploads\/2011\/08\/fuzfak-300x168.jpg\" alt=\"mint egy zuhatag\" width=\"300\" height=\"168\" srcset=\"http:\/\/www.quiltingstudio.hu\/blog\/wp-content\/uploads\/2011\/08\/fuzfak-300x168.jpg 300w, http:\/\/www.quiltingstudio.hu\/blog\/wp-content\/uploads\/2011\/08\/fuzfak-1024x575.jpg 1024w, http:\/\/www.quiltingstudio.hu\/blog\/wp-content\/uploads\/2011\/08\/fuzfak.jpg 1099w\" sizes=\"(max-width: 300px) 100vw, 300px\" \/><\/a><p id=\"caption-attachment-3244\" class=\"wp-caption-text\">mint egy zuhatag<\/p><\/div>\n<p>A Balaton parton nem nagy kunszt f\u0171zf\u00e1kat tal\u00e1lni, de ekkor\u00e1kat !!<\/p>\n<p><!--more--><\/p>\n<p>L\u00e1ttatok ti m\u00e1r szabadt\u00e9ri templomot?<\/p>\n<div id=\"attachment_3245\" style=\"width: 310px\" class=\"wp-caption aligncenter\"><a href=\"http:\/\/www.quiltingstudio.hu\/blog\/wp-content\/uploads\/2011\/08\/templom.jpg\"><img aria-describedby=\"caption-attachment-3245\" decoding=\"async\" loading=\"lazy\" class=\"size-medium wp-image-3245\" title=\"templom\" src=\"http:\/\/www.quiltingstudio.hu\/blog\/wp-content\/uploads\/2011\/08\/templom-300x168.jpg\" alt=\"elb\u00fajik a f\u00e1k k\u00f6z\u00f6tt\" width=\"300\" height=\"168\" srcset=\"http:\/\/www.quiltingstudio.hu\/blog\/wp-content\/uploads\/2011\/08\/templom-300x168.jpg 300w, http:\/\/www.quiltingstudio.hu\/blog\/wp-content\/uploads\/2011\/08\/templom-1024x575.jpg 1024w, http:\/\/www.quiltingstudio.hu\/blog\/wp-content\/uploads\/2011\/08\/templom.jpg 1099w\" sizes=\"(max-width: 300px) 100vw, 300px\" \/><\/a><p id=\"caption-attachment-3245\" class=\"wp-caption-text\">elb\u00fajik a f\u00e1k k\u00f6z\u00f6tt<\/p><\/div>\n<p>H\u00e1tulr\u00f3l semmi k\u00fcl\u00f6n\u00f6s, csak az l\u00e1tszik, hogy pici&#8230;<\/p>\n<p>el\u0151r\u00f6l<\/p>\n<div id=\"attachment_3246\" style=\"width: 310px\" class=\"wp-caption aligncenter\"><a href=\"http:\/\/www.quiltingstudio.hu\/blog\/wp-content\/uploads\/2011\/08\/templom2.jpg\"><img aria-describedby=\"caption-attachment-3246\" decoding=\"async\" loading=\"lazy\" class=\"size-medium wp-image-3246\" title=\"templom2\" src=\"http:\/\/www.quiltingstudio.hu\/blog\/wp-content\/uploads\/2011\/08\/templom2-300x168.jpg\" alt=\"padokkal\" width=\"300\" height=\"168\" srcset=\"http:\/\/www.quiltingstudio.hu\/blog\/wp-content\/uploads\/2011\/08\/templom2-300x168.jpg 300w, http:\/\/www.quiltingstudio.hu\/blog\/wp-content\/uploads\/2011\/08\/templom2-1024x575.jpg 1024w, http:\/\/www.quiltingstudio.hu\/blog\/wp-content\/uploads\/2011\/08\/templom2.jpg 1099w\" sizes=\"(max-width: 300px) 100vw, 300px\" \/><\/a><p id=\"caption-attachment-3246\" class=\"wp-caption-text\">\u00edgy v\u00e1rja a h\u00edv\u0151ket<\/p><\/div>\n<p>a padokkal \u00e9s az \u00e1rny\u00e9kol\u00f3val megb\u00fajva a f\u00e1k k\u00f6z\u00f6tt.<\/p>\n<p>Nekem pedig ez tetszett a legjobban:<\/p>\n<div id=\"attachment_3247\" style=\"width: 310px\" class=\"wp-caption aligncenter\"><a href=\"http:\/\/www.quiltingstudio.hu\/blog\/wp-content\/uploads\/2011\/08\/kopad.jpg\"><img aria-describedby=\"caption-attachment-3247\" decoding=\"async\" loading=\"lazy\" class=\"size-medium wp-image-3247\" title=\"kopad\" src=\"http:\/\/www.quiltingstudio.hu\/blog\/wp-content\/uploads\/2011\/08\/kopad-300x191.jpg\" alt=\"b\u00e9ke \u00e9s nyugalom\" width=\"300\" height=\"191\" srcset=\"http:\/\/www.quiltingstudio.hu\/blog\/wp-content\/uploads\/2011\/08\/kopad-300x191.jpg 300w, http:\/\/www.quiltingstudio.hu\/blog\/wp-content\/uploads\/2011\/08\/kopad-1024x653.jpg 1024w, http:\/\/www.quiltingstudio.hu\/blog\/wp-content\/uploads\/2011\/08\/kopad.jpg 1099w\" sizes=\"(max-width: 300px) 100vw, 300px\" \/><\/a><p id=\"caption-attachment-3247\" class=\"wp-caption-text\">b\u00e9ke \u00e9s nyugalom<\/p><\/div>\n<p>Ez egy igen sz\u00e9p \u00e9s stabil k\u0151pad volt, igaz kicsit hideg is. Mi\u00f3ta vigy\u00e1zhatnak itt ezek a k\u0151oroszl\u00e1nok a rendre ill. a padra?!<\/p>\n","protected":false},"excerpt":{"rendered":"<p>Ha ny\u00e1r, akkor Balaton, \u00e9s ha Balaton part, akkor nek\u00fcnk Fony\u00f3d. A Balaton parton nem nagy kunszt f\u0171zf\u00e1kat tal\u00e1lni, de ekkor\u00e1kat !!<\/p>\n","protected":false},"author":1,"featured_media":0,"comment_status":"open","ping_status":"closed","sticky":false,"template":"","format":"standard","meta":[],"categories":[12],"tags":[],"aioseo_notices":[],"views":1941,"_links":{"self":[{"href":"http:\/\/www.quiltingstudio.hu\/blog\/index.php?rest_route=\/wp\/v2\/posts\/3243"}],"collection":[{"href":"http:\/\/www.quiltingstudio.hu\/blog\/index.php?rest_route=\/wp\/v2\/posts"}],"about":[{"href":"http:\/\/www.quiltingstudio.hu\/blog\/index.php?rest_route=\/wp\/v2\/types\/post"}],"author":[{"embeddable":true,"href":"http:\/\/www.quiltingstudio.hu\/blog\/index.php?rest_route=\/wp\/v2\/users\/1"}],"replies":[{"embeddable":true,"href":"http:\/\/www.quiltingstudio.hu\/blog\/index.php?rest_route=%2Fwp%2Fv2%2Fcomments&post=3243"}],"version-history":[{"count":5,"href":"http:\/\/www.quiltingstudio.hu\/blog\/index.php?rest_route=\/wp\/v2\/posts\/3243\/revisions"}],"predecessor-version":[{"id":3255,"href":"http:\/\/www.quiltingstudio.hu\/blog\/index.php?rest_route=\/wp\/v2\/posts\/3243\/revisions\/3255"}],"wp:attachment":[{"href":"http:\/\/www.quiltingstudio.hu\/blog\/index.php?rest_route=%2Fwp%2Fv2%2Fmedia&parent=3243"}],"wp:term":[{"taxonomy":"category","embeddable":true,"href":"http:\/\/www.quiltingstudio.hu\/blog\/index.php?rest_route=%2Fwp%2Fv2%2Fcategories&post=3243"},{"taxonomy":"post_tag","embeddable":true,"href":"http:\/\/www.quiltingstudio.hu\/blog\/index.php?rest_route=%2Fwp%2Fv2%2Ftags&post=3243"}],"curies":[{"name":"wp","href":"https:\/\/api.w.org\/{rel}","templated":true}]}}