{"id":3261,"date":"2011-09-01T18:32:16","date_gmt":"2011-09-01T16:32:16","guid":{"rendered":"http:\/\/www.quiltingstudio.hu\/blog\/?p=3261"},"modified":"2011-09-01T18:32:16","modified_gmt":"2011-09-01T16:32:16","slug":"ismet-egy-baby","status":"publish","type":"post","link":"http:\/\/www.quiltingstudio.hu\/blog\/?p=3261","title":{"rendered":"Ism\u00e9t egy baby&#8230;"},"content":{"rendered":"<p>Megint b\u0151v\u00fclt a rokons\u00e1g (m\u00e1r vagy f\u00e9l \u00e9ve- h\u00e1t igen ,- ez az \u00e9n reakci\u00f3 id\u0151m!), egy \u00fajabb bab\u00e1val. \u00c9s a babatakar\u00f3im sz\u00e1ma is eggyel n\u0151tt&#8230;<\/p>\n<div id=\"attachment_3262\" style=\"width: 310px\" class=\"wp-caption aligncenter\"><a href=\"http:\/\/www.quiltingstudio.hu\/blog\/wp-content\/uploads\/2011\/09\/baby1jpg.jpg\"><img aria-describedby=\"caption-attachment-3262\" decoding=\"async\" loading=\"lazy\" class=\"size-medium wp-image-3262\" title=\"baby1jpg\" src=\"http:\/\/www.quiltingstudio.hu\/blog\/wp-content\/uploads\/2011\/09\/baby1jpg-300x189.jpg\" alt=\"k\u00e9k,teh\u00e1t kisfi\u00fa\" width=\"300\" height=\"189\" srcset=\"http:\/\/www.quiltingstudio.hu\/blog\/wp-content\/uploads\/2011\/09\/baby1jpg-300x189.jpg 300w, http:\/\/www.quiltingstudio.hu\/blog\/wp-content\/uploads\/2011\/09\/baby1jpg.jpg 1000w\" sizes=\"(max-width: 300px) 100vw, 300px\" \/><\/a><p id=\"caption-attachment-3262\" class=\"wp-caption-text\">k\u00e9k,teh\u00e1t kisfi\u00fa<\/p><\/div>\n<p><!--more-->Err\u0151l a technik\u00e1r\u00f3l, illetve a takar\u00f3 k\u00e9sz\u00edt\u00e9s\u00e9r\u0151l majd m\u00e9g ejtek p\u00e1r sz\u00f3t a k\u00e9s\u0151bbiekben egy k\u00fcl\u00f6n bejegyz\u00e9sben.<\/p>\n<p>Most csak ennyit, ilyen volt a t\u0171z\u00e9s el\u0151tt:<\/p>\n<div id=\"attachment_3263\" style=\"width: 310px\" class=\"wp-caption aligncenter\"><a href=\"http:\/\/www.quiltingstudio.hu\/blog\/wp-content\/uploads\/2011\/09\/baby4.jpg\"><img aria-describedby=\"caption-attachment-3263\" decoding=\"async\" loading=\"lazy\" class=\"size-medium wp-image-3263\" title=\"baby4\" src=\"http:\/\/www.quiltingstudio.hu\/blog\/wp-content\/uploads\/2011\/09\/baby4-300x236.jpg\" alt=\"sok-sok k\u00e9k\" width=\"300\" height=\"236\" srcset=\"http:\/\/www.quiltingstudio.hu\/blog\/wp-content\/uploads\/2011\/09\/baby4-300x236.jpg 300w, http:\/\/www.quiltingstudio.hu\/blog\/wp-content\/uploads\/2011\/09\/baby4.jpg 1000w\" sizes=\"(max-width: 300px) 100vw, 300px\" \/><\/a><p id=\"caption-attachment-3263\" class=\"wp-caption-text\">sok-sok k\u00e9k<\/p><\/div>\n<p>Sajnos a mi lak\u00e1sunk nem igaz\u00e1n alkalmas az ilyen &#8222;nagy&#8221; ill. enn\u00e9l nagyobb takar\u00f3k (quiltek) f\u00e9nyk\u00e9pez\u00e9s\u00e9re. Ha azt szeretn\u00e9m, hogy az eg\u00e9sz fedlap l\u00e1tsszon, csak \u00edgy tudom megmutatni. A technika- \u00fagyis kital\u00e1lj\u00e1tok- ragaszt\u00f3s applik\u00e1ci\u00f3. Nagyon \u00e9lvezetes \u00e9s f\u0151leg egyszer\u0171 volt a k\u00e9sz\u00edt\u00e9se.<\/p>\n<div id=\"attachment_3264\" style=\"width: 310px\" class=\"wp-caption aligncenter\"><a href=\"http:\/\/www.quiltingstudio.hu\/blog\/wp-content\/uploads\/2011\/09\/baby3.jpg\"><img aria-describedby=\"caption-attachment-3264\" decoding=\"async\" loading=\"lazy\" class=\"size-medium wp-image-3264\" title=\"baby3\" src=\"http:\/\/www.quiltingstudio.hu\/blog\/wp-content\/uploads\/2011\/09\/baby3-300x240.jpg\" alt=\"m\u00e1r let\u0171zve\" width=\"300\" height=\"240\" srcset=\"http:\/\/www.quiltingstudio.hu\/blog\/wp-content\/uploads\/2011\/09\/baby3-300x240.jpg 300w, http:\/\/www.quiltingstudio.hu\/blog\/wp-content\/uploads\/2011\/09\/baby3.jpg 1000w\" sizes=\"(max-width: 300px) 100vw, 300px\" \/><\/a><p id=\"caption-attachment-3264\" class=\"wp-caption-text\">m\u00e1r let\u0171zve<\/p><\/div>\n<p>K\u00f6z\u00e9pr\u00e9sz \u00e1tl\u00f3san let\u0171zve, feh\u00e9r r\u00e9sz stipplinggel, a vir\u00e1gok k\u00f6rben.<\/p>\n<p>Ha valaki j\u00f3l kinagy\u00edtja, tal\u00e1n \u00e9szreveszi a baba monogramj\u00e1t is, amit a fels\u0151 feh\u00e9r r\u00e9szbe t\u0171ztem. (KL-pedig k\u00e9k sz\u00ednnel varrtam!)<\/p>\n<div id=\"attachment_3267\" style=\"width: 310px\" class=\"wp-caption aligncenter\"><a href=\"http:\/\/www.quiltingstudio.hu\/blog\/wp-content\/uploads\/2011\/09\/baby2.jpg\"><img aria-describedby=\"caption-attachment-3267\" decoding=\"async\" loading=\"lazy\" class=\"size-medium wp-image-3267\" title=\"baby2\" src=\"http:\/\/www.quiltingstudio.hu\/blog\/wp-content\/uploads\/2011\/09\/baby2-300x198.jpg\" alt=\"flanell h\u00e1tlappal\" width=\"300\" height=\"198\" srcset=\"http:\/\/www.quiltingstudio.hu\/blog\/wp-content\/uploads\/2011\/09\/baby2-300x198.jpg 300w, http:\/\/www.quiltingstudio.hu\/blog\/wp-content\/uploads\/2011\/09\/baby2.jpg 1000w\" sizes=\"(max-width: 300px) 100vw, 300px\" \/><\/a><p id=\"caption-attachment-3267\" class=\"wp-caption-text\">flanell h\u00e1tlappal<\/p><\/div>\n<p>A h\u00e1tlap olyan finom puha, mint\u00e1s flanel, \u00e9lvezet vele betakar\u00f3zni. Rem\u00e9lem az \u00faj tulajdonos\u00e1nak is tetszik majd. Eleinte azzal is megel\u00e9gszem, ha csak j\u00f3kat alszik alatta&#8230;:o))<\/p>\n","protected":false},"excerpt":{"rendered":"<p>Megint b\u0151v\u00fclt a rokons\u00e1g (m\u00e1r vagy f\u00e9l \u00e9ve- h\u00e1t igen ,- ez az \u00e9n reakci\u00f3 id\u0151m!), egy \u00fajabb bab\u00e1val. \u00c9s a babatakar\u00f3im sz\u00e1ma is eggyel n\u0151tt&#8230;<\/p>\n","protected":false},"author":1,"featured_media":0,"comment_status":"open","ping_status":"closed","sticky":false,"template":"","format":"standard","meta":[],"categories":[3],"tags":[],"aioseo_notices":[],"views":2364,"_links":{"self":[{"href":"http:\/\/www.quiltingstudio.hu\/blog\/index.php?rest_route=\/wp\/v2\/posts\/3261"}],"collection":[{"href":"http:\/\/www.quiltingstudio.hu\/blog\/index.php?rest_route=\/wp\/v2\/posts"}],"about":[{"href":"http:\/\/www.quiltingstudio.hu\/blog\/index.php?rest_route=\/wp\/v2\/types\/post"}],"author":[{"embeddable":true,"href":"http:\/\/www.quiltingstudio.hu\/blog\/index.php?rest_route=\/wp\/v2\/users\/1"}],"replies":[{"embeddable":true,"href":"http:\/\/www.quiltingstudio.hu\/blog\/index.php?rest_route=%2Fwp%2Fv2%2Fcomments&post=3261"}],"version-history":[{"count":5,"href":"http:\/\/www.quiltingstudio.hu\/blog\/index.php?rest_route=\/wp\/v2\/posts\/3261\/revisions"}],"predecessor-version":[{"id":3270,"href":"http:\/\/www.quiltingstudio.hu\/blog\/index.php?rest_route=\/wp\/v2\/posts\/3261\/revisions\/3270"}],"wp:attachment":[{"href":"http:\/\/www.quiltingstudio.hu\/blog\/index.php?rest_route=%2Fwp%2Fv2%2Fmedia&parent=3261"}],"wp:term":[{"taxonomy":"category","embeddable":true,"href":"http:\/\/www.quiltingstudio.hu\/blog\/index.php?rest_route=%2Fwp%2Fv2%2Fcategories&post=3261"},{"taxonomy":"post_tag","embeddable":true,"href":"http:\/\/www.quiltingstudio.hu\/blog\/index.php?rest_route=%2Fwp%2Fv2%2Ftags&post=3261"}],"curies":[{"name":"wp","href":"https:\/\/api.w.org\/{rel}","templated":true}]}}