{"id":3271,"date":"2011-09-02T18:12:38","date_gmt":"2011-09-02T16:12:38","guid":{"rendered":"http:\/\/www.quiltingstudio.hu\/blog\/?p=3271"},"modified":"2011-09-01T21:12:54","modified_gmt":"2011-09-01T19:12:54","slug":"micsoda-kincsek","status":"publish","type":"post","link":"http:\/\/www.quiltingstudio.hu\/blog\/?p=3271","title":{"rendered":"Micsoda kincsek&#8230;"},"content":{"rendered":"<p>A h\u00e9tv\u00e9g\u00e9n is \u00e9rdemes volt kimenni kincset keresni olyan kor\u00e1n.<\/p>\n<div id=\"attachment_3272\" style=\"width: 310px\" class=\"wp-caption aligncenter\"><a href=\"http:\/\/www.quiltingstudio.hu\/blog\/wp-content\/uploads\/2011\/09\/piac.jpg\"><img aria-describedby=\"caption-attachment-3272\" decoding=\"async\" loading=\"lazy\" class=\"size-medium wp-image-3272\" title=\"piac\" src=\"http:\/\/www.quiltingstudio.hu\/blog\/wp-content\/uploads\/2011\/09\/piac-300x256.jpg\" alt=\"100% pamut\" width=\"300\" height=\"256\" srcset=\"http:\/\/www.quiltingstudio.hu\/blog\/wp-content\/uploads\/2011\/09\/piac-300x256.jpg 300w, http:\/\/www.quiltingstudio.hu\/blog\/wp-content\/uploads\/2011\/09\/piac.jpg 1000w\" sizes=\"(max-width: 300px) 100vw, 300px\" \/><\/a><p id=\"caption-attachment-3272\" class=\"wp-caption-text\">100% pamut<\/p><\/div>\n<p>C\u00e9rn\u00e1t tis tal\u00e1ltam, de az m\u00e1r nem olyan nagy sz\u00e1m&#8230;.<\/p>\n<p>Az anyagok sokkal \u00e9rdekesebbek. Nagy val\u00f3sz\u00edn\u0171s\u00e9ggel \u00e1gynem\u0171varr\u00e1sra sz\u00e1nt anyagok. A rajta \u00e9s benne l\u00e9v\u0151 pap\u00edrok \u00e9s feliratok alapj\u00e1n is erre jutottam. Ami \u00e9rdekes, hogy mind\u00f6ssze 80 cm sz\u00e9les, de egy v\u00e9gben 24m van (cs\u00edkos) . \u00c9pp el\u00e9g volt ezt kimosni \u00e9s kivasalni \u00edgy egyben.<\/p>\n<p>A feh\u00e9ret felvagdostam m\u00e9teres (23db) darabokra. Mos\u00e1s ut\u00e1n sz\u00e9p feh\u00e9rek lettek. Na, mit fogok vel\u00fck kezdeni?! H\u00e1t persze, hogy befestem :o))) Csak legyen egy kis szabadid\u0151m!!!<\/p>\n","protected":false},"excerpt":{"rendered":"<p>A h\u00e9tv\u00e9g\u00e9n is \u00e9rdemes volt kimenni kincset keresni olyan kor\u00e1n. C\u00e9rn\u00e1t tis tal\u00e1ltam, de az m\u00e1r nem olyan nagy sz\u00e1m&#8230;. Az anyagok sokkal \u00e9rdekesebbek. Nagy val\u00f3sz\u00edn\u0171s\u00e9ggel \u00e1gynem\u0171varr\u00e1sra sz\u00e1nt anyagok. A rajta \u00e9s benne l\u00e9v\u0151 pap\u00edrok \u00e9s feliratok alapj\u00e1n is erre jutottam. Ami \u00e9rdekes, hogy mind\u00f6ssze 80 cm sz\u00e9les, de egy v\u00e9gben 24m van (cs\u00edkos) . [&hellip;]<\/p>\n","protected":false},"author":1,"featured_media":0,"comment_status":"open","ping_status":"closed","sticky":false,"template":"","format":"standard","meta":[],"categories":[3],"tags":[],"aioseo_notices":[],"views":1724,"_links":{"self":[{"href":"http:\/\/www.quiltingstudio.hu\/blog\/index.php?rest_route=\/wp\/v2\/posts\/3271"}],"collection":[{"href":"http:\/\/www.quiltingstudio.hu\/blog\/index.php?rest_route=\/wp\/v2\/posts"}],"about":[{"href":"http:\/\/www.quiltingstudio.hu\/blog\/index.php?rest_route=\/wp\/v2\/types\/post"}],"author":[{"embeddable":true,"href":"http:\/\/www.quiltingstudio.hu\/blog\/index.php?rest_route=\/wp\/v2\/users\/1"}],"replies":[{"embeddable":true,"href":"http:\/\/www.quiltingstudio.hu\/blog\/index.php?rest_route=%2Fwp%2Fv2%2Fcomments&post=3271"}],"version-history":[{"count":3,"href":"http:\/\/www.quiltingstudio.hu\/blog\/index.php?rest_route=\/wp\/v2\/posts\/3271\/revisions"}],"predecessor-version":[{"id":3285,"href":"http:\/\/www.quiltingstudio.hu\/blog\/index.php?rest_route=\/wp\/v2\/posts\/3271\/revisions\/3285"}],"wp:attachment":[{"href":"http:\/\/www.quiltingstudio.hu\/blog\/index.php?rest_route=%2Fwp%2Fv2%2Fmedia&parent=3271"}],"wp:term":[{"taxonomy":"category","embeddable":true,"href":"http:\/\/www.quiltingstudio.hu\/blog\/index.php?rest_route=%2Fwp%2Fv2%2Fcategories&post=3271"},{"taxonomy":"post_tag","embeddable":true,"href":"http:\/\/www.quiltingstudio.hu\/blog\/index.php?rest_route=%2Fwp%2Fv2%2Ftags&post=3271"}],"curies":[{"name":"wp","href":"https:\/\/api.w.org\/{rel}","templated":true}]}}