{"id":3275,"date":"2011-09-03T16:00:04","date_gmt":"2011-09-03T14:00:04","guid":{"rendered":"http:\/\/www.quiltingstudio.hu\/blog\/?p=3275"},"modified":"2011-09-01T21:12:11","modified_gmt":"2011-09-01T19:12:11","slug":"tatabanya","status":"publish","type":"post","link":"http:\/\/www.quiltingstudio.hu\/blog\/?p=3275","title":{"rendered":"Tatab\u00e1nya&#8230;"},"content":{"rendered":"<p>\u00e9s a Fekete gy\u00e9m\u00e1ntom.<\/p>\n<div id=\"attachment_3276\" style=\"width: 310px\" class=\"wp-caption aligncenter\"><a href=\"http:\/\/www.quiltingstudio.hu\/blog\/wp-content\/uploads\/2011\/09\/feketegyemantok.jpg\"><img aria-describedby=\"caption-attachment-3276\" decoding=\"async\" loading=\"lazy\" class=\"size-medium wp-image-3276\" title=\"feketegyemantok\" src=\"http:\/\/www.quiltingstudio.hu\/blog\/wp-content\/uploads\/2011\/09\/feketegyemantok-300x263.jpg\" alt=\"Szerencse fel, szerencse le\" width=\"300\" height=\"263\" srcset=\"http:\/\/www.quiltingstudio.hu\/blog\/wp-content\/uploads\/2011\/09\/feketegyemantok-300x263.jpg 300w, http:\/\/www.quiltingstudio.hu\/blog\/wp-content\/uploads\/2011\/09\/feketegyemantok.jpg 1000w\" sizes=\"(max-width: 300px) 100vw, 300px\" \/><\/a><p id=\"caption-attachment-3276\" class=\"wp-caption-text\">&#39;Szerencse fel, szerencse le..&#39;<\/p><\/div>\n<p>\u00c9n is k\u00e9sz\u00edtettem egy k\u00e9pet, amit kis vacill\u00e1l\u00e1s ut\u00e1n m\u00e9gis elk\u00fcldtem. A c\u00edme egy b\u00e1ny\u00e1sz dal refr\u00e9nje. Az egyik b\u00e1ny\u00e1sz arcot rajzoltam, a m\u00e1sikat festettem. \u00c9n is \u00fagy voltam evvel, mint az egyszeri gyerek: biztos tudok ilyent, csak m\u00e9g nem pr\u00f3b\u00e1ltam. H\u00e1t most kipr\u00f3b\u00e1ltam, ilyenre siker\u00fclt.<!--more--><\/p>\n<p>De nem keseredtem el, mint azt a t\u00f6bbi k\u00e9p is mutatja.<\/p>\n<div id=\"attachment_3278\" style=\"width: 205px\" class=\"wp-caption aligncenter\"><a href=\"http:\/\/www.quiltingstudio.hu\/blog\/wp-content\/uploads\/2011\/09\/tbanya1jpg.jpg\"><img aria-describedby=\"caption-attachment-3278\" decoding=\"async\" loading=\"lazy\" class=\"size-medium wp-image-3278\" title=\"tbanya1jpg\" src=\"http:\/\/www.quiltingstudio.hu\/blog\/wp-content\/uploads\/2011\/09\/tbanya1jpg-195x300.jpg\" alt=\"nagy tal\u00e1lkoz\u00e1sok\" width=\"195\" height=\"300\" srcset=\"http:\/\/www.quiltingstudio.hu\/blog\/wp-content\/uploads\/2011\/09\/tbanya1jpg-195x300.jpg 195w, http:\/\/www.quiltingstudio.hu\/blog\/wp-content\/uploads\/2011\/09\/tbanya1jpg-666x1024.jpg 666w, http:\/\/www.quiltingstudio.hu\/blog\/wp-content\/uploads\/2011\/09\/tbanya1jpg.jpg 1000w\" sizes=\"(max-width: 195px) 100vw, 195px\" \/><\/a><p id=\"caption-attachment-3278\" class=\"wp-caption-text\">nagy tal\u00e1lkoz\u00e1sok<\/p><\/div>\n<p>Mindenki \u00fagy v\u00e1rja az ilyen alkalmakat, hogy v\u00e9gre tal\u00e1lkozhassunk a r\u00e9g nem l\u00e1tott, vagy \u00e9pp messze lak\u00f3 foltos t\u00e1rsainkkal.<\/p>\n<div id=\"attachment_3279\" style=\"width: 215px\" class=\"wp-caption aligncenter\"><a href=\"http:\/\/www.quiltingstudio.hu\/blog\/wp-content\/uploads\/2011\/09\/tbanya21.jpg\"><img aria-describedby=\"caption-attachment-3279\" decoding=\"async\" loading=\"lazy\" class=\"size-medium wp-image-3279\" title=\"tbanya21\" src=\"http:\/\/www.quiltingstudio.hu\/blog\/wp-content\/uploads\/2011\/09\/tbanya21-205x300.jpg\" alt=\"Fontos megbesz\u00e9l\u00e9sek\" width=\"205\" height=\"300\" srcset=\"http:\/\/www.quiltingstudio.hu\/blog\/wp-content\/uploads\/2011\/09\/tbanya21-205x300.jpg 205w, http:\/\/www.quiltingstudio.hu\/blog\/wp-content\/uploads\/2011\/09\/tbanya21-699x1024.jpg 699w, http:\/\/www.quiltingstudio.hu\/blog\/wp-content\/uploads\/2011\/09\/tbanya21.jpg 1000w\" sizes=\"(max-width: 205px) 100vw, 205px\" \/><\/a><p id=\"caption-attachment-3279\" class=\"wp-caption-text\">Fontos megbesz\u00e9l\u00e9sek<\/p><\/div>\n<p>A ki\u00e1ll\u00edtott k\u00e9pekr\u0151l m\u00e1r a neten mindenhol tal\u00e1ltok jobbn\u00e1l jobb k\u00e9peket, azt most mell\u0151z\u00f6m. Ink\u00e1bb a hangulatot szeretn\u00e9m picit visszaadni&#8230;<\/p>\n<div id=\"attachment_3280\" style=\"width: 310px\" class=\"wp-caption aligncenter\"><a href=\"http:\/\/www.quiltingstudio.hu\/blog\/wp-content\/uploads\/2011\/09\/tbanya3.jpg\"><img aria-describedby=\"caption-attachment-3280\" decoding=\"async\" loading=\"lazy\" class=\"size-medium wp-image-3280\" title=\"tbanya3\" src=\"http:\/\/www.quiltingstudio.hu\/blog\/wp-content\/uploads\/2011\/09\/tbanya3-300x231.jpg\" alt=\"k\u00e9p1\" width=\"300\" height=\"231\" srcset=\"http:\/\/www.quiltingstudio.hu\/blog\/wp-content\/uploads\/2011\/09\/tbanya3-300x231.jpg 300w, http:\/\/www.quiltingstudio.hu\/blog\/wp-content\/uploads\/2011\/09\/tbanya3.jpg 1000w\" sizes=\"(max-width: 300px) 100vw, 300px\" \/><\/a><p id=\"caption-attachment-3280\" class=\"wp-caption-text\">eb\u00e9d el\u0151tt<\/p><\/div>\n<div id=\"attachment_3281\" style=\"width: 196px\" class=\"wp-caption aligncenter\"><a href=\"http:\/\/www.quiltingstudio.hu\/blog\/wp-content\/uploads\/2011\/09\/tbanya4.jpg\"><img aria-describedby=\"caption-attachment-3281\" decoding=\"async\" loading=\"lazy\" class=\"size-medium wp-image-3281\" title=\"tbanya4\" src=\"http:\/\/www.quiltingstudio.hu\/blog\/wp-content\/uploads\/2011\/09\/tbanya4-186x300.jpg\" alt=\"A nagy kedvencem\" width=\"186\" height=\"300\" srcset=\"http:\/\/www.quiltingstudio.hu\/blog\/wp-content\/uploads\/2011\/09\/tbanya4-186x300.jpg 186w, http:\/\/www.quiltingstudio.hu\/blog\/wp-content\/uploads\/2011\/09\/tbanya4-635x1024.jpg 635w, http:\/\/www.quiltingstudio.hu\/blog\/wp-content\/uploads\/2011\/09\/tbanya4.jpg 1000w\" sizes=\"(max-width: 186px) 100vw, 186px\" \/><\/a><p id=\"caption-attachment-3281\" class=\"wp-caption-text\">A nagy kedvencem<\/p><\/div>\n<p>Ezt nem tudtam kihagyni.<\/p>\n<div id=\"attachment_3282\" style=\"width: 310px\" class=\"wp-caption aligncenter\"><a href=\"http:\/\/www.quiltingstudio.hu\/blog\/wp-content\/uploads\/2011\/09\/tbanya6.jpg\"><img aria-describedby=\"caption-attachment-3282\" decoding=\"async\" loading=\"lazy\" class=\"size-medium wp-image-3282\" title=\"tbanya6\" src=\"http:\/\/www.quiltingstudio.hu\/blog\/wp-content\/uploads\/2011\/09\/tbanya6-300x229.jpg\" alt=\"v\u00e1s\u00e1rl\u00e1s\" width=\"300\" height=\"229\" srcset=\"http:\/\/www.quiltingstudio.hu\/blog\/wp-content\/uploads\/2011\/09\/tbanya6-300x229.jpg 300w, http:\/\/www.quiltingstudio.hu\/blog\/wp-content\/uploads\/2011\/09\/tbanya6.jpg 1000w\" sizes=\"(max-width: 300px) 100vw, 300px\" \/><\/a><p id=\"caption-attachment-3282\" class=\"wp-caption-text\">v\u00e1s\u00e1rl\u00e1s<\/p><\/div>\n<p>Na, m\u00e9g mi\u00e9rt j\u00e1r az ember l\u00e1nya ilyen helyekre?\u00a0 H\u00e1t hogy j\u00f3l bev\u00e1s\u00e1roljon&#8230; Egy takar\u00f3ra val\u00f3 anyag velem is hazaj\u00f6tt. S\u0151t m\u00e1r f\u00e9lk\u00e9sz, de err\u0151l is majd k\u00e9s\u0151bb.<\/p>\n","protected":false},"excerpt":{"rendered":"<p>\u00e9s a Fekete gy\u00e9m\u00e1ntom. \u00c9n is k\u00e9sz\u00edtettem egy k\u00e9pet, amit kis vacill\u00e1l\u00e1s ut\u00e1n m\u00e9gis elk\u00fcldtem. A c\u00edme egy b\u00e1ny\u00e1sz dal refr\u00e9nje. Az egyik b\u00e1ny\u00e1sz arcot rajzoltam, a m\u00e1sikat festettem. \u00c9n is \u00fagy voltam evvel, mint az egyszeri gyerek: biztos tudok ilyent, csak m\u00e9g nem pr\u00f3b\u00e1ltam. H\u00e1t most kipr\u00f3b\u00e1ltam, ilyenre siker\u00fclt.<\/p>\n","protected":false},"author":1,"featured_media":0,"comment_status":"open","ping_status":"closed","sticky":false,"template":"","format":"standard","meta":[],"categories":[3],"tags":[],"aioseo_notices":[],"views":2060,"_links":{"self":[{"href":"http:\/\/www.quiltingstudio.hu\/blog\/index.php?rest_route=\/wp\/v2\/posts\/3275"}],"collection":[{"href":"http:\/\/www.quiltingstudio.hu\/blog\/index.php?rest_route=\/wp\/v2\/posts"}],"about":[{"href":"http:\/\/www.quiltingstudio.hu\/blog\/index.php?rest_route=\/wp\/v2\/types\/post"}],"author":[{"embeddable":true,"href":"http:\/\/www.quiltingstudio.hu\/blog\/index.php?rest_route=\/wp\/v2\/users\/1"}],"replies":[{"embeddable":true,"href":"http:\/\/www.quiltingstudio.hu\/blog\/index.php?rest_route=%2Fwp%2Fv2%2Fcomments&post=3275"}],"version-history":[{"count":2,"href":"http:\/\/www.quiltingstudio.hu\/blog\/index.php?rest_route=\/wp\/v2\/posts\/3275\/revisions"}],"predecessor-version":[{"id":3284,"href":"http:\/\/www.quiltingstudio.hu\/blog\/index.php?rest_route=\/wp\/v2\/posts\/3275\/revisions\/3284"}],"wp:attachment":[{"href":"http:\/\/www.quiltingstudio.hu\/blog\/index.php?rest_route=%2Fwp%2Fv2%2Fmedia&parent=3275"}],"wp:term":[{"taxonomy":"category","embeddable":true,"href":"http:\/\/www.quiltingstudio.hu\/blog\/index.php?rest_route=%2Fwp%2Fv2%2Fcategories&post=3275"},{"taxonomy":"post_tag","embeddable":true,"href":"http:\/\/www.quiltingstudio.hu\/blog\/index.php?rest_route=%2Fwp%2Fv2%2Ftags&post=3275"}],"curies":[{"name":"wp","href":"https:\/\/api.w.org\/{rel}","templated":true}]}}