{"id":3306,"date":"2011-09-09T08:50:54","date_gmt":"2011-09-09T06:50:54","guid":{"rendered":"http:\/\/www.quiltingstudio.hu\/blog\/?p=3306"},"modified":"2011-09-09T08:50:54","modified_gmt":"2011-09-09T06:50:54","slug":"oszi-takaroink","status":"publish","type":"post","link":"http:\/\/www.quiltingstudio.hu\/blog\/?p=3306","title":{"rendered":"\u0150szi takar\u00f3ink&#8230;"},"content":{"rendered":"<p>Ezek a sz\u00e9p batikolt anyagok ism\u00e9t megtal\u00e1lt\u00e1k a m\u00e9lt\u00f3 hely\u00fcket.<\/p>\n<div id=\"attachment_3307\" style=\"width: 310px\" class=\"wp-caption aligncenter\"><a href=\"http:\/\/www.quiltingstudio.hu\/blog\/wp-content\/uploads\/2011\/09\/oszitakaro1.jpg\"><img aria-describedby=\"caption-attachment-3307\" decoding=\"async\" loading=\"lazy\" class=\"size-medium wp-image-3307\" title=\"oszitakaro1\" src=\"http:\/\/www.quiltingstudio.hu\/blog\/wp-content\/uploads\/2011\/09\/oszitakaro1-300x185.jpg\" alt=\"\u0151szi takar\u00f3nk\" width=\"300\" height=\"185\" srcset=\"http:\/\/www.quiltingstudio.hu\/blog\/wp-content\/uploads\/2011\/09\/oszitakaro1-300x185.jpg 300w, http:\/\/www.quiltingstudio.hu\/blog\/wp-content\/uploads\/2011\/09\/oszitakaro1.jpg 1001w\" sizes=\"(max-width: 300px) 100vw, 300px\" \/><\/a><p id=\"caption-attachment-3307\" class=\"wp-caption-text\">A 2. \u0151szi takar\u00f3nk<\/p><\/div>\n<p><!--more-->A t\u00f6rt\u00e9net ott kezd\u0151dik, hogy megvettem j\u00f3 p\u00e1r \u00e9ve ezeket az anyagokat (nem m\u00e9terben, darabokat) \u00e9s abb\u00f3l (ill. a saj\u00e1t festett anyagokkal kieg\u00e9sz\u00edtve) k\u00e9sz\u00edtettem egy takar\u00f3t.<\/p>\n<p>Arra j\u00f3 lesz, hogy hideg t\u00e9li est\u00e9ken\u00a0 a TV n\u00e9z\u00e9s (m\u00e1r amennyit \u00e9n n\u00e9zem) k\u00f6zben ezzel betakar\u00f3zzunk. M\u00e9g nem is mutattam?<\/p>\n<div id=\"attachment_3309\" style=\"width: 310px\" class=\"wp-caption aligncenter\"><a href=\"http:\/\/www.quiltingstudio.hu\/blog\/wp-content\/uploads\/2011\/09\/oszitakaro0.jpg\"><img aria-describedby=\"caption-attachment-3309\" decoding=\"async\" loading=\"lazy\" class=\"size-medium wp-image-3309\" title=\"oszitakaro0\" src=\"http:\/\/www.quiltingstudio.hu\/blog\/wp-content\/uploads\/2011\/09\/oszitakaro0-300x168.jpg\" alt=\"Az els\u0151 \u0151szi takar\u00f3nk\" width=\"300\" height=\"168\" srcset=\"http:\/\/www.quiltingstudio.hu\/blog\/wp-content\/uploads\/2011\/09\/oszitakaro0-300x168.jpg 300w, http:\/\/www.quiltingstudio.hu\/blog\/wp-content\/uploads\/2011\/09\/oszitakaro0.jpg 1001w\" sizes=\"(max-width: 300px) 100vw, 300px\" \/><\/a><p id=\"caption-attachment-3309\" class=\"wp-caption-text\">Az els\u0151 \u0151szi takar\u00f3nk<\/p><\/div>\n<p>Azt\u00e1n mikor elk\u00e9sz\u00fclt maradt m\u00e9g bel\u0151le, gondoltam kipr\u00f3b\u00e1lok egy \u00faj technik\u00e1t \u00e9s jutok ameddig jutok, ameddig el\u00e9g lesz\u00a0 majd az anyagom.<\/p>\n<p>Ebb\u0151l kerekedett ez a sz\u00f6v\u00f6tt mint\u00e1j\u00fa takar\u00f3. Mint a k\u00e9pen is l\u00e1tszik , b\u0151ven el\u00e9g lett , hiszen m\u00e9g vissza is hajtottam bel\u0151le az \u00e1gy tetej\u00e9n. A sz\u00e9lein 3D-s vadlib\u00e1k vannak.<\/p>\n<p>\u00cdgy most k\u00e9t k\u00fcl\u00f6nb\u00f6z\u0151 mint\u00e1j\u00fa, de azonos sz\u00ednvil\u00e1g\u00fa takar\u00f3 van a nappaliban, \u00e9s egyre jobban tetszik&#8230;<\/p>\n<p>Annyira, hogy elkezdetem m\u00e1r egy \u00fajabbat varrni. Ami\u00f3ta foltvarrok, nem varrtam annyit takar\u00f3t, mint az elm\u00falt 1-2\u00a0 h\u00f3napban.<\/p>\n<div id=\"attachment_3311\" style=\"width: 310px\" class=\"wp-caption aligncenter\"><a href=\"http:\/\/www.quiltingstudio.hu\/blog\/wp-content\/uploads\/2011\/09\/oszitakaro2.jpg\"><img aria-describedby=\"caption-attachment-3311\" decoding=\"async\" loading=\"lazy\" class=\"size-medium wp-image-3311\" title=\"oszitakaro2\" src=\"http:\/\/www.quiltingstudio.hu\/blog\/wp-content\/uploads\/2011\/09\/oszitakaro2-300x168.jpg\" alt=\"A m\u00e1sodik\" width=\"300\" height=\"168\" srcset=\"http:\/\/www.quiltingstudio.hu\/blog\/wp-content\/uploads\/2011\/09\/oszitakaro2-300x168.jpg 300w, http:\/\/www.quiltingstudio.hu\/blog\/wp-content\/uploads\/2011\/09\/oszitakaro2.jpg 1001w\" sizes=\"(max-width: 300px) 100vw, 300px\" \/><\/a><p id=\"caption-attachment-3311\" class=\"wp-caption-text\">A m\u00e1sodik<\/p><\/div>\n<p>Ha sok\u00e1ig n\u00e9zem, az az\u00a0 \u00e9rz\u00e9sem t\u00e1mad, hogy egy olyan r\u00e1csos ker\u00edt\u00e9sen kereszt\u00fcl n\u00e9zem a t\u00e1jat, amit befutottak a n\u00f6v\u00e9nyek&#8230;<\/p>\n","protected":false},"excerpt":{"rendered":"<p>Ezek a sz\u00e9p batikolt anyagok ism\u00e9t megtal\u00e1lt\u00e1k a m\u00e9lt\u00f3 hely\u00fcket.<\/p>\n","protected":false},"author":1,"featured_media":0,"comment_status":"open","ping_status":"closed","sticky":false,"template":"","format":"standard","meta":[],"categories":[3],"tags":[],"aioseo_notices":[],"views":2968,"_links":{"self":[{"href":"http:\/\/www.quiltingstudio.hu\/blog\/index.php?rest_route=\/wp\/v2\/posts\/3306"}],"collection":[{"href":"http:\/\/www.quiltingstudio.hu\/blog\/index.php?rest_route=\/wp\/v2\/posts"}],"about":[{"href":"http:\/\/www.quiltingstudio.hu\/blog\/index.php?rest_route=\/wp\/v2\/types\/post"}],"author":[{"embeddable":true,"href":"http:\/\/www.quiltingstudio.hu\/blog\/index.php?rest_route=\/wp\/v2\/users\/1"}],"replies":[{"embeddable":true,"href":"http:\/\/www.quiltingstudio.hu\/blog\/index.php?rest_route=%2Fwp%2Fv2%2Fcomments&post=3306"}],"version-history":[{"count":4,"href":"http:\/\/www.quiltingstudio.hu\/blog\/index.php?rest_route=\/wp\/v2\/posts\/3306\/revisions"}],"predecessor-version":[{"id":3313,"href":"http:\/\/www.quiltingstudio.hu\/blog\/index.php?rest_route=\/wp\/v2\/posts\/3306\/revisions\/3313"}],"wp:attachment":[{"href":"http:\/\/www.quiltingstudio.hu\/blog\/index.php?rest_route=%2Fwp%2Fv2%2Fmedia&parent=3306"}],"wp:term":[{"taxonomy":"category","embeddable":true,"href":"http:\/\/www.quiltingstudio.hu\/blog\/index.php?rest_route=%2Fwp%2Fv2%2Fcategories&post=3306"},{"taxonomy":"post_tag","embeddable":true,"href":"http:\/\/www.quiltingstudio.hu\/blog\/index.php?rest_route=%2Fwp%2Fv2%2Ftags&post=3306"}],"curies":[{"name":"wp","href":"https:\/\/api.w.org\/{rel}","templated":true}]}}