{"id":3323,"date":"2011-09-12T11:34:58","date_gmt":"2011-09-12T09:34:58","guid":{"rendered":"http:\/\/www.quiltingstudio.hu\/blog\/?p=3323"},"modified":"2011-09-12T11:34:58","modified_gmt":"2011-09-12T09:34:58","slug":"de-hat-ez-kell","status":"publish","type":"post","link":"http:\/\/www.quiltingstudio.hu\/blog\/?p=3323","title":{"rendered":"De h\u00e1t ez kell&#8230;"},"content":{"rendered":"<p>Ism\u00e9t voltam kincset keresni vas\u00e1rnap \u00e9s tal\u00e1ltam is. M\u00e1r j\u00f3 ideje n\u00e9zegettem a k\u00fcl\u00f6nb\u00f6z\u0151 t\u00edpus\u00fa g\u0151z\u00e1llom\u00e1sokat \u00e9s tal\u00e1ltam v\u00e9gre egy megfelel\u0151t:<\/p>\n<div id=\"attachment_3324\" style=\"width: 310px\" class=\"wp-caption aligncenter\"><a href=\"http:\/\/www.quiltingstudio.hu\/blog\/wp-content\/uploads\/2011\/09\/aeg-dbs5558.jpg\"><img aria-describedby=\"caption-attachment-3324\" decoding=\"async\" loading=\"lazy\" class=\"size-medium wp-image-3324\" title=\"aeg-dbs5558\" src=\"http:\/\/www.quiltingstudio.hu\/blog\/wp-content\/uploads\/2011\/09\/aeg-dbs5558-300x222.jpg\" alt=\"g\u0151z\u00e1llom\u00e1s\" width=\"300\" height=\"222\" srcset=\"http:\/\/www.quiltingstudio.hu\/blog\/wp-content\/uploads\/2011\/09\/aeg-dbs5558-300x222.jpg 300w, http:\/\/www.quiltingstudio.hu\/blog\/wp-content\/uploads\/2011\/09\/aeg-dbs5558.jpg 700w\" sizes=\"(max-width: 300px) 100vw, 300px\" \/><\/a><p id=\"caption-attachment-3324\" class=\"wp-caption-text\">K\u00e9p a netr\u0151l<\/p><\/div>\n<p>J\u00f3, tudom van m\u00e1r otthon n\u00e9h\u00e1ny vasal\u00f3m, de ilyen m\u00e9g nincs. Abban sem vagyok biztos, hogy kellett nekem, de hazaj\u00f6tt velem. Micsoda \u00e9lvezettel vasaltam ki a kimosott \u00e1gynem\u0171ket! L\u00e1tni kellett volna &#8230; :o)))<\/p>\n","protected":false},"excerpt":{"rendered":"<p>Ism\u00e9t voltam kincset keresni vas\u00e1rnap \u00e9s tal\u00e1ltam is. M\u00e1r j\u00f3 ideje n\u00e9zegettem a k\u00fcl\u00f6nb\u00f6z\u0151 t\u00edpus\u00fa g\u0151z\u00e1llom\u00e1sokat \u00e9s tal\u00e1ltam v\u00e9gre egy megfelel\u0151t: J\u00f3, tudom van m\u00e1r otthon n\u00e9h\u00e1ny vasal\u00f3m, de ilyen m\u00e9g nincs. Abban sem vagyok biztos, hogy kellett nekem, de hazaj\u00f6tt velem. Micsoda \u00e9lvezettel vasaltam ki a kimosott \u00e1gynem\u0171ket! L\u00e1tni kellett volna &#8230; :o)))<\/p>\n","protected":false},"author":1,"featured_media":0,"comment_status":"open","ping_status":"closed","sticky":false,"template":"","format":"standard","meta":[],"categories":[10],"tags":[],"aioseo_notices":[],"views":3007,"_links":{"self":[{"href":"http:\/\/www.quiltingstudio.hu\/blog\/index.php?rest_route=\/wp\/v2\/posts\/3323"}],"collection":[{"href":"http:\/\/www.quiltingstudio.hu\/blog\/index.php?rest_route=\/wp\/v2\/posts"}],"about":[{"href":"http:\/\/www.quiltingstudio.hu\/blog\/index.php?rest_route=\/wp\/v2\/types\/post"}],"author":[{"embeddable":true,"href":"http:\/\/www.quiltingstudio.hu\/blog\/index.php?rest_route=\/wp\/v2\/users\/1"}],"replies":[{"embeddable":true,"href":"http:\/\/www.quiltingstudio.hu\/blog\/index.php?rest_route=%2Fwp%2Fv2%2Fcomments&post=3323"}],"version-history":[{"count":4,"href":"http:\/\/www.quiltingstudio.hu\/blog\/index.php?rest_route=\/wp\/v2\/posts\/3323\/revisions"}],"predecessor-version":[{"id":3328,"href":"http:\/\/www.quiltingstudio.hu\/blog\/index.php?rest_route=\/wp\/v2\/posts\/3323\/revisions\/3328"}],"wp:attachment":[{"href":"http:\/\/www.quiltingstudio.hu\/blog\/index.php?rest_route=%2Fwp%2Fv2%2Fmedia&parent=3323"}],"wp:term":[{"taxonomy":"category","embeddable":true,"href":"http:\/\/www.quiltingstudio.hu\/blog\/index.php?rest_route=%2Fwp%2Fv2%2Fcategories&post=3323"},{"taxonomy":"post_tag","embeddable":true,"href":"http:\/\/www.quiltingstudio.hu\/blog\/index.php?rest_route=%2Fwp%2Fv2%2Ftags&post=3323"}],"curies":[{"name":"wp","href":"https:\/\/api.w.org\/{rel}","templated":true}]}}