{"id":3336,"date":"2011-09-28T15:35:09","date_gmt":"2011-09-28T13:35:09","guid":{"rendered":"http:\/\/www.quiltingstudio.hu\/blog\/?p=3336"},"modified":"2011-09-28T15:40:02","modified_gmt":"2011-09-28T13:40:02","slug":"nyar-vegen","status":"publish","type":"post","link":"http:\/\/www.quiltingstudio.hu\/blog\/?p=3336","title":{"rendered":"Ny\u00e1r v\u00e9g\u00e9n&#8230;"},"content":{"rendered":"<div id=\"attachment_3337\" style=\"width: 235px\" class=\"wp-caption aligncenter\"><a href=\"http:\/\/www.quiltingstudio.hu\/blog\/wp-content\/uploads\/2011\/09\/puszta.jpg\"><img aria-describedby=\"caption-attachment-3337\" decoding=\"async\" loading=\"lazy\" class=\"size-medium wp-image-3337\" title=\"puszta\" src=\"http:\/\/www.quiltingstudio.hu\/blog\/wp-content\/uploads\/2011\/09\/puszta-225x300.jpg\" alt=\"a puszta\" width=\"225\" height=\"300\" srcset=\"http:\/\/www.quiltingstudio.hu\/blog\/wp-content\/uploads\/2011\/09\/puszta-225x300.jpg 225w, http:\/\/www.quiltingstudio.hu\/blog\/wp-content\/uploads\/2011\/09\/puszta-768x1024.jpg 768w, http:\/\/www.quiltingstudio.hu\/blog\/wp-content\/uploads\/2011\/09\/puszta.jpg 1099w\" sizes=\"(max-width: 225px) 100vw, 225px\" \/><\/a><p id=\"caption-attachment-3337\" class=\"wp-caption-text\">a puszta<\/p><\/div>\n<p>m\u00e9g megpr\u00f3b\u00e1ltunk egy-k\u00e9t k\u00f6rt kerekezni. Ilyen helyeken j\u00e1rtunk. C\u00e9l Gyulafir\u00e1t\u00f3t volt.<\/p>\n<p><!--more-->A legegyszer\u0171bb volt a r\u00e9gi katonai ter\u00fcleten kereszt\u00fcl gurulni.<\/p>\n<div id=\"attachment_3338\" style=\"width: 310px\" class=\"wp-caption aligncenter\"><a href=\"http:\/\/www.quiltingstudio.hu\/blog\/wp-content\/uploads\/2011\/09\/feluton.jpg\"><img aria-describedby=\"caption-attachment-3338\" decoding=\"async\" loading=\"lazy\" class=\"size-medium wp-image-3338\" title=\"feluton\" src=\"http:\/\/www.quiltingstudio.hu\/blog\/wp-content\/uploads\/2011\/09\/feluton-300x220.jpg\" alt=\"mindig csak egyenesen\" width=\"300\" height=\"220\" srcset=\"http:\/\/www.quiltingstudio.hu\/blog\/wp-content\/uploads\/2011\/09\/feluton-300x220.jpg 300w, http:\/\/www.quiltingstudio.hu\/blog\/wp-content\/uploads\/2011\/09\/feluton-1024x751.jpg 1024w, http:\/\/www.quiltingstudio.hu\/blog\/wp-content\/uploads\/2011\/09\/feluton.jpg 1099w\" sizes=\"(max-width: 300px) 100vw, 300px\" \/><\/a><p id=\"caption-attachment-3338\" class=\"wp-caption-text\">mindig csak egyenesen<\/p><\/div>\n<p>Ment\u00fcnk, amerre a szem ell\u00e1t, meg amerre az \u00fat vezetett.<\/p>\n<div id=\"attachment_3339\" style=\"width: 310px\" class=\"wp-caption aligncenter\"><a href=\"http:\/\/www.quiltingstudio.hu\/blog\/wp-content\/uploads\/2011\/09\/amult.jpg\"><img aria-describedby=\"caption-attachment-3339\" decoding=\"async\" loading=\"lazy\" class=\"size-medium wp-image-3339\" title=\"amult\" src=\"http:\/\/www.quiltingstudio.hu\/blog\/wp-content\/uploads\/2011\/09\/amult-300x202.jpg\" alt=\"a m\u00falt\" width=\"300\" height=\"202\" srcset=\"http:\/\/www.quiltingstudio.hu\/blog\/wp-content\/uploads\/2011\/09\/amult-300x202.jpg 300w, http:\/\/www.quiltingstudio.hu\/blog\/wp-content\/uploads\/2011\/09\/amult-1024x690.jpg 1024w, http:\/\/www.quiltingstudio.hu\/blog\/wp-content\/uploads\/2011\/09\/amult.jpg 1100w\" sizes=\"(max-width: 300px) 100vw, 300px\" \/><\/a><p id=\"caption-attachment-3339\" class=\"wp-caption-text\">a m\u00falt<\/p><\/div>\n<p>Nem meglep\u0151, hogy mindenhol a m\u00falt eml\u00e9keivel \u00e9s sok sok szem\u00e9ttel tal\u00e1lkoztunk. Ja, \u00e9s egy \u0151zik\u00e9vel is. :o)))<\/p>\n<div id=\"attachment_3340\" style=\"width: 310px\" class=\"wp-caption aligncenter\"><a href=\"http:\/\/www.quiltingstudio.hu\/blog\/wp-content\/uploads\/2011\/09\/masikvege.jpg\"><img aria-describedby=\"caption-attachment-3340\" decoding=\"async\" loading=\"lazy\" class=\"size-medium wp-image-3340\" title=\"masikvege\" src=\"http:\/\/www.quiltingstudio.hu\/blog\/wp-content\/uploads\/2011\/09\/masikvege-300x223.jpg\" alt=\"V\u00e9ge\" width=\"300\" height=\"223\" srcset=\"http:\/\/www.quiltingstudio.hu\/blog\/wp-content\/uploads\/2011\/09\/masikvege-300x223.jpg 300w, http:\/\/www.quiltingstudio.hu\/blog\/wp-content\/uploads\/2011\/09\/masikvege-1024x763.jpg 1024w, http:\/\/www.quiltingstudio.hu\/blog\/wp-content\/uploads\/2011\/09\/masikvege.jpg 1100w\" sizes=\"(max-width: 300px) 100vw, 300px\" \/><\/a><p id=\"caption-attachment-3340\" class=\"wp-caption-text\">V\u00e9ge<\/p><\/div>\n<p>Visszafel\u00e9 K\u00e1d\u00e1rt\u00e1n \u00e1t vezetett a bicikli \u00fat.<\/p>\n<p>A vas\u00fat\u00e1llom\u00e1s olyan, mintha meg\u00e1llt volna az id\u0151.<\/p>\n<div id=\"attachment_3346\" style=\"width: 310px\" class=\"wp-caption aligncenter\"><a href=\"http:\/\/www.quiltingstudio.hu\/blog\/wp-content\/uploads\/2011\/09\/kadartava.jpg\"><img aria-describedby=\"caption-attachment-3346\" decoding=\"async\" loading=\"lazy\" class=\"size-medium wp-image-3346\" title=\"kadartava\" src=\"http:\/\/www.quiltingstudio.hu\/blog\/wp-content\/uploads\/2011\/09\/kadartava-300x224.jpg\" alt=\"Vas\u00fati meg\u00e1ll\u00f3\" width=\"300\" height=\"224\" srcset=\"http:\/\/www.quiltingstudio.hu\/blog\/wp-content\/uploads\/2011\/09\/kadartava-300x224.jpg 300w, http:\/\/www.quiltingstudio.hu\/blog\/wp-content\/uploads\/2011\/09\/kadartava-1024x768.jpg 1024w, http:\/\/www.quiltingstudio.hu\/blog\/wp-content\/uploads\/2011\/09\/kadartava.jpg 1100w\" sizes=\"(max-width: 300px) 100vw, 300px\" \/><\/a><p id=\"caption-attachment-3346\" class=\"wp-caption-text\">Vas\u00fati meg\u00e1ll\u00f3<\/p><\/div>\n","protected":false},"excerpt":{"rendered":"<p>m\u00e9g megpr\u00f3b\u00e1ltunk egy-k\u00e9t k\u00f6rt kerekezni. Ilyen helyeken j\u00e1rtunk. C\u00e9l Gyulafir\u00e1t\u00f3t volt.<\/p>\n","protected":false},"author":1,"featured_media":0,"comment_status":"open","ping_status":"closed","sticky":false,"template":"","format":"standard","meta":[],"categories":[12],"tags":[],"aioseo_notices":[],"views":2032,"_links":{"self":[{"href":"http:\/\/www.quiltingstudio.hu\/blog\/index.php?rest_route=\/wp\/v2\/posts\/3336"}],"collection":[{"href":"http:\/\/www.quiltingstudio.hu\/blog\/index.php?rest_route=\/wp\/v2\/posts"}],"about":[{"href":"http:\/\/www.quiltingstudio.hu\/blog\/index.php?rest_route=\/wp\/v2\/types\/post"}],"author":[{"embeddable":true,"href":"http:\/\/www.quiltingstudio.hu\/blog\/index.php?rest_route=\/wp\/v2\/users\/1"}],"replies":[{"embeddable":true,"href":"http:\/\/www.quiltingstudio.hu\/blog\/index.php?rest_route=%2Fwp%2Fv2%2Fcomments&post=3336"}],"version-history":[{"count":6,"href":"http:\/\/www.quiltingstudio.hu\/blog\/index.php?rest_route=\/wp\/v2\/posts\/3336\/revisions"}],"predecessor-version":[{"id":3347,"href":"http:\/\/www.quiltingstudio.hu\/blog\/index.php?rest_route=\/wp\/v2\/posts\/3336\/revisions\/3347"}],"wp:attachment":[{"href":"http:\/\/www.quiltingstudio.hu\/blog\/index.php?rest_route=%2Fwp%2Fv2%2Fmedia&parent=3336"}],"wp:term":[{"taxonomy":"category","embeddable":true,"href":"http:\/\/www.quiltingstudio.hu\/blog\/index.php?rest_route=%2Fwp%2Fv2%2Fcategories&post=3336"},{"taxonomy":"post_tag","embeddable":true,"href":"http:\/\/www.quiltingstudio.hu\/blog\/index.php?rest_route=%2Fwp%2Fv2%2Ftags&post=3336"}],"curies":[{"name":"wp","href":"https:\/\/api.w.org\/{rel}","templated":true}]}}