{"id":3345,"date":"2011-09-30T15:40:58","date_gmt":"2011-09-30T13:40:58","guid":{"rendered":"http:\/\/www.quiltingstudio.hu\/blog\/?p=3345"},"modified":"2011-10-10T17:48:03","modified_gmt":"2011-10-10T15:48:03","slug":"marko-fele","status":"publish","type":"post","link":"http:\/\/www.quiltingstudio.hu\/blog\/?p=3345","title":{"rendered":"M\u00e1rk\u00f3 fel\u00e9&#8230;"},"content":{"rendered":"<p>m\u00e9g nem j\u00e1rtunk, h\u00e1t el kellett biciklizni errefel\u00e9 is.<\/p>\n<div id=\"attachment_3350\" style=\"width: 310px\" class=\"wp-caption aligncenter\"><a href=\"http:\/\/www.quiltingstudio.hu\/blog\/wp-content\/uploads\/2011\/09\/sedpart.jpg\"><img aria-describedby=\"caption-attachment-3350\" decoding=\"async\" loading=\"lazy\" class=\"size-medium wp-image-3350\" title=\"sedpart\" src=\"http:\/\/www.quiltingstudio.hu\/blog\/wp-content\/uploads\/2011\/09\/sedpart-300x224.jpg\" alt=\"A s\u00e9d partja\" width=\"300\" height=\"224\" srcset=\"http:\/\/www.quiltingstudio.hu\/blog\/wp-content\/uploads\/2011\/09\/sedpart-300x224.jpg 300w, http:\/\/www.quiltingstudio.hu\/blog\/wp-content\/uploads\/2011\/09\/sedpart-1024x768.jpg 1024w, http:\/\/www.quiltingstudio.hu\/blog\/wp-content\/uploads\/2011\/09\/sedpart.jpg 1100w\" sizes=\"(max-width: 300px) 100vw, 300px\" \/><\/a><p id=\"caption-attachment-3350\" class=\"wp-caption-text\">A s\u00e9d partja<\/p><\/div>\n<p>A patak egyik oldal\u00e1n ment\u00fcnk, \u00e9s a m\u00e1sik oldal\u00e1n j\u00f6tt\u00fcnk vissza. Sajnos az az \u00fat m\u00e1r kicsit messzebb, ink\u00e1bb a sz\u00e1nt\u00f3f\u00f6ld\u00f6n kereszt\u00fcl vezetett.<\/p>\n<p><!--more--><\/p>\n<div id=\"attachment_3351\" style=\"width: 234px\" class=\"wp-caption aligncenter\"><a href=\"http:\/\/www.quiltingstudio.hu\/blog\/wp-content\/uploads\/2011\/09\/markofele.jpg\"><img aria-describedby=\"caption-attachment-3351\" decoding=\"async\" loading=\"lazy\" class=\"size-medium wp-image-3351\" title=\"markofele\" src=\"http:\/\/www.quiltingstudio.hu\/blog\/wp-content\/uploads\/2011\/09\/markofele-224x300.jpg\" alt=\"F\u00e9l\u00faton\" width=\"224\" height=\"300\" srcset=\"http:\/\/www.quiltingstudio.hu\/blog\/wp-content\/uploads\/2011\/09\/markofele-224x300.jpg 224w, http:\/\/www.quiltingstudio.hu\/blog\/wp-content\/uploads\/2011\/09\/markofele-767x1024.jpg 767w, http:\/\/www.quiltingstudio.hu\/blog\/wp-content\/uploads\/2011\/09\/markofele.jpg 1100w\" sizes=\"(max-width: 224px) 100vw, 224px\" \/><\/a><p id=\"caption-attachment-3351\" class=\"wp-caption-text\">F\u00e9l\u00faton<\/p><\/div>\n<p>Meg\u00e1lltunk vir\u00e1gokat f\u00e9nyk\u00e9pezni.<\/p>\n<div id=\"attachment_3352\" style=\"width: 234px\" class=\"wp-caption aligncenter\"><a href=\"http:\/\/www.quiltingstudio.hu\/blog\/wp-content\/uploads\/2011\/09\/magaslesbol.jpg\"><img aria-describedby=\"caption-attachment-3352\" decoding=\"async\" loading=\"lazy\" class=\"size-medium wp-image-3352\" title=\"magaslesbol\" src=\"http:\/\/www.quiltingstudio.hu\/blog\/wp-content\/uploads\/2011\/09\/magaslesbol-224x300.jpg\" alt=\"Vadles\" width=\"224\" height=\"300\" srcset=\"http:\/\/www.quiltingstudio.hu\/blog\/wp-content\/uploads\/2011\/09\/magaslesbol-224x300.jpg 224w, http:\/\/www.quiltingstudio.hu\/blog\/wp-content\/uploads\/2011\/09\/magaslesbol-767x1024.jpg 767w, http:\/\/www.quiltingstudio.hu\/blog\/wp-content\/uploads\/2011\/09\/magaslesbol.jpg 1100w\" sizes=\"(max-width: 224px) 100vw, 224px\" \/><\/a><p id=\"caption-attachment-3352\" class=\"wp-caption-text\">Vadles<\/p><\/div>\n<p>Fel kellett ide is menni, h\u00e1tha&#8230; de nem l\u00e1ttunk semmit.<\/p>\n<div id=\"attachment_3353\" style=\"width: 310px\" class=\"wp-caption aligncenter\"><a href=\"http:\/\/www.quiltingstudio.hu\/blog\/wp-content\/uploads\/2011\/09\/kalvaria_markon.jpg\"><img aria-describedby=\"caption-attachment-3353\" decoding=\"async\" loading=\"lazy\" class=\"size-medium wp-image-3353\" title=\"kalvaria_markon\" src=\"http:\/\/www.quiltingstudio.hu\/blog\/wp-content\/uploads\/2011\/09\/kalvaria_markon-300x216.jpg\" alt=\"A fel\u00faj\u00edtott k\u00e1lv\u00e1ria\" width=\"300\" height=\"216\" srcset=\"http:\/\/www.quiltingstudio.hu\/blog\/wp-content\/uploads\/2011\/09\/kalvaria_markon-300x216.jpg 300w, http:\/\/www.quiltingstudio.hu\/blog\/wp-content\/uploads\/2011\/09\/kalvaria_markon-1024x740.jpg 1024w, http:\/\/www.quiltingstudio.hu\/blog\/wp-content\/uploads\/2011\/09\/kalvaria_markon.jpg 1100w\" sizes=\"(max-width: 300px) 100vw, 300px\" \/><\/a><p id=\"caption-attachment-3353\" class=\"wp-caption-text\">A fel\u00faj\u00edtott k\u00e1lv\u00e1ria<\/p><\/div>\n<p>Ha m\u00e1r id\u00e1ig eljutt\u00fcnk, megn\u00e9zt\u00fck a sz\u00e9pen fel\u00faj\u00edtott K\u00e1lv\u00e1ri\u00e1t.<\/p>\n<div id=\"attachment_3354\" style=\"width: 310px\" class=\"wp-caption aligncenter\"><a href=\"http:\/\/www.quiltingstudio.hu\/blog\/wp-content\/uploads\/2011\/09\/kalvaria.jpg\"><img aria-describedby=\"caption-attachment-3354\" decoding=\"async\" loading=\"lazy\" class=\"size-medium wp-image-3354\" title=\"kalvaria\" src=\"http:\/\/www.quiltingstudio.hu\/blog\/wp-content\/uploads\/2011\/09\/kalvaria-300x252.jpg\" alt=\"A m\u00e1sik oldala\" width=\"300\" height=\"252\" srcset=\"http:\/\/www.quiltingstudio.hu\/blog\/wp-content\/uploads\/2011\/09\/kalvaria-300x252.jpg 300w, http:\/\/www.quiltingstudio.hu\/blog\/wp-content\/uploads\/2011\/09\/kalvaria-1024x860.jpg 1024w, http:\/\/www.quiltingstudio.hu\/blog\/wp-content\/uploads\/2011\/09\/kalvaria.jpg 1101w\" sizes=\"(max-width: 300px) 100vw, 300px\" \/><\/a><p id=\"caption-attachment-3354\" class=\"wp-caption-text\">A m\u00e1sik oldala<\/p><\/div>\n<p>A st\u00e1ci\u00f3k is nagyon sz\u00e9pek.<\/p>\n<div id=\"attachment_3355\" style=\"width: 310px\" class=\"wp-caption aligncenter\"><a href=\"http:\/\/www.quiltingstudio.hu\/blog\/wp-content\/uploads\/2011\/09\/staciok.jpg\"><img aria-describedby=\"caption-attachment-3355\" decoding=\"async\" loading=\"lazy\" class=\"size-medium wp-image-3355\" title=\"staciok\" src=\"http:\/\/www.quiltingstudio.hu\/blog\/wp-content\/uploads\/2011\/09\/staciok-300x264.jpg\" alt=\"lefel\u00e9\" width=\"300\" height=\"264\" srcset=\"http:\/\/www.quiltingstudio.hu\/blog\/wp-content\/uploads\/2011\/09\/staciok-300x264.jpg 300w, http:\/\/www.quiltingstudio.hu\/blog\/wp-content\/uploads\/2011\/09\/staciok-1024x902.jpg 1024w, http:\/\/www.quiltingstudio.hu\/blog\/wp-content\/uploads\/2011\/09\/staciok.jpg 1101w\" sizes=\"(max-width: 300px) 100vw, 300px\" \/><\/a><p id=\"caption-attachment-3355\" class=\"wp-caption-text\">lefel\u00e9<\/p><\/div>\n<p>Visszafel\u00e9 a sz\u00e1nt\u00f3f\u00f6ld\u00f6n:<\/p>\n<div id=\"attachment_3356\" style=\"width: 310px\" class=\"wp-caption aligncenter\"><a href=\"http:\/\/www.quiltingstudio.hu\/blog\/wp-content\/uploads\/2011\/09\/visszafele.jpg\"><img aria-describedby=\"caption-attachment-3356\" decoding=\"async\" loading=\"lazy\" class=\"size-medium wp-image-3356\" title=\"visszafele\" src=\"http:\/\/www.quiltingstudio.hu\/blog\/wp-content\/uploads\/2011\/09\/visszafele-300x246.jpg\" alt=\"Csat\u00e1ri kil\u00e1t\u00f3 a m\u00e1sik oldal\u00e1r\u00f3l\" width=\"300\" height=\"246\" srcset=\"http:\/\/www.quiltingstudio.hu\/blog\/wp-content\/uploads\/2011\/09\/visszafele-300x246.jpg 300w, http:\/\/www.quiltingstudio.hu\/blog\/wp-content\/uploads\/2011\/09\/visszafele-1024x840.jpg 1024w, http:\/\/www.quiltingstudio.hu\/blog\/wp-content\/uploads\/2011\/09\/visszafele.jpg 1101w\" sizes=\"(max-width: 300px) 100vw, 300px\" \/><\/a><p id=\"caption-attachment-3356\" class=\"wp-caption-text\">Csat\u00e1ri kil\u00e1t\u00f3 a m\u00e1sik oldal\u00e1r\u00f3l<\/p><\/div>\n<p>Nem volt ez nagy t\u00fara, m\u00e9gis olyan messzinek t\u0171nik a v\u00e1ros.<\/p>\n<div id=\"attachment_3357\" style=\"width: 310px\" class=\"wp-caption aligncenter\"><a href=\"http:\/\/www.quiltingstudio.hu\/blog\/wp-content\/uploads\/2011\/09\/hatterben_veszprem.jpg\"><img aria-describedby=\"caption-attachment-3357\" decoding=\"async\" loading=\"lazy\" class=\"size-medium wp-image-3357\" title=\"hatterben_veszprem\" src=\"http:\/\/www.quiltingstudio.hu\/blog\/wp-content\/uploads\/2011\/09\/hatterben_veszprem-300x164.jpg\" alt=\"Veszpr\u00e9m a l\u00e1that\u00e1ron\" width=\"300\" height=\"164\" srcset=\"http:\/\/www.quiltingstudio.hu\/blog\/wp-content\/uploads\/2011\/09\/hatterben_veszprem-300x164.jpg 300w, http:\/\/www.quiltingstudio.hu\/blog\/wp-content\/uploads\/2011\/09\/hatterben_veszprem-1024x560.jpg 1024w, http:\/\/www.quiltingstudio.hu\/blog\/wp-content\/uploads\/2011\/09\/hatterben_veszprem.jpg 1101w\" sizes=\"(max-width: 300px) 100vw, 300px\" \/><\/a><p id=\"caption-attachment-3357\" class=\"wp-caption-text\">Veszpr\u00e9m a l\u00e1that\u00e1ron<\/p><\/div>\n","protected":false},"excerpt":{"rendered":"<p>m\u00e9g nem j\u00e1rtunk, h\u00e1t el kellett biciklizni errefel\u00e9 is. A patak egyik oldal\u00e1n ment\u00fcnk, \u00e9s a m\u00e1sik oldal\u00e1n j\u00f6tt\u00fcnk vissza. Sajnos az az \u00fat m\u00e1r kicsit messzebb, ink\u00e1bb a sz\u00e1nt\u00f3f\u00f6ld\u00f6n kereszt\u00fcl vezetett.<\/p>\n","protected":false},"author":1,"featured_media":0,"comment_status":"open","ping_status":"closed","sticky":false,"template":"","format":"standard","meta":[],"categories":[12],"tags":[],"aioseo_notices":[],"views":2998,"_links":{"self":[{"href":"http:\/\/www.quiltingstudio.hu\/blog\/index.php?rest_route=\/wp\/v2\/posts\/3345"}],"collection":[{"href":"http:\/\/www.quiltingstudio.hu\/blog\/index.php?rest_route=\/wp\/v2\/posts"}],"about":[{"href":"http:\/\/www.quiltingstudio.hu\/blog\/index.php?rest_route=\/wp\/v2\/types\/post"}],"author":[{"embeddable":true,"href":"http:\/\/www.quiltingstudio.hu\/blog\/index.php?rest_route=\/wp\/v2\/users\/1"}],"replies":[{"embeddable":true,"href":"http:\/\/www.quiltingstudio.hu\/blog\/index.php?rest_route=%2Fwp%2Fv2%2Fcomments&post=3345"}],"version-history":[{"count":4,"href":"http:\/\/www.quiltingstudio.hu\/blog\/index.php?rest_route=\/wp\/v2\/posts\/3345\/revisions"}],"predecessor-version":[{"id":3360,"href":"http:\/\/www.quiltingstudio.hu\/blog\/index.php?rest_route=\/wp\/v2\/posts\/3345\/revisions\/3360"}],"wp:attachment":[{"href":"http:\/\/www.quiltingstudio.hu\/blog\/index.php?rest_route=%2Fwp%2Fv2%2Fmedia&parent=3345"}],"wp:term":[{"taxonomy":"category","embeddable":true,"href":"http:\/\/www.quiltingstudio.hu\/blog\/index.php?rest_route=%2Fwp%2Fv2%2Fcategories&post=3345"},{"taxonomy":"post_tag","embeddable":true,"href":"http:\/\/www.quiltingstudio.hu\/blog\/index.php?rest_route=%2Fwp%2Fv2%2Ftags&post=3345"}],"curies":[{"name":"wp","href":"https:\/\/api.w.org\/{rel}","templated":true}]}}