{"id":3401,"date":"2011-10-10T19:00:18","date_gmt":"2011-10-10T17:00:18","guid":{"rendered":"http:\/\/www.quiltingstudio.hu\/blog\/?p=3401"},"modified":"2011-10-10T17:53:02","modified_gmt":"2011-10-10T15:53:02","slug":"rendezgettem","status":"publish","type":"post","link":"http:\/\/www.quiltingstudio.hu\/blog\/?p=3401","title":{"rendered":"Rendezgettem&#8230;"},"content":{"rendered":"<p>kicsit a holmimat \u00e9s \u00fagy vettem \u00e9szre m\u00e9g nincs mindennek meg a megfelel\u0151\u00a0 helye.<\/p>\n<div id=\"attachment_3402\" style=\"width: 310px\" class=\"wp-caption aligncenter\"><a href=\"http:\/\/www.quiltingstudio.hu\/blog\/wp-content\/uploads\/2011\/10\/eszkoztarto.jpg\"><img aria-describedby=\"caption-attachment-3402\" decoding=\"async\" loading=\"lazy\" class=\"size-medium wp-image-3402\" title=\"eszkoztarto\" src=\"http:\/\/www.quiltingstudio.hu\/blog\/wp-content\/uploads\/2011\/10\/eszkoztarto-300x186.jpg\" alt=\"nyitva\" width=\"300\" height=\"186\" srcset=\"http:\/\/www.quiltingstudio.hu\/blog\/wp-content\/uploads\/2011\/10\/eszkoztarto-300x186.jpg 300w, http:\/\/www.quiltingstudio.hu\/blog\/wp-content\/uploads\/2011\/10\/eszkoztarto.jpg 999w\" sizes=\"(max-width: 300px) 100vw, 300px\" \/><\/a><p id=\"caption-attachment-3402\" class=\"wp-caption-text\">nyitva<\/p><\/div>\n<p>Ez\u00e9rt k\u00e9sz\u00fclt ez a kis egyszer\u0171 eszk\u00f6ztart\u00f3.<!--more--><\/p>\n<p>El\u0151fordulhat, hogy megyek valahova varrni, s akkor csak \u00f6sszetekerem \u00e9s \u00f6sszek\u00f6t\u00f6m. M\u00e1ris \u00fatra k\u00e9sz!<\/p>\n<div id=\"attachment_3403\" style=\"width: 310px\" class=\"wp-caption aligncenter\"><a href=\"http:\/\/www.quiltingstudio.hu\/blog\/wp-content\/uploads\/2011\/10\/eszkoztarto_csukva.jpg\"><img aria-describedby=\"caption-attachment-3403\" decoding=\"async\" loading=\"lazy\" class=\"size-medium wp-image-3403\" title=\"eszkoztarto_csukva\" src=\"http:\/\/www.quiltingstudio.hu\/blog\/wp-content\/uploads\/2011\/10\/eszkoztarto_csukva-300x137.jpg\" alt=\"csukva\" width=\"300\" height=\"137\" srcset=\"http:\/\/www.quiltingstudio.hu\/blog\/wp-content\/uploads\/2011\/10\/eszkoztarto_csukva-300x137.jpg 300w, http:\/\/www.quiltingstudio.hu\/blog\/wp-content\/uploads\/2011\/10\/eszkoztarto_csukva.jpg 1000w\" sizes=\"(max-width: 300px) 100vw, 300px\" \/><\/a><p id=\"caption-attachment-3403\" class=\"wp-caption-text\">csukva<\/p><\/div>\n<p>\u00c9s milyen j\u00f3l elvoltam egy p\u00e1r \u00f3r\u00e1t&#8230;:o)))<\/p>\n","protected":false},"excerpt":{"rendered":"<p>kicsit a holmimat \u00e9s \u00fagy vettem \u00e9szre m\u00e9g nincs mindennek meg a megfelel\u0151\u00a0 helye. Ez\u00e9rt k\u00e9sz\u00fclt ez a kis egyszer\u0171 eszk\u00f6ztart\u00f3.<\/p>\n","protected":false},"author":1,"featured_media":0,"comment_status":"open","ping_status":"closed","sticky":false,"template":"","format":"standard","meta":[],"categories":[3],"tags":[],"aioseo_notices":[],"views":2105,"_links":{"self":[{"href":"http:\/\/www.quiltingstudio.hu\/blog\/index.php?rest_route=\/wp\/v2\/posts\/3401"}],"collection":[{"href":"http:\/\/www.quiltingstudio.hu\/blog\/index.php?rest_route=\/wp\/v2\/posts"}],"about":[{"href":"http:\/\/www.quiltingstudio.hu\/blog\/index.php?rest_route=\/wp\/v2\/types\/post"}],"author":[{"embeddable":true,"href":"http:\/\/www.quiltingstudio.hu\/blog\/index.php?rest_route=\/wp\/v2\/users\/1"}],"replies":[{"embeddable":true,"href":"http:\/\/www.quiltingstudio.hu\/blog\/index.php?rest_route=%2Fwp%2Fv2%2Fcomments&post=3401"}],"version-history":[{"count":3,"href":"http:\/\/www.quiltingstudio.hu\/blog\/index.php?rest_route=\/wp\/v2\/posts\/3401\/revisions"}],"predecessor-version":[{"id":3406,"href":"http:\/\/www.quiltingstudio.hu\/blog\/index.php?rest_route=\/wp\/v2\/posts\/3401\/revisions\/3406"}],"wp:attachment":[{"href":"http:\/\/www.quiltingstudio.hu\/blog\/index.php?rest_route=%2Fwp%2Fv2%2Fmedia&parent=3401"}],"wp:term":[{"taxonomy":"category","embeddable":true,"href":"http:\/\/www.quiltingstudio.hu\/blog\/index.php?rest_route=%2Fwp%2Fv2%2Fcategories&post=3401"},{"taxonomy":"post_tag","embeddable":true,"href":"http:\/\/www.quiltingstudio.hu\/blog\/index.php?rest_route=%2Fwp%2Fv2%2Ftags&post=3401"}],"curies":[{"name":"wp","href":"https:\/\/api.w.org\/{rel}","templated":true}]}}