{"id":3407,"date":"2011-10-11T14:53:10","date_gmt":"2011-10-11T12:53:10","guid":{"rendered":"http:\/\/www.quiltingstudio.hu\/blog\/?p=3407"},"modified":"2011-10-10T18:03:55","modified_gmt":"2011-10-10T16:03:55","slug":"mert-megerdemlem","status":"publish","type":"post","link":"http:\/\/www.quiltingstudio.hu\/blog\/?p=3407","title":{"rendered":"Mert meg\u00e9rdemlem&#8230;"},"content":{"rendered":"<p>Mivel Janome m\u00e1r egy j\u00f3\u00f3\u00f3\u00f3\u00f3\u00f3 ideje szervizben, k\u00e9nytelen voltam a m\u00e1sik g\u00e9pet haszn\u00e1lni. \u00c9s ha m\u00e1r a Auror\u00e1t el\u0151vettem, musz\u00e1j volt kicsit j\u00e1tszani.<\/p>\n<p>H\u00edmeztem:<\/p>\n<div id=\"attachment_3408\" style=\"width: 179px\" class=\"wp-caption aligncenter\"><a href=\"http:\/\/www.quiltingstudio.hu\/blog\/wp-content\/uploads\/2011\/10\/lila.jpg\"><img aria-describedby=\"caption-attachment-3408\" decoding=\"async\" loading=\"lazy\" class=\"size-medium wp-image-3408\" title=\"lila\" src=\"http:\/\/www.quiltingstudio.hu\/blog\/wp-content\/uploads\/2011\/10\/lila-169x300.jpg\" alt=\"a lila vari\u00e1ci\u00f3\" width=\"169\" height=\"300\" srcset=\"http:\/\/www.quiltingstudio.hu\/blog\/wp-content\/uploads\/2011\/10\/lila-169x300.jpg 169w, http:\/\/www.quiltingstudio.hu\/blog\/wp-content\/uploads\/2011\/10\/lila-578x1023.jpg 578w, http:\/\/www.quiltingstudio.hu\/blog\/wp-content\/uploads\/2011\/10\/lila.jpg 1000w\" sizes=\"(max-width: 169px) 100vw, 169px\" \/><\/a><p id=\"caption-attachment-3408\" class=\"wp-caption-text\">a lila vari\u00e1ci\u00f3<\/p><\/div>\n<p>Persze, az\u00e9rt nem \u00f6nc\u00e9l\u00faan. Kar\u00e1csonyra aj\u00e1nd\u00e9knak sz\u00e1ntam, ebb\u0151l is k\u00e9sz\u00fcl majd valami.<!--more-->De annyira tetszettek a mint\u00e1k, hogy k\u00e9sz\u00edtettem m\u00e9g n\u00e9h\u00e1ny v\u00e1ltozatot, meg h\u00e1t lenne gazd\u00e1ja b\u0151ven&#8230;<\/p>\n<div id=\"attachment_3409\" style=\"width: 179px\" class=\"wp-caption aligncenter\"><a href=\"http:\/\/www.quiltingstudio.hu\/blog\/wp-content\/uploads\/2011\/10\/zold.jpg\"><img aria-describedby=\"caption-attachment-3409\" decoding=\"async\" loading=\"lazy\" class=\"size-medium wp-image-3409\" title=\"zold\" src=\"http:\/\/www.quiltingstudio.hu\/blog\/wp-content\/uploads\/2011\/10\/zold-169x300.jpg\" alt=\"a z\u00f6ld vari\u00e1ci\u00f3\" width=\"169\" height=\"300\" srcset=\"http:\/\/www.quiltingstudio.hu\/blog\/wp-content\/uploads\/2011\/10\/zold-169x300.jpg 169w, http:\/\/www.quiltingstudio.hu\/blog\/wp-content\/uploads\/2011\/10\/zold-578x1023.jpg 578w, http:\/\/www.quiltingstudio.hu\/blog\/wp-content\/uploads\/2011\/10\/zold.jpg 1000w\" sizes=\"(max-width: 169px) 100vw, 169px\" \/><\/a><p id=\"caption-attachment-3409\" class=\"wp-caption-text\">a z\u00f6ld vari\u00e1ci\u00f3<\/p><\/div>\n<p>Pr\u00f3b\u00e1ltam az apr\u00f3cska ruhadarabokat egym\u00e1ssal kombin\u00e1lni, hogy m\u00e9g v\u00e9letlen\u00fcl se legyenek egyform\u00e1k:<\/p>\n<div id=\"attachment_3410\" style=\"width: 179px\" class=\"wp-caption aligncenter\"><a href=\"http:\/\/www.quiltingstudio.hu\/blog\/wp-content\/uploads\/2011\/10\/kek.jpg\"><img aria-describedby=\"caption-attachment-3410\" decoding=\"async\" loading=\"lazy\" class=\"size-medium wp-image-3410\" title=\"kek\" src=\"http:\/\/www.quiltingstudio.hu\/blog\/wp-content\/uploads\/2011\/10\/kek-169x300.jpg\" alt=\"A k\u00e9k vari\u00e1ci\u00f3\" width=\"169\" height=\"300\" srcset=\"http:\/\/www.quiltingstudio.hu\/blog\/wp-content\/uploads\/2011\/10\/kek-169x300.jpg 169w, http:\/\/www.quiltingstudio.hu\/blog\/wp-content\/uploads\/2011\/10\/kek-578x1023.jpg 578w, http:\/\/www.quiltingstudio.hu\/blog\/wp-content\/uploads\/2011\/10\/kek.jpg 1000w\" sizes=\"(max-width: 169px) 100vw, 169px\" \/><\/a><p id=\"caption-attachment-3410\" class=\"wp-caption-text\">A k\u00e9k vari\u00e1ci\u00f3<\/p><\/div>\n<p>Nem, a k\u00e9p nem szellemk\u00e9pes, ez a csipked\u00edsz\u00edt\u00e9s az alj\u00e1n!<\/p>\n<div id=\"attachment_3411\" style=\"width: 179px\" class=\"wp-caption aligncenter\"><a href=\"http:\/\/www.quiltingstudio.hu\/blog\/wp-content\/uploads\/2011\/10\/rozsa.jpg\"><img aria-describedby=\"caption-attachment-3411\" decoding=\"async\" loading=\"lazy\" class=\"size-medium wp-image-3411\" title=\"rozsa\" src=\"http:\/\/www.quiltingstudio.hu\/blog\/wp-content\/uploads\/2011\/10\/rozsa-169x300.jpg\" alt=\"a r\u00f3zsasz\u00edn vari\u00e1ci\u00f3\" width=\"169\" height=\"300\" srcset=\"http:\/\/www.quiltingstudio.hu\/blog\/wp-content\/uploads\/2011\/10\/rozsa-169x300.jpg 169w, http:\/\/www.quiltingstudio.hu\/blog\/wp-content\/uploads\/2011\/10\/rozsa-578x1023.jpg 578w, http:\/\/www.quiltingstudio.hu\/blog\/wp-content\/uploads\/2011\/10\/rozsa.jpg 1000w\" sizes=\"(max-width: 169px) 100vw, 169px\" \/><\/a><p id=\"caption-attachment-3411\" class=\"wp-caption-text\">a r\u00f3zsasz\u00edn vari\u00e1ci\u00f3<\/p><\/div>\n<p>Azt hiszem m\u00e9g k\u00e9sz\u00edtek egy s\u00e1rga verzi\u00f3t is&#8230;:o)))<\/p>\n<p>Nagyon szeretem az applik\u00e1lt h\u00edmz\u00e9smint\u00e1kat \u00e9s ha valami akkor ezek t\u00f6k\u00e9letesek!<\/p>\n","protected":false},"excerpt":{"rendered":"<p>Mivel Janome m\u00e1r egy j\u00f3\u00f3\u00f3\u00f3\u00f3\u00f3 ideje szervizben, k\u00e9nytelen voltam a m\u00e1sik g\u00e9pet haszn\u00e1lni. \u00c9s ha m\u00e1r a Auror\u00e1t el\u0151vettem, musz\u00e1j volt kicsit j\u00e1tszani. H\u00edmeztem: Persze, az\u00e9rt nem \u00f6nc\u00e9l\u00faan. Kar\u00e1csonyra aj\u00e1nd\u00e9knak sz\u00e1ntam, ebb\u0151l is k\u00e9sz\u00fcl majd valami.<\/p>\n","protected":false},"author":1,"featured_media":0,"comment_status":"open","ping_status":"closed","sticky":false,"template":"","format":"standard","meta":[],"categories":[4],"tags":[],"aioseo_notices":[],"views":2214,"_links":{"self":[{"href":"http:\/\/www.quiltingstudio.hu\/blog\/index.php?rest_route=\/wp\/v2\/posts\/3407"}],"collection":[{"href":"http:\/\/www.quiltingstudio.hu\/blog\/index.php?rest_route=\/wp\/v2\/posts"}],"about":[{"href":"http:\/\/www.quiltingstudio.hu\/blog\/index.php?rest_route=\/wp\/v2\/types\/post"}],"author":[{"embeddable":true,"href":"http:\/\/www.quiltingstudio.hu\/blog\/index.php?rest_route=\/wp\/v2\/users\/1"}],"replies":[{"embeddable":true,"href":"http:\/\/www.quiltingstudio.hu\/blog\/index.php?rest_route=%2Fwp%2Fv2%2Fcomments&post=3407"}],"version-history":[{"count":3,"href":"http:\/\/www.quiltingstudio.hu\/blog\/index.php?rest_route=\/wp\/v2\/posts\/3407\/revisions"}],"predecessor-version":[{"id":3414,"href":"http:\/\/www.quiltingstudio.hu\/blog\/index.php?rest_route=\/wp\/v2\/posts\/3407\/revisions\/3414"}],"wp:attachment":[{"href":"http:\/\/www.quiltingstudio.hu\/blog\/index.php?rest_route=%2Fwp%2Fv2%2Fmedia&parent=3407"}],"wp:term":[{"taxonomy":"category","embeddable":true,"href":"http:\/\/www.quiltingstudio.hu\/blog\/index.php?rest_route=%2Fwp%2Fv2%2Fcategories&post=3407"},{"taxonomy":"post_tag","embeddable":true,"href":"http:\/\/www.quiltingstudio.hu\/blog\/index.php?rest_route=%2Fwp%2Fv2%2Ftags&post=3407"}],"curies":[{"name":"wp","href":"https:\/\/api.w.org\/{rel}","templated":true}]}}