{"id":3452,"date":"2011-10-27T20:57:50","date_gmt":"2011-10-27T18:57:50","guid":{"rendered":"http:\/\/www.quiltingstudio.hu\/blog\/?p=3452"},"modified":"2011-10-27T20:57:50","modified_gmt":"2011-10-27T18:57:50","slug":"nyitott-muhely-lesz","status":"publish","type":"post","link":"http:\/\/www.quiltingstudio.hu\/blog\/?p=3452","title":{"rendered":"Nyitott m\u0171hely lesz&#8230;"},"content":{"rendered":"<p>&#8230;a &#8222;Hat\u00e1rtalanul&#8221;-on, amin szombaton \u00e9n is ott leszek. (14-18 \u00f3ra k\u00f6z\u00f6tt)<\/p>\n<div id=\"attachment_3453\" style=\"width: 214px\" class=\"wp-caption aligncenter\"><a href=\"http:\/\/www.quiltingstudio.hu\/blog\/wp-content\/uploads\/2011\/10\/surprise.jpg\"><img aria-describedby=\"caption-attachment-3453\" decoding=\"async\" loading=\"lazy\" class=\"size-full wp-image-3453\" title=\"surprise\" src=\"http:\/\/www.quiltingstudio.hu\/blog\/wp-content\/uploads\/2011\/10\/surprise.jpg\" alt=\"Meglepet\u00e9s\" width=\"204\" height=\"204\" srcset=\"http:\/\/www.quiltingstudio.hu\/blog\/wp-content\/uploads\/2011\/10\/surprise.jpg 204w, http:\/\/www.quiltingstudio.hu\/blog\/wp-content\/uploads\/2011\/10\/surprise-150x150.jpg 150w\" sizes=\"(max-width: 204px) 100vw, 204px\" \/><\/a><p id=\"caption-attachment-3453\" class=\"wp-caption-text\">Meglepet\u00e9s<\/p><\/div>\n<p>Hogy mit fogok bemutatni, m\u00e9g egyenl\u0151re nem mutatom meg, de ha lesz n\u00e1latok v\u00e9letlen\u00fcl oll\u00f3 \u00e9s n\u00e9mi alkot\u00f3kedv, sz\u00e9peket alkothatunk. (a t\u00f6bbi hozz\u00e1val\u00f3t \u00e9n majd viszem)<\/p>\n<p>Mivel szombat munkanap lesz, nem tudom milyen &#8222;ostromra&#8221; sz\u00e1m\u00edtsak, hogyan k\u00e9sz\u00fcljek. De az\u00e9rt b\u00edzom benne, hogy csak lesz \u00e9rdekl\u0151d\u0151. :o)))<\/p>\n","protected":false},"excerpt":{"rendered":"<p>&#8230;a &#8222;Hat\u00e1rtalanul&#8221;-on, amin szombaton \u00e9n is ott leszek. (14-18 \u00f3ra k\u00f6z\u00f6tt) Hogy mit fogok bemutatni, m\u00e9g egyenl\u0151re nem mutatom meg, de ha lesz n\u00e1latok v\u00e9letlen\u00fcl oll\u00f3 \u00e9s n\u00e9mi alkot\u00f3kedv, sz\u00e9peket alkothatunk. (a t\u00f6bbi hozz\u00e1val\u00f3t \u00e9n majd viszem) Mivel szombat munkanap lesz, nem tudom milyen &#8222;ostromra&#8221; sz\u00e1m\u00edtsak, hogyan k\u00e9sz\u00fcljek. De az\u00e9rt b\u00edzom benne, hogy csak lesz [&hellip;]<\/p>\n","protected":false},"author":1,"featured_media":0,"comment_status":"open","ping_status":"closed","sticky":false,"template":"","format":"standard","meta":[],"categories":[3],"tags":[],"aioseo_notices":[],"views":1830,"_links":{"self":[{"href":"http:\/\/www.quiltingstudio.hu\/blog\/index.php?rest_route=\/wp\/v2\/posts\/3452"}],"collection":[{"href":"http:\/\/www.quiltingstudio.hu\/blog\/index.php?rest_route=\/wp\/v2\/posts"}],"about":[{"href":"http:\/\/www.quiltingstudio.hu\/blog\/index.php?rest_route=\/wp\/v2\/types\/post"}],"author":[{"embeddable":true,"href":"http:\/\/www.quiltingstudio.hu\/blog\/index.php?rest_route=\/wp\/v2\/users\/1"}],"replies":[{"embeddable":true,"href":"http:\/\/www.quiltingstudio.hu\/blog\/index.php?rest_route=%2Fwp%2Fv2%2Fcomments&post=3452"}],"version-history":[{"count":4,"href":"http:\/\/www.quiltingstudio.hu\/blog\/index.php?rest_route=\/wp\/v2\/posts\/3452\/revisions"}],"predecessor-version":[{"id":3457,"href":"http:\/\/www.quiltingstudio.hu\/blog\/index.php?rest_route=\/wp\/v2\/posts\/3452\/revisions\/3457"}],"wp:attachment":[{"href":"http:\/\/www.quiltingstudio.hu\/blog\/index.php?rest_route=%2Fwp%2Fv2%2Fmedia&parent=3452"}],"wp:term":[{"taxonomy":"category","embeddable":true,"href":"http:\/\/www.quiltingstudio.hu\/blog\/index.php?rest_route=%2Fwp%2Fv2%2Fcategories&post=3452"},{"taxonomy":"post_tag","embeddable":true,"href":"http:\/\/www.quiltingstudio.hu\/blog\/index.php?rest_route=%2Fwp%2Fv2%2Ftags&post=3452"}],"curies":[{"name":"wp","href":"https:\/\/api.w.org\/{rel}","templated":true}]}}