{"id":3478,"date":"2011-11-15T22:41:02","date_gmt":"2011-11-15T20:41:02","guid":{"rendered":"http:\/\/www.quiltingstudio.hu\/blog\/?p=3478"},"modified":"2011-11-15T22:41:02","modified_gmt":"2011-11-15T20:41:02","slug":"ujabb-kincs-a-foldrol","status":"publish","type":"post","link":"http:\/\/www.quiltingstudio.hu\/blog\/?p=3478","title":{"rendered":"\u00dajabb kincs a f\u00f6ldr\u0151l&#8230;"},"content":{"rendered":"<p>Milyen nagyszer\u0171, hogy nem vagyunk egyform\u00e1k, m\u00e1rmint mi emberek.<\/p>\n<p>A szok\u00e1sos vas\u00e1rnapi piaci k\u00f6rutamon botlottam (\u00e9s ezt most sz\u00f3 szerint kell elk\u00e9pzelni) egy halom ter\u00edt\u0151be \u00e9s egy\u00e9b m\u00e1s &#8216;rongyba&#8217;.<\/p>\n<p>T\u00f6bbek k\u00f6z\u00f6tt ezt a ter\u00edt\u0151t is ott tal\u00e1ltam.<\/p>\n<p>\u00cdme n\u00e9h\u00e1ny k\u00e9p:<\/p>\n<div id=\"attachment_3479\" style=\"width: 310px\" class=\"wp-caption aligncenter\"><a href=\"http:\/\/www.quiltingstudio.hu\/blog\/wp-content\/uploads\/2011\/11\/terito1.jpg\"><img aria-describedby=\"caption-attachment-3479\" decoding=\"async\" loading=\"lazy\" class=\"size-medium wp-image-3479\" title=\"terito1\" src=\"http:\/\/www.quiltingstudio.hu\/blog\/wp-content\/uploads\/2011\/11\/terito1-300x217.jpg\" alt=\"Sarok mint\u00e1k\" width=\"300\" height=\"217\" srcset=\"http:\/\/www.quiltingstudio.hu\/blog\/wp-content\/uploads\/2011\/11\/terito1-300x217.jpg 300w, http:\/\/www.quiltingstudio.hu\/blog\/wp-content\/uploads\/2011\/11\/terito1.jpg 741w\" sizes=\"(max-width: 300px) 100vw, 300px\" \/><\/a><p id=\"caption-attachment-3479\" class=\"wp-caption-text\">Sarok mint\u00e1k<\/p><\/div>\n<p><!--more-->Olyan koszos volt szeg\u00e9ny, tele sz\u00f6rny\u0171 barna foltokkal. Egy\u00e1ltal\u00e1n nem volt bizalomgerjeszt\u0151!<\/p>\n<p>Azt\u00e1n  megsajn\u00e1ltam \u00e9s hazahoztam. Megpr\u00f3b\u00e1ltam bel\u0151le a legjobbat, legszebbet  kihozni: ir\u00e1ny a mos\u00f3g\u00e9p 60 fokon, folts\u00f3val, stb&#8230;<\/p>\n<p>\u00c9s az \u00e1tv\u00e1ltoz\u00e1s megt\u00f6rt\u00e9nt, -a r\u00fat kiskacs\u00e1b\u00f3l gy\u00f6ny\u00f6r\u0171 hatty\u00fa &#8211; a ter\u00edt\u0151b\u0151l nagyon dekorat\u00edv abrosz lett.<\/p>\n<p>Lehet a k\u00e9pen nem l\u00e1tszik j\u00f3l, de az eg\u00e9sz k\u00e9zzel k\u00e9sz\u00fclt, k\u00e9zzel applik\u00e1lt\u00e1k az eg\u00e9sz ter\u00edt\u0151t.<\/p>\n<div id=\"attachment_3480\" style=\"width: 310px\" class=\"wp-caption aligncenter\"><a href=\"http:\/\/www.quiltingstudio.hu\/blog\/wp-content\/uploads\/2011\/11\/terito2.jpg\"><img aria-describedby=\"caption-attachment-3480\" decoding=\"async\" loading=\"lazy\" class=\"size-medium wp-image-3480\" title=\"terito2\" src=\"http:\/\/www.quiltingstudio.hu\/blog\/wp-content\/uploads\/2011\/11\/terito2-300x168.jpg\" alt=\"k\u00f6zeli k\u00e9p a vir\u00e1gokr\u00f3l\" width=\"300\" height=\"168\" srcset=\"http:\/\/www.quiltingstudio.hu\/blog\/wp-content\/uploads\/2011\/11\/terito2-300x168.jpg 300w, http:\/\/www.quiltingstudio.hu\/blog\/wp-content\/uploads\/2011\/11\/terito2.jpg 1000w\" sizes=\"(max-width: 300px) 100vw, 300px\" \/><\/a><p id=\"caption-attachment-3480\" class=\"wp-caption-text\">k\u00f6zeli k\u00e9p a vir\u00e1gokr\u00f3l<\/p><\/div>\n<p>A ter\u00edt\u0151 hatalmas (260cm x 340cm)\u00a0 \u00e9s\u00a0 tele van ezekkel a sz\u00e9p vir\u00e1gokkal. Sajnos egyben itthon nem tudom lef\u00e9nyk\u00e9pezni, nem f\u00e9r el a nappaliban. :o)))<\/p>\n<p>Ja, azt nem is eml\u00edtettem, hogy volt hozz\u00e1 m\u00e9g 12 db szalv\u00e9ta, ilyenek:(\u0151k is j\u00f6ttek)<\/p>\n<div id=\"attachment_3481\" style=\"width: 310px\" class=\"wp-caption aligncenter\"><a href=\"http:\/\/www.quiltingstudio.hu\/blog\/wp-content\/uploads\/2011\/11\/szalvetak.jpg\"><img aria-describedby=\"caption-attachment-3481\" decoding=\"async\" loading=\"lazy\" class=\"size-medium wp-image-3481\" title=\"szalvetak\" src=\"http:\/\/www.quiltingstudio.hu\/blog\/wp-content\/uploads\/2011\/11\/szalvetak-300x213.jpg\" alt=\"szalv\u00e9t\u00e1k\" width=\"300\" height=\"213\" srcset=\"http:\/\/www.quiltingstudio.hu\/blog\/wp-content\/uploads\/2011\/11\/szalvetak-300x213.jpg 300w, http:\/\/www.quiltingstudio.hu\/blog\/wp-content\/uploads\/2011\/11\/szalvetak.jpg 717w\" sizes=\"(max-width: 300px) 100vw, 300px\" \/><\/a><p id=\"caption-attachment-3481\" class=\"wp-caption-text\">szalv\u00e9t\u00e1k<\/p><\/div>\n<p>Mindegyiknek az egyik sark\u00e1ra varrtak egy vir\u00e1got, majd k\u00e9zzel k\u00f6rben beszegt\u00e9k.<\/p>\n<p>Sz\u00f3val \u00f6r\u00fcl\u00f6k, hogy m\u00e1snak ez nem t\u0171nt \u00e9rt\u00e9knek,vagy csak nem l\u00e1tt\u00e1k meg benne a kincset \u00e9s meghagyt\u00e1k nekem!<\/p>\n","protected":false},"excerpt":{"rendered":"<p>Milyen nagyszer\u0171, hogy nem vagyunk egyform\u00e1k, m\u00e1rmint mi emberek. A szok\u00e1sos vas\u00e1rnapi piaci k\u00f6rutamon botlottam (\u00e9s ezt most sz\u00f3 szerint kell elk\u00e9pzelni) egy halom ter\u00edt\u0151be \u00e9s egy\u00e9b m\u00e1s &#8216;rongyba&#8217;. T\u00f6bbek k\u00f6z\u00f6tt ezt a ter\u00edt\u0151t is ott tal\u00e1ltam. \u00cdme n\u00e9h\u00e1ny k\u00e9p:<\/p>\n","protected":false},"author":1,"featured_media":0,"comment_status":"open","ping_status":"closed","sticky":false,"template":"","format":"standard","meta":[],"categories":[10],"tags":[],"aioseo_notices":[],"views":3070,"_links":{"self":[{"href":"http:\/\/www.quiltingstudio.hu\/blog\/index.php?rest_route=\/wp\/v2\/posts\/3478"}],"collection":[{"href":"http:\/\/www.quiltingstudio.hu\/blog\/index.php?rest_route=\/wp\/v2\/posts"}],"about":[{"href":"http:\/\/www.quiltingstudio.hu\/blog\/index.php?rest_route=\/wp\/v2\/types\/post"}],"author":[{"embeddable":true,"href":"http:\/\/www.quiltingstudio.hu\/blog\/index.php?rest_route=\/wp\/v2\/users\/1"}],"replies":[{"embeddable":true,"href":"http:\/\/www.quiltingstudio.hu\/blog\/index.php?rest_route=%2Fwp%2Fv2%2Fcomments&post=3478"}],"version-history":[{"count":3,"href":"http:\/\/www.quiltingstudio.hu\/blog\/index.php?rest_route=\/wp\/v2\/posts\/3478\/revisions"}],"predecessor-version":[{"id":3484,"href":"http:\/\/www.quiltingstudio.hu\/blog\/index.php?rest_route=\/wp\/v2\/posts\/3478\/revisions\/3484"}],"wp:attachment":[{"href":"http:\/\/www.quiltingstudio.hu\/blog\/index.php?rest_route=%2Fwp%2Fv2%2Fmedia&parent=3478"}],"wp:term":[{"taxonomy":"category","embeddable":true,"href":"http:\/\/www.quiltingstudio.hu\/blog\/index.php?rest_route=%2Fwp%2Fv2%2Fcategories&post=3478"},{"taxonomy":"post_tag","embeddable":true,"href":"http:\/\/www.quiltingstudio.hu\/blog\/index.php?rest_route=%2Fwp%2Fv2%2Ftags&post=3478"}],"curies":[{"name":"wp","href":"https:\/\/api.w.org\/{rel}","templated":true}]}}