{"id":3489,"date":"2011-11-27T17:23:42","date_gmt":"2011-11-27T15:23:42","guid":{"rendered":"http:\/\/www.quiltingstudio.hu\/blog\/?p=3489"},"modified":"2011-11-27T17:23:42","modified_gmt":"2011-11-27T15:23:42","slug":"panettone-maskeppen","status":"publish","type":"post","link":"http:\/\/www.quiltingstudio.hu\/blog\/?p=3489","title":{"rendered":"Panettone m\u00e1sk\u00e9ppen&#8230;"},"content":{"rendered":"<p>\u00dajabb &#8216;kincset&#8217; tal\u00e1ltam ma reggel. A t\u00f6rt\u00e9net ott kezd\u0151dik, hogy m\u00e1r t\u00f6bb, mint egy \u00e9ve n\u00e9zegetem a neten a s\u00fct\u0151form\u00e1kat. Ki is n\u00e9ztem egyet, de itthon eddig nem tal\u00e1ltam sehol. A tengerent\u00falr\u00f3l pedig nem \u00e9ri meg megvenni, hiszen nem kicsi, f\u00e9m \u00e9s a sz\u00e1ll\u00edt\u00e1sa sokkal t\u00f6bbe ker\u00fclne, mint\u00a0 a term\u00e9k \u00e1ra.<\/p>\n<p>A szok\u00e1sos vas\u00e1rnap reggeli friss piaci s\u00e9t\u00e1mon egyszer csak belebotlok:<\/p>\n<div id=\"attachment_3490\" style=\"width: 310px\" class=\"wp-caption aligncenter\"><a href=\"http:\/\/www.quiltingstudio.hu\/blog\/wp-content\/uploads\/2011\/11\/formak.jpg\"><img aria-describedby=\"caption-attachment-3490\" decoding=\"async\" loading=\"lazy\" class=\"size-medium wp-image-3490\" title=\"formak\" src=\"http:\/\/www.quiltingstudio.hu\/blog\/wp-content\/uploads\/2011\/11\/formak-300x152.jpg\" alt=\"h\u00e1rom forma\" width=\"300\" height=\"152\" srcset=\"http:\/\/www.quiltingstudio.hu\/blog\/wp-content\/uploads\/2011\/11\/formak-300x152.jpg 300w, http:\/\/www.quiltingstudio.hu\/blog\/wp-content\/uploads\/2011\/11\/formak.jpg 991w\" sizes=\"(max-width: 300px) 100vw, 300px\" \/><\/a><p id=\"caption-attachment-3490\" class=\"wp-caption-text\"> A h\u00e1rom forma<\/p><\/div>\n<p>Azt hiszem \u00e9rthet\u0151, hogy egyb\u0151l ki kellett pr\u00f3b\u00e1lni, mert mi van ha nem &#8222;m\u0171k\u00f6dik&#8221;?! Egyik vir\u00e1g, a m\u00e1sik csillag, a harmadik sz\u00edv alak\u00fa.<!--more--><\/p>\n<p>\u00c9n hamar a Panettone t\u00e9szt\u00e1j\u00e1t kerestem ki pr\u00f3b\u00e1nak, gyorsan \u00f6ssze is \u00e1ll\u00edtottam. A t\u00e9szt\u00e1t elfeleztem \u00e9s betettem a k\u00e9t form\u00e1ba. A dagaszt\u00e1s ut\u00e1n m\u00e9g kicsit (kb. f\u00e9l \u00f3r\u00e1t) hagytam kelni a form\u00e1ban, majd s\u00fct\u00e9s. Kicsit a cs\u0151bomb\u00e1ra eml\u00e9keztetett, hiszen mindk\u00e9t v\u00e9ge egy egy kupakkal le volt z\u00e1rva.<\/p>\n<div id=\"attachment_3491\" style=\"width: 310px\" class=\"wp-caption aligncenter\"><a href=\"http:\/\/www.quiltingstudio.hu\/blog\/wp-content\/uploads\/2011\/11\/kiveve.jpg\"><img aria-describedby=\"caption-attachment-3491\" decoding=\"async\" loading=\"lazy\" class=\"size-medium wp-image-3491\" title=\"kiveve\" src=\"http:\/\/www.quiltingstudio.hu\/blog\/wp-content\/uploads\/2011\/11\/kiveve-300x133.jpg\" alt=\"Miut\u00e1n kivettem\" width=\"300\" height=\"133\" srcset=\"http:\/\/www.quiltingstudio.hu\/blog\/wp-content\/uploads\/2011\/11\/kiveve-300x133.jpg 300w, http:\/\/www.quiltingstudio.hu\/blog\/wp-content\/uploads\/2011\/11\/kiveve.jpg 915w\" sizes=\"(max-width: 300px) 100vw, 300px\" \/><\/a><p id=\"caption-attachment-3491\" class=\"wp-caption-text\">Miut\u00e1n kivettem<\/p><\/div>\n<p>S\u00fct\u00e9s el\u0151tt \u00f3vatoss\u00e1gb\u00f3l kicsit kiolajoztam. F\u00e9ltem, hogyha nem j\u00f6n ki, hogy fogom \u00e9n kikanalazni. De ez nem volt gond, sz\u00e9pen kij\u00f6tt, miut\u00e1n hagytam kicsit h\u0171lni.<\/p>\n<div id=\"attachment_3492\" style=\"width: 310px\" class=\"wp-caption aligncenter\"><a href=\"http:\/\/www.quiltingstudio.hu\/blog\/wp-content\/uploads\/2011\/11\/szelet.jpg\"><img aria-describedby=\"caption-attachment-3492\" decoding=\"async\" loading=\"lazy\" class=\"size-medium wp-image-3492\" title=\"szelet\" src=\"http:\/\/www.quiltingstudio.hu\/blog\/wp-content\/uploads\/2011\/11\/szelet-300x228.jpg\" alt=\"szeletelve\" width=\"300\" height=\"228\" srcset=\"http:\/\/www.quiltingstudio.hu\/blog\/wp-content\/uploads\/2011\/11\/szelet-300x228.jpg 300w, http:\/\/www.quiltingstudio.hu\/blog\/wp-content\/uploads\/2011\/11\/szelet.jpg 678w\" sizes=\"(max-width: 300px) 100vw, 300px\" \/><\/a><p id=\"caption-attachment-3492\" class=\"wp-caption-text\">Felszeletelve<\/p><\/div>\n<p>M\u00e1r csak fel kell szeletelni. Kb. 1cm-es szeleteket v\u00e1gtam.<\/p>\n<p>Nagyon sz\u00e9pek lettek. Mondhatom, rendesen elind\u00edtotta\u00a0 a fant\u00e1zi\u00e1mat.<\/p>\n<div id=\"attachment_3493\" style=\"width: 310px\" class=\"wp-caption aligncenter\"><a href=\"http:\/\/www.quiltingstudio.hu\/blog\/wp-content\/uploads\/2011\/11\/kesz.jpg\"><img aria-describedby=\"caption-attachment-3493\" decoding=\"async\" loading=\"lazy\" class=\"size-medium wp-image-3493\" title=\"kesz\" src=\"http:\/\/www.quiltingstudio.hu\/blog\/wp-content\/uploads\/2011\/11\/kesz-300x187.jpg\" alt=\"egy kis porcukorral\" width=\"300\" height=\"187\" srcset=\"http:\/\/www.quiltingstudio.hu\/blog\/wp-content\/uploads\/2011\/11\/kesz-300x187.jpg 300w, http:\/\/www.quiltingstudio.hu\/blog\/wp-content\/uploads\/2011\/11\/kesz.jpg 825w\" sizes=\"(max-width: 300px) 100vw, 300px\" \/><\/a><p id=\"caption-attachment-3493\" class=\"wp-caption-text\">Ilyen egy kis porcukorral<\/p><\/div>\n<p>Mivel a t\u00e9szt\u00e1ban nincs sok cukor \u00e9n narancsos s\u00fct\u0151t\u00f6k lekv\u00e1rral fogom enni. (pont azt f\u0151ztem tegnap) Remek\u00fcl illik majd hozz\u00e1!<\/p>\n<p>De \u00e9n eredetileg is kenyeret szerettem volna ilyenben s\u00fctni. Mondjuk bekeverek egy adag keny\u00e9rt\u00e9szt\u00e1t, harmadolom \u00e9s a sz\u00edvesbe paradicsomot teszek (piros), a csillagosba spen\u00f3tot (z\u00f6ld) , a vir\u00e1gos meg marad feh\u00e9r. Milyen j\u00f3 kis szendvicsek lesznek!!!<\/p>\n<p>Kar\u00e1csonyra sem kaphattam volna jobbat! :o)))<\/p>\n","protected":false},"excerpt":{"rendered":"<p>\u00dajabb &#8216;kincset&#8217; tal\u00e1ltam ma reggel. A t\u00f6rt\u00e9net ott kezd\u0151dik, hogy m\u00e1r t\u00f6bb, mint egy \u00e9ve n\u00e9zegetem a neten a s\u00fct\u0151form\u00e1kat. Ki is n\u00e9ztem egyet, de itthon eddig nem tal\u00e1ltam sehol. A tengerent\u00falr\u00f3l pedig nem \u00e9ri meg megvenni, hiszen nem kicsi, f\u00e9m \u00e9s a sz\u00e1ll\u00edt\u00e1sa sokkal t\u00f6bbe ker\u00fclne, mint\u00a0 a term\u00e9k \u00e1ra. A szok\u00e1sos vas\u00e1rnap reggeli [&hellip;]<\/p>\n","protected":false},"author":1,"featured_media":0,"comment_status":"open","ping_status":"closed","sticky":false,"template":"","format":"standard","meta":[],"categories":[10,7],"tags":[],"aioseo_notices":[],"views":4332,"_links":{"self":[{"href":"http:\/\/www.quiltingstudio.hu\/blog\/index.php?rest_route=\/wp\/v2\/posts\/3489"}],"collection":[{"href":"http:\/\/www.quiltingstudio.hu\/blog\/index.php?rest_route=\/wp\/v2\/posts"}],"about":[{"href":"http:\/\/www.quiltingstudio.hu\/blog\/index.php?rest_route=\/wp\/v2\/types\/post"}],"author":[{"embeddable":true,"href":"http:\/\/www.quiltingstudio.hu\/blog\/index.php?rest_route=\/wp\/v2\/users\/1"}],"replies":[{"embeddable":true,"href":"http:\/\/www.quiltingstudio.hu\/blog\/index.php?rest_route=%2Fwp%2Fv2%2Fcomments&post=3489"}],"version-history":[{"count":4,"href":"http:\/\/www.quiltingstudio.hu\/blog\/index.php?rest_route=\/wp\/v2\/posts\/3489\/revisions"}],"predecessor-version":[{"id":3635,"href":"http:\/\/www.quiltingstudio.hu\/blog\/index.php?rest_route=\/wp\/v2\/posts\/3489\/revisions\/3635"}],"wp:attachment":[{"href":"http:\/\/www.quiltingstudio.hu\/blog\/index.php?rest_route=%2Fwp%2Fv2%2Fmedia&parent=3489"}],"wp:term":[{"taxonomy":"category","embeddable":true,"href":"http:\/\/www.quiltingstudio.hu\/blog\/index.php?rest_route=%2Fwp%2Fv2%2Fcategories&post=3489"},{"taxonomy":"post_tag","embeddable":true,"href":"http:\/\/www.quiltingstudio.hu\/blog\/index.php?rest_route=%2Fwp%2Fv2%2Ftags&post=3489"}],"curies":[{"name":"wp","href":"https:\/\/api.w.org\/{rel}","templated":true}]}}