{"id":3497,"date":"2011-11-29T22:50:38","date_gmt":"2011-11-29T20:50:38","guid":{"rendered":"http:\/\/www.quiltingstudio.hu\/blog\/?p=3497"},"modified":"2011-11-29T22:50:38","modified_gmt":"2011-11-29T20:50:38","slug":"szivem","status":"publish","type":"post","link":"http:\/\/www.quiltingstudio.hu\/blog\/?p=3497","title":{"rendered":"Szivem&#8230;"},"content":{"rendered":"<p>Eddig b\u00edrtam,<\/p>\n<p>ma musz\u00e1j volt s\u00fctni egy kis kenyeret is. (am\u00fagy is kellett volna)<\/p>\n<p>Ilyen lett a sz\u00edv alak\u00fa form\u00e1ban megs\u00fclt t\u00f6nk\u00f6lyb\u00fazalisztes keny\u00e9rk\u00e9nk:<\/p>\n<div id=\"attachment_3498\" style=\"width: 310px\" class=\"wp-caption aligncenter\"><a href=\"http:\/\/www.quiltingstudio.hu\/blog\/wp-content\/uploads\/2011\/11\/szivek.jpg\"><img aria-describedby=\"caption-attachment-3498\" decoding=\"async\" loading=\"lazy\" class=\"size-medium wp-image-3498\" title=\"szivek\" src=\"http:\/\/www.quiltingstudio.hu\/blog\/wp-content\/uploads\/2011\/11\/szivek-300x188.jpg\" alt=\"szeletek\" width=\"300\" height=\"188\" srcset=\"http:\/\/www.quiltingstudio.hu\/blog\/wp-content\/uploads\/2011\/11\/szivek-300x188.jpg 300w, http:\/\/www.quiltingstudio.hu\/blog\/wp-content\/uploads\/2011\/11\/szivek.jpg 811w\" sizes=\"(max-width: 300px) 100vw, 300px\" \/><\/a><p id=\"caption-attachment-3498\" class=\"wp-caption-text\">szeletek<\/p><\/div>\n<p>A 3 k\u00f6z\u00fcl ez a legkev\u00e9sb\u00e9 l\u00e1tv\u00e1nyos, de nekem tetszik. :O)))<\/p>\n","protected":false},"excerpt":{"rendered":"<p>Eddig b\u00edrtam, ma musz\u00e1j volt s\u00fctni egy kis kenyeret is. (am\u00fagy is kellett volna) Ilyen lett a sz\u00edv alak\u00fa form\u00e1ban megs\u00fclt t\u00f6nk\u00f6lyb\u00fazalisztes keny\u00e9rk\u00e9nk: A 3 k\u00f6z\u00fcl ez a legkev\u00e9sb\u00e9 l\u00e1tv\u00e1nyos, de nekem tetszik. :O)))<\/p>\n","protected":false},"author":1,"featured_media":0,"comment_status":"open","ping_status":"closed","sticky":false,"template":"","format":"standard","meta":[],"categories":[7],"tags":[],"aioseo_notices":[],"views":3076,"_links":{"self":[{"href":"http:\/\/www.quiltingstudio.hu\/blog\/index.php?rest_route=\/wp\/v2\/posts\/3497"}],"collection":[{"href":"http:\/\/www.quiltingstudio.hu\/blog\/index.php?rest_route=\/wp\/v2\/posts"}],"about":[{"href":"http:\/\/www.quiltingstudio.hu\/blog\/index.php?rest_route=\/wp\/v2\/types\/post"}],"author":[{"embeddable":true,"href":"http:\/\/www.quiltingstudio.hu\/blog\/index.php?rest_route=\/wp\/v2\/users\/1"}],"replies":[{"embeddable":true,"href":"http:\/\/www.quiltingstudio.hu\/blog\/index.php?rest_route=%2Fwp%2Fv2%2Fcomments&post=3497"}],"version-history":[{"count":2,"href":"http:\/\/www.quiltingstudio.hu\/blog\/index.php?rest_route=\/wp\/v2\/posts\/3497\/revisions"}],"predecessor-version":[{"id":3500,"href":"http:\/\/www.quiltingstudio.hu\/blog\/index.php?rest_route=\/wp\/v2\/posts\/3497\/revisions\/3500"}],"wp:attachment":[{"href":"http:\/\/www.quiltingstudio.hu\/blog\/index.php?rest_route=%2Fwp%2Fv2%2Fmedia&parent=3497"}],"wp:term":[{"taxonomy":"category","embeddable":true,"href":"http:\/\/www.quiltingstudio.hu\/blog\/index.php?rest_route=%2Fwp%2Fv2%2Fcategories&post=3497"},{"taxonomy":"post_tag","embeddable":true,"href":"http:\/\/www.quiltingstudio.hu\/blog\/index.php?rest_route=%2Fwp%2Fv2%2Ftags&post=3497"}],"curies":[{"name":"wp","href":"https:\/\/api.w.org\/{rel}","templated":true}]}}