{"id":3501,"date":"2011-12-12T16:16:27","date_gmt":"2011-12-12T14:16:27","guid":{"rendered":"http:\/\/www.quiltingstudio.hu\/blog\/?p=3501"},"modified":"2011-12-12T16:16:27","modified_gmt":"2011-12-12T14:16:27","slug":"wanted-keresek","status":"publish","type":"post","link":"http:\/\/www.quiltingstudio.hu\/blog\/?p=3501","title":{"rendered":"WANTED-keresek&#8230;"},"content":{"rendered":"<p>ilyen cipz\u00e1r kocsit:<\/p>\n<div id=\"attachment_3502\" style=\"width: 167px\" class=\"wp-caption aligncenter\"><a href=\"http:\/\/www.quiltingstudio.hu\/blog\/wp-content\/uploads\/2011\/12\/r20cld.jpg\"><img aria-describedby=\"caption-attachment-3502\" decoding=\"async\" loading=\"lazy\" class=\"size-full wp-image-3502\" title=\"r20cld\" src=\"http:\/\/www.quiltingstudio.hu\/blog\/wp-content\/uploads\/2011\/12\/r20cld.jpg\" alt=\"fregoli cipz\u00e1r\" width=\"157\" height=\"200\" \/><\/a><p id=\"caption-attachment-3502\" class=\"wp-caption-text\">fregoli cipz\u00e1r<\/p><\/div>\n<p>Nem ragaszkodom a feh\u00e9r sz\u00ednhez, lehet m\u00e1smilyen is. A l\u00e9nyege, hogy 2 db &#8216;h\u00faz\u00f3ka&#8217; van rajta \u00e9s mindegyik oldalon tudom nyitni-z\u00e1rni.\u00a0 Csak p\u00e1r darabra lenne sz\u00fcks\u00e9gem t\u00e1sk\u00e1hoz.<\/p>\n<p>Ha valaki tud ilyen lel\u0151helyet, k\u00e9rem jelezze. K\u00f6sz\u00f6n\u00f6m el\u0151re is!<\/p>\n","protected":false},"excerpt":{"rendered":"<p>ilyen cipz\u00e1r kocsit: Nem ragaszkodom a feh\u00e9r sz\u00ednhez, lehet m\u00e1smilyen is. A l\u00e9nyege, hogy 2 db &#8216;h\u00faz\u00f3ka&#8217; van rajta \u00e9s mindegyik oldalon tudom nyitni-z\u00e1rni.\u00a0 Csak p\u00e1r darabra lenne sz\u00fcks\u00e9gem t\u00e1sk\u00e1hoz. Ha valaki tud ilyen lel\u0151helyet, k\u00e9rem jelezze. K\u00f6sz\u00f6n\u00f6m el\u0151re is!<\/p>\n","protected":false},"author":1,"featured_media":0,"comment_status":"open","ping_status":"closed","sticky":false,"template":"","format":"standard","meta":[],"categories":[3],"tags":[],"aioseo_notices":[],"views":4243,"_links":{"self":[{"href":"http:\/\/www.quiltingstudio.hu\/blog\/index.php?rest_route=\/wp\/v2\/posts\/3501"}],"collection":[{"href":"http:\/\/www.quiltingstudio.hu\/blog\/index.php?rest_route=\/wp\/v2\/posts"}],"about":[{"href":"http:\/\/www.quiltingstudio.hu\/blog\/index.php?rest_route=\/wp\/v2\/types\/post"}],"author":[{"embeddable":true,"href":"http:\/\/www.quiltingstudio.hu\/blog\/index.php?rest_route=\/wp\/v2\/users\/1"}],"replies":[{"embeddable":true,"href":"http:\/\/www.quiltingstudio.hu\/blog\/index.php?rest_route=%2Fwp%2Fv2%2Fcomments&post=3501"}],"version-history":[{"count":3,"href":"http:\/\/www.quiltingstudio.hu\/blog\/index.php?rest_route=\/wp\/v2\/posts\/3501\/revisions"}],"predecessor-version":[{"id":3505,"href":"http:\/\/www.quiltingstudio.hu\/blog\/index.php?rest_route=\/wp\/v2\/posts\/3501\/revisions\/3505"}],"wp:attachment":[{"href":"http:\/\/www.quiltingstudio.hu\/blog\/index.php?rest_route=%2Fwp%2Fv2%2Fmedia&parent=3501"}],"wp:term":[{"taxonomy":"category","embeddable":true,"href":"http:\/\/www.quiltingstudio.hu\/blog\/index.php?rest_route=%2Fwp%2Fv2%2Fcategories&post=3501"},{"taxonomy":"post_tag","embeddable":true,"href":"http:\/\/www.quiltingstudio.hu\/blog\/index.php?rest_route=%2Fwp%2Fv2%2Ftags&post=3501"}],"curies":[{"name":"wp","href":"https:\/\/api.w.org\/{rel}","templated":true}]}}