{"id":3506,"date":"2011-12-13T08:14:52","date_gmt":"2011-12-13T06:14:52","guid":{"rendered":"http:\/\/www.quiltingstudio.hu\/blog\/?p=3506"},"modified":"2011-12-13T08:14:52","modified_gmt":"2011-12-13T06:14:52","slug":"zsakocskak-2","status":"publish","type":"post","link":"http:\/\/www.quiltingstudio.hu\/blog\/?p=3506","title":{"rendered":"Zs\u00e1kocsk\u00e1k&#8230;"},"content":{"rendered":"<p>elk\u00e9sz\u00fcltek (m\u00e1r illet nekik !) a kis feh\u00e9rnem\u0171s zs\u00e1kocsk\u00e1k. A h\u00edmz\u00e9st m\u00e9g d\u00edsz\u00edtettem n\u00e9h\u00e1ny apr\u00f3 csillog\u00f3 k\u00f6vecsk\u00e9vel, hogy m\u00e9g eleg\u00e1nsabb \u00e9s n\u0151iesebb legyen.<\/p>\n<div id=\"attachment_3507\" style=\"width: 310px\" class=\"wp-caption aligncenter\"><a href=\"http:\/\/www.quiltingstudio.hu\/blog\/wp-content\/uploads\/2011\/12\/fehernemus_zsakok.jpg\"><img aria-describedby=\"caption-attachment-3507\" decoding=\"async\" loading=\"lazy\" class=\"size-medium wp-image-3507\" title=\"fehernemus_zsakok\" src=\"http:\/\/www.quiltingstudio.hu\/blog\/wp-content\/uploads\/2011\/12\/fehernemus_zsakok-300x172.jpg\" alt=\"Feh\u00e9rnem\u0171knek\" width=\"300\" height=\"172\" srcset=\"http:\/\/www.quiltingstudio.hu\/blog\/wp-content\/uploads\/2011\/12\/fehernemus_zsakok-300x172.jpg 300w, http:\/\/www.quiltingstudio.hu\/blog\/wp-content\/uploads\/2011\/12\/fehernemus_zsakok.jpg 891w\" sizes=\"(max-width: 300px) 100vw, 300px\" \/><\/a><p id=\"caption-attachment-3507\" class=\"wp-caption-text\">Feh\u00e9rnem\u0171knek<\/p><\/div>\n<p><!--more-->Mivel a l\u00e1nyok a csal\u00e1dban sokat ing\u00e1znak- koll\u00e9gium, iskola, csal\u00e1d- gondoltam j\u00f3 haszn\u00e1t veszik majd egy ilyennek, amibe sz\u00e9pen belef\u00e9rnek a feh\u00e9rnem\u0171k.<\/p>\n<p>Nekem a lila lett a kedvencem.<\/p>\n<div id=\"attachment_3509\" style=\"width: 270px\" class=\"wp-caption aligncenter\"><a href=\"http:\/\/www.quiltingstudio.hu\/blog\/wp-content\/uploads\/2011\/12\/lila2.jpg\"><img aria-describedby=\"caption-attachment-3509\" decoding=\"async\" loading=\"lazy\" class=\"size-medium wp-image-3509\" title=\"lila2\" src=\"http:\/\/www.quiltingstudio.hu\/blog\/wp-content\/uploads\/2011\/12\/lila2-260x300.jpg\" alt=\"k\u00e9szen\" width=\"260\" height=\"300\" srcset=\"http:\/\/www.quiltingstudio.hu\/blog\/wp-content\/uploads\/2011\/12\/lila2-260x300.jpg 260w, http:\/\/www.quiltingstudio.hu\/blog\/wp-content\/uploads\/2011\/12\/lila2.jpg 533w\" sizes=\"(max-width: 260px) 100vw, 260px\" \/><\/a><p id=\"caption-attachment-3509\" class=\"wp-caption-text\">k\u00e9szen<\/p><\/div>\n<p>Szeg\u00e9nyt a h\u00edmz\u00e9skor kicsit elrontottam, azaz az egyik sarka becs\u00edp\u0151d\u00f6tt a h\u00edmz\u00e9s al\u00e1, ez\u00e9rt az le kellett v\u00e1gnom. \u00cdgy keskenyebb lett, mint a t\u00f6bbi ez\u00e9rt ker\u00fclt r\u00e1 k\u00e9t oldalt a k\u00e9t cs\u00edk. Szerintem m\u00e9g jobb is lett! \u00cdgy lesz a h\u00e1tr\u00e1nyb\u00f3l er\u00e9ny?!<\/p>\n<p>B\u00e9leltem is \u0151ket, mindegyiket\u00a0 a sz\u00edn\u00e9hez ill\u0151vel.<\/p>\n<div id=\"attachment_3510\" style=\"width: 227px\" class=\"wp-caption aligncenter\"><a href=\"http:\/\/www.quiltingstudio.hu\/blog\/wp-content\/uploads\/2011\/12\/lila1.jpg\"><img aria-describedby=\"caption-attachment-3510\" decoding=\"async\" loading=\"lazy\" class=\"size-medium wp-image-3510\" title=\"lila1\" src=\"http:\/\/www.quiltingstudio.hu\/blog\/wp-content\/uploads\/2011\/12\/lila1-217x300.jpg\" alt=\"b\u00e9l\u00e9se\" width=\"217\" height=\"300\" srcset=\"http:\/\/www.quiltingstudio.hu\/blog\/wp-content\/uploads\/2011\/12\/lila1-217x300.jpg 217w, http:\/\/www.quiltingstudio.hu\/blog\/wp-content\/uploads\/2011\/12\/lila1-741x1024.jpg 741w, http:\/\/www.quiltingstudio.hu\/blog\/wp-content\/uploads\/2011\/12\/lila1.jpg 998w\" sizes=\"(max-width: 217px) 100vw, 217px\" \/><\/a><p id=\"caption-attachment-3510\" class=\"wp-caption-text\">b\u00e9l\u00e9se<\/p><\/div>\n<p>Rem\u00e9lem, hogy a leend\u0151 tulajdonosok majd \u00f6r\u00fclni fognak neki.<\/p>\n<p>Lehet magamnak is k\u00e9sz\u00edthetn\u00e9k egyet, de olyan macer\u00e1s volt a b\u00e9l\u00e9s, cs\u00faszott erre-arra&#8230;:o)))<\/p>\n","protected":false},"excerpt":{"rendered":"<p>elk\u00e9sz\u00fcltek (m\u00e1r illet nekik !) a kis feh\u00e9rnem\u0171s zs\u00e1kocsk\u00e1k. A h\u00edmz\u00e9st m\u00e9g d\u00edsz\u00edtettem n\u00e9h\u00e1ny apr\u00f3 csillog\u00f3 k\u00f6vecsk\u00e9vel, hogy m\u00e9g eleg\u00e1nsabb \u00e9s n\u0151iesebb legyen.<\/p>\n","protected":false},"author":1,"featured_media":0,"comment_status":"open","ping_status":"closed","sticky":false,"template":"","format":"standard","meta":[],"categories":[3,4],"tags":[],"aioseo_notices":[],"views":3091,"_links":{"self":[{"href":"http:\/\/www.quiltingstudio.hu\/blog\/index.php?rest_route=\/wp\/v2\/posts\/3506"}],"collection":[{"href":"http:\/\/www.quiltingstudio.hu\/blog\/index.php?rest_route=\/wp\/v2\/posts"}],"about":[{"href":"http:\/\/www.quiltingstudio.hu\/blog\/index.php?rest_route=\/wp\/v2\/types\/post"}],"author":[{"embeddable":true,"href":"http:\/\/www.quiltingstudio.hu\/blog\/index.php?rest_route=\/wp\/v2\/users\/1"}],"replies":[{"embeddable":true,"href":"http:\/\/www.quiltingstudio.hu\/blog\/index.php?rest_route=%2Fwp%2Fv2%2Fcomments&post=3506"}],"version-history":[{"count":4,"href":"http:\/\/www.quiltingstudio.hu\/blog\/index.php?rest_route=\/wp\/v2\/posts\/3506\/revisions"}],"predecessor-version":[{"id":3514,"href":"http:\/\/www.quiltingstudio.hu\/blog\/index.php?rest_route=\/wp\/v2\/posts\/3506\/revisions\/3514"}],"wp:attachment":[{"href":"http:\/\/www.quiltingstudio.hu\/blog\/index.php?rest_route=%2Fwp%2Fv2%2Fmedia&parent=3506"}],"wp:term":[{"taxonomy":"category","embeddable":true,"href":"http:\/\/www.quiltingstudio.hu\/blog\/index.php?rest_route=%2Fwp%2Fv2%2Fcategories&post=3506"},{"taxonomy":"post_tag","embeddable":true,"href":"http:\/\/www.quiltingstudio.hu\/blog\/index.php?rest_route=%2Fwp%2Fv2%2Ftags&post=3506"}],"curies":[{"name":"wp","href":"https:\/\/api.w.org\/{rel}","templated":true}]}}