{"id":3515,"date":"2011-12-17T10:03:25","date_gmt":"2011-12-17T08:03:25","guid":{"rendered":"http:\/\/www.quiltingstudio.hu\/blog\/?p=3515"},"modified":"2011-12-17T10:03:25","modified_gmt":"2011-12-17T08:03:25","slug":"swap-utolso","status":"publish","type":"post","link":"http:\/\/www.quiltingstudio.hu\/blog\/?p=3515","title":{"rendered":"Swap- utols\u00f3&#8230;"},"content":{"rendered":"<div id=\"attachment_3516\" style=\"width: 310px\" class=\"wp-caption aligncenter\"><a href=\"http:\/\/www.quiltingstudio.hu\/blog\/wp-content\/uploads\/2011\/12\/maya-segantini.jpg\"><img aria-describedby=\"caption-attachment-3516\" decoding=\"async\" loading=\"lazy\" class=\"size-medium wp-image-3516\" title=\"maya-segantini\" src=\"http:\/\/www.quiltingstudio.hu\/blog\/wp-content\/uploads\/2011\/12\/maya-segantini-300x298.jpg\" alt=\"Segantini k\u00e9p\" width=\"300\" height=\"298\" srcset=\"http:\/\/www.quiltingstudio.hu\/blog\/wp-content\/uploads\/2011\/12\/maya-segantini-300x298.jpg 300w, http:\/\/www.quiltingstudio.hu\/blog\/wp-content\/uploads\/2011\/12\/maya-segantini-150x150.jpg 150w, http:\/\/www.quiltingstudio.hu\/blog\/wp-content\/uploads\/2011\/12\/maya-segantini.jpg 501w\" sizes=\"(max-width: 300px) 100vw, 300px\" \/><\/a><p id=\"caption-attachment-3516\" class=\"wp-caption-text\">Segantini k\u00e9p<\/p><\/div>\n<p>Sajnos a fot\u00f3 nem adja vissza a c\u00e9rn\u00e1k csillog\u00e1s\u00e1t \u00e9s az \u00f6sszhat\u00e1st. A k\u00e9p egy sv\u00e1jci fest\u0151 alkot\u00e1sa, Giovanni Segantini\u00e9. A c\u00edme Ave Maria a trasbordo, 1886.<\/p>\n<p>A blokk pedig egy sv\u00e1jci foltvarr\u00f3 alkot\u00e1sa (\u00e9s most m\u00e1r az eny\u00e9m :o)))) \u00e9s egyszer\u0171en nagyszer\u0171!<!--more--><\/p>\n<p>itt egy r\u00e9szletfot\u00f3 is:<\/p>\n<div id=\"attachment_3517\" style=\"width: 310px\" class=\"wp-caption aligncenter\"><a href=\"http:\/\/www.quiltingstudio.hu\/blog\/wp-content\/uploads\/2011\/12\/maya-segantini_kozeli.jpg\"><img aria-describedby=\"caption-attachment-3517\" decoding=\"async\" loading=\"lazy\" class=\"size-medium wp-image-3517\" title=\"maya-segantini_kozeli\" src=\"http:\/\/www.quiltingstudio.hu\/blog\/wp-content\/uploads\/2011\/12\/maya-segantini_kozeli-300x194.jpg\" alt=\"a barik\u00e1k\" width=\"300\" height=\"194\" srcset=\"http:\/\/www.quiltingstudio.hu\/blog\/wp-content\/uploads\/2011\/12\/maya-segantini_kozeli-300x194.jpg 300w, http:\/\/www.quiltingstudio.hu\/blog\/wp-content\/uploads\/2011\/12\/maya-segantini_kozeli.jpg 769w\" sizes=\"(max-width: 300px) 100vw, 300px\" \/><\/a><p id=\"caption-attachment-3517\" class=\"wp-caption-text\">a barik\u00e1k<\/p><\/div>\n<p>T\u00f6bbf\u00e9le technik\u00e1t haszn\u00e1lt hozz\u00e1. fest\u00e9s, nyomtat\u00e1s, varr\u00e1s. De nekem nagyon tetszik. Azt hiszem nem t\u00falz\u00e1s, hogy az egyik legjobb ebben a k\u00f6rben.<\/p>\n<p>Nem raktam fel az \u00f6sszes be\u00e9rkezett blokkot,- de \u00e9rdekes lenne l\u00e1tni-, ahogy mindenki egyre jobban belej\u00f6tt \u00e9s egyre szebb \u00e9s komolyabb alkot\u00e1sokat k\u00e9sz\u00edtett.<\/p>\n","protected":false},"excerpt":{"rendered":"<p>Sajnos a fot\u00f3 nem adja vissza a c\u00e9rn\u00e1k csillog\u00e1s\u00e1t \u00e9s az \u00f6sszhat\u00e1st. A k\u00e9p egy sv\u00e1jci fest\u0151 alkot\u00e1sa, Giovanni Segantini\u00e9. A c\u00edme Ave Maria a trasbordo, 1886. A blokk pedig egy sv\u00e1jci foltvarr\u00f3 alkot\u00e1sa (\u00e9s most m\u00e1r az eny\u00e9m :o)))) \u00e9s egyszer\u0171en nagyszer\u0171!<\/p>\n","protected":false},"author":1,"featured_media":0,"comment_status":"open","ping_status":"closed","sticky":false,"template":"","format":"standard","meta":[],"categories":[3,14],"tags":[],"aioseo_notices":[],"views":2576,"_links":{"self":[{"href":"http:\/\/www.quiltingstudio.hu\/blog\/index.php?rest_route=\/wp\/v2\/posts\/3515"}],"collection":[{"href":"http:\/\/www.quiltingstudio.hu\/blog\/index.php?rest_route=\/wp\/v2\/posts"}],"about":[{"href":"http:\/\/www.quiltingstudio.hu\/blog\/index.php?rest_route=\/wp\/v2\/types\/post"}],"author":[{"embeddable":true,"href":"http:\/\/www.quiltingstudio.hu\/blog\/index.php?rest_route=\/wp\/v2\/users\/1"}],"replies":[{"embeddable":true,"href":"http:\/\/www.quiltingstudio.hu\/blog\/index.php?rest_route=%2Fwp%2Fv2%2Fcomments&post=3515"}],"version-history":[{"count":5,"href":"http:\/\/www.quiltingstudio.hu\/blog\/index.php?rest_route=\/wp\/v2\/posts\/3515\/revisions"}],"predecessor-version":[{"id":3522,"href":"http:\/\/www.quiltingstudio.hu\/blog\/index.php?rest_route=\/wp\/v2\/posts\/3515\/revisions\/3522"}],"wp:attachment":[{"href":"http:\/\/www.quiltingstudio.hu\/blog\/index.php?rest_route=%2Fwp%2Fv2%2Fmedia&parent=3515"}],"wp:term":[{"taxonomy":"category","embeddable":true,"href":"http:\/\/www.quiltingstudio.hu\/blog\/index.php?rest_route=%2Fwp%2Fv2%2Fcategories&post=3515"},{"taxonomy":"post_tag","embeddable":true,"href":"http:\/\/www.quiltingstudio.hu\/blog\/index.php?rest_route=%2Fwp%2Fv2%2Ftags&post=3515"}],"curies":[{"name":"wp","href":"https:\/\/api.w.org\/{rel}","templated":true}]}}