{"id":3523,"date":"2012-01-09T16:08:15","date_gmt":"2012-01-09T14:08:15","guid":{"rendered":"http:\/\/www.quiltingstudio.hu\/blog\/?p=3523"},"modified":"2012-01-09T16:08:15","modified_gmt":"2012-01-09T14:08:15","slug":"karacsonyi-orchideank","status":"publish","type":"post","link":"http:\/\/www.quiltingstudio.hu\/blog\/?p=3523","title":{"rendered":"Kar\u00e1csonyi orchide\u00e1nk&#8230;"},"content":{"rendered":"<div id=\"attachment_3524\" style=\"width: 262px\" class=\"wp-caption aligncenter\"><a href=\"http:\/\/www.quiltingstudio.hu\/blog\/wp-content\/uploads\/2012\/01\/orchidea2.jpg\"><img aria-describedby=\"caption-attachment-3524\" decoding=\"async\" loading=\"lazy\" class=\"size-medium wp-image-3524\" title=\"orchidea2\" src=\"http:\/\/www.quiltingstudio.hu\/blog\/wp-content\/uploads\/2012\/01\/orchidea2-252x299.jpg\" alt=\"Dendrobium\" width=\"252\" height=\"299\" srcset=\"http:\/\/www.quiltingstudio.hu\/blog\/wp-content\/uploads\/2012\/01\/orchidea2-252x299.jpg 252w, http:\/\/www.quiltingstudio.hu\/blog\/wp-content\/uploads\/2012\/01\/orchidea2-862x1024.jpg 862w, http:\/\/www.quiltingstudio.hu\/blog\/wp-content\/uploads\/2012\/01\/orchidea2.jpg 1000w\" sizes=\"(max-width: 252px) 100vw, 252px\" \/><\/a><p id=\"caption-attachment-3524\" class=\"wp-caption-text\">a lila <\/p><\/div>\n<p>Az id\u00e9n kar\u00e1csonykor sem maradtuk vir\u00e1gz\u00f3 orchidea n\u00e9lk\u00fcl. Ez is \u00e9s a feh\u00e9r is kiny\u00edlt.<\/p>\n<p><!--more-->Egy k\u00f6zeli k\u00e9p r\u00f3la:<\/p>\n<div id=\"attachment_3526\" style=\"width: 310px\" class=\"wp-caption aligncenter\"><a href=\"http:\/\/www.quiltingstudio.hu\/blog\/wp-content\/uploads\/2012\/01\/orchidea.jpg\"><img aria-describedby=\"caption-attachment-3526\" decoding=\"async\" loading=\"lazy\" class=\"size-medium wp-image-3526\" title=\"orchidea\" src=\"http:\/\/www.quiltingstudio.hu\/blog\/wp-content\/uploads\/2012\/01\/orchidea-300x224.jpg\" alt=\"teljes pomp\u00e1j\u00e1ban\" width=\"300\" height=\"224\" srcset=\"http:\/\/www.quiltingstudio.hu\/blog\/wp-content\/uploads\/2012\/01\/orchidea-300x224.jpg 300w, http:\/\/www.quiltingstudio.hu\/blog\/wp-content\/uploads\/2012\/01\/orchidea.jpg 999w\" sizes=\"(max-width: 300px) 100vw, 300px\" \/><\/a><p id=\"caption-attachment-3526\" class=\"wp-caption-text\">teljes pomp\u00e1j\u00e1ban<\/p><\/div>\n","protected":false},"excerpt":{"rendered":"<p>Az id\u00e9n kar\u00e1csonykor sem maradtuk vir\u00e1gz\u00f3 orchidea n\u00e9lk\u00fcl. Ez is \u00e9s a feh\u00e9r is kiny\u00edlt.<\/p>\n","protected":false},"author":1,"featured_media":0,"comment_status":"open","ping_status":"closed","sticky":false,"template":"","format":"standard","meta":[],"categories":[8],"tags":[],"aioseo_notices":[],"views":2549,"_links":{"self":[{"href":"http:\/\/www.quiltingstudio.hu\/blog\/index.php?rest_route=\/wp\/v2\/posts\/3523"}],"collection":[{"href":"http:\/\/www.quiltingstudio.hu\/blog\/index.php?rest_route=\/wp\/v2\/posts"}],"about":[{"href":"http:\/\/www.quiltingstudio.hu\/blog\/index.php?rest_route=\/wp\/v2\/types\/post"}],"author":[{"embeddable":true,"href":"http:\/\/www.quiltingstudio.hu\/blog\/index.php?rest_route=\/wp\/v2\/users\/1"}],"replies":[{"embeddable":true,"href":"http:\/\/www.quiltingstudio.hu\/blog\/index.php?rest_route=%2Fwp%2Fv2%2Fcomments&post=3523"}],"version-history":[{"count":4,"href":"http:\/\/www.quiltingstudio.hu\/blog\/index.php?rest_route=\/wp\/v2\/posts\/3523\/revisions"}],"predecessor-version":[{"id":3552,"href":"http:\/\/www.quiltingstudio.hu\/blog\/index.php?rest_route=\/wp\/v2\/posts\/3523\/revisions\/3552"}],"wp:attachment":[{"href":"http:\/\/www.quiltingstudio.hu\/blog\/index.php?rest_route=%2Fwp%2Fv2%2Fmedia&parent=3523"}],"wp:term":[{"taxonomy":"category","embeddable":true,"href":"http:\/\/www.quiltingstudio.hu\/blog\/index.php?rest_route=%2Fwp%2Fv2%2Fcategories&post=3523"},{"taxonomy":"post_tag","embeddable":true,"href":"http:\/\/www.quiltingstudio.hu\/blog\/index.php?rest_route=%2Fwp%2Fv2%2Ftags&post=3523"}],"curies":[{"name":"wp","href":"https:\/\/api.w.org\/{rel}","templated":true}]}}