{"id":3529,"date":"2012-01-09T16:14:46","date_gmt":"2012-01-09T14:14:46","guid":{"rendered":"http:\/\/www.quiltingstudio.hu\/blog\/?p=3529"},"modified":"2012-01-09T16:14:46","modified_gmt":"2012-01-09T14:14:46","slug":"ezt-is-kiprobaltam","status":"publish","type":"post","link":"http:\/\/www.quiltingstudio.hu\/blog\/?p=3529","title":{"rendered":"Ezt is kipr\u00f3b\u00e1ltam&#8230;"},"content":{"rendered":"<div id=\"attachment_3528\" style=\"width: 310px\" class=\"wp-caption aligncenter\"><a href=\"http:\/\/www.quiltingstudio.hu\/blog\/wp-content\/uploads\/2012\/01\/suti1.jpg\"><img aria-describedby=\"caption-attachment-3528\" decoding=\"async\" loading=\"lazy\" class=\"size-medium wp-image-3528\" title=\"suti1\" src=\"http:\/\/www.quiltingstudio.hu\/blog\/wp-content\/uploads\/2012\/01\/suti1-300x162.jpg\" alt=\"kal\u00e1cs\" width=\"300\" height=\"162\" srcset=\"http:\/\/www.quiltingstudio.hu\/blog\/wp-content\/uploads\/2012\/01\/suti1-300x162.jpg 300w, http:\/\/www.quiltingstudio.hu\/blog\/wp-content\/uploads\/2012\/01\/suti1.jpg 1000w\" sizes=\"(max-width: 300px) 100vw, 300px\" \/><\/a><p id=\"caption-attachment-3528\" class=\"wp-caption-text\">Finom ...<\/p><\/div>\n<p>Nagy sikere volt a csal\u00e1dban.<!--more--><\/p>\n<p>Eleinte tartottam att\u00f3l, hogyan fogom kivenni, de eddig mind gond n\u00e9lk\u00fcl kij\u00f6tt.<\/p>\n<div id=\"attachment_3530\" style=\"width: 310px\" class=\"wp-caption aligncenter\"><a href=\"http:\/\/www.quiltingstudio.hu\/blog\/wp-content\/uploads\/2012\/01\/suti2.jpg\"><img aria-describedby=\"caption-attachment-3530\" decoding=\"async\" loading=\"lazy\" class=\"size-medium wp-image-3530\" title=\"suti2\" src=\"http:\/\/www.quiltingstudio.hu\/blog\/wp-content\/uploads\/2012\/01\/suti2-300x146.jpg\" alt=\"nagyon l\u00e1tv\u00e1nyos \" width=\"300\" height=\"146\" srcset=\"http:\/\/www.quiltingstudio.hu\/blog\/wp-content\/uploads\/2012\/01\/suti2-300x146.jpg 300w, http:\/\/www.quiltingstudio.hu\/blog\/wp-content\/uploads\/2012\/01\/suti2.jpg 1000w\" sizes=\"(max-width: 300px) 100vw, 300px\" \/><\/a><p id=\"caption-attachment-3530\" class=\"wp-caption-text\">... \u00e9s nagyon l\u00e1tv\u00e1nyos <\/p><\/div>\n<p>K\u00f6sz\u00f6net a recept\u00e9rt M\u00e1rtinak.<\/p>\n","protected":false},"excerpt":{"rendered":"<p>Nagy sikere volt a csal\u00e1dban.<\/p>\n","protected":false},"author":1,"featured_media":0,"comment_status":"open","ping_status":"closed","sticky":false,"template":"","format":"standard","meta":[],"categories":[7],"tags":[],"aioseo_notices":[],"views":2635,"_links":{"self":[{"href":"http:\/\/www.quiltingstudio.hu\/blog\/index.php?rest_route=\/wp\/v2\/posts\/3529"}],"collection":[{"href":"http:\/\/www.quiltingstudio.hu\/blog\/index.php?rest_route=\/wp\/v2\/posts"}],"about":[{"href":"http:\/\/www.quiltingstudio.hu\/blog\/index.php?rest_route=\/wp\/v2\/types\/post"}],"author":[{"embeddable":true,"href":"http:\/\/www.quiltingstudio.hu\/blog\/index.php?rest_route=\/wp\/v2\/users\/1"}],"replies":[{"embeddable":true,"href":"http:\/\/www.quiltingstudio.hu\/blog\/index.php?rest_route=%2Fwp%2Fv2%2Fcomments&post=3529"}],"version-history":[{"count":4,"href":"http:\/\/www.quiltingstudio.hu\/blog\/index.php?rest_route=\/wp\/v2\/posts\/3529\/revisions"}],"predecessor-version":[{"id":3555,"href":"http:\/\/www.quiltingstudio.hu\/blog\/index.php?rest_route=\/wp\/v2\/posts\/3529\/revisions\/3555"}],"wp:attachment":[{"href":"http:\/\/www.quiltingstudio.hu\/blog\/index.php?rest_route=%2Fwp%2Fv2%2Fmedia&parent=3529"}],"wp:term":[{"taxonomy":"category","embeddable":true,"href":"http:\/\/www.quiltingstudio.hu\/blog\/index.php?rest_route=%2Fwp%2Fv2%2Fcategories&post=3529"},{"taxonomy":"post_tag","embeddable":true,"href":"http:\/\/www.quiltingstudio.hu\/blog\/index.php?rest_route=%2Fwp%2Fv2%2Ftags&post=3529"}],"curies":[{"name":"wp","href":"https:\/\/api.w.org\/{rel}","templated":true}]}}