{"id":3595,"date":"2012-02-05T20:43:37","date_gmt":"2012-02-05T18:43:37","guid":{"rendered":"http:\/\/www.quiltingstudio.hu\/blog\/?p=3595"},"modified":"2012-02-05T20:43:37","modified_gmt":"2012-02-05T18:43:37","slug":"egy-kis-vidamsag","status":"publish","type":"post","link":"http:\/\/www.quiltingstudio.hu\/blog\/?p=3595","title":{"rendered":"Egy kis vid\u00e1ms\u00e1g&#8230;"},"content":{"rendered":"<div id=\"attachment_3596\" style=\"width: 310px\" class=\"wp-caption aligncenter\"><a href=\"http:\/\/www.quiltingstudio.hu\/blog\/wp-content\/uploads\/2012\/02\/szives2.jpg\"><img aria-describedby=\"caption-attachment-3596\" decoding=\"async\" loading=\"lazy\" class=\"size-medium wp-image-3596\" title=\"szives2\" src=\"http:\/\/www.quiltingstudio.hu\/blog\/wp-content\/uploads\/2012\/02\/szives2-300x168.jpg\" alt=\"Szeret, nem szeret...\" width=\"300\" height=\"168\" srcset=\"http:\/\/www.quiltingstudio.hu\/blog\/wp-content\/uploads\/2012\/02\/szives2-300x168.jpg 300w, http:\/\/www.quiltingstudio.hu\/blog\/wp-content\/uploads\/2012\/02\/szives2.jpg 999w\" sizes=\"(max-width: 300px) 100vw, 300px\" \/><\/a><p id=\"caption-attachment-3596\" class=\"wp-caption-text\">Szeret, nem szeret...<\/p><\/div>\n<p>Mondhatjuk, hogy Valentin napra k\u00e9sz\u00fclt, de nem igaz. Hiszen ezt mi sosem szoktuk meg\u00fcnnepelni, ellenben pl. megismerked\u00e9s\u00fcnk napj\u00e1t sokkal ink\u00e1bb. De teljesen mindegy, j\u00f3l esett egy kis sz\u00fctty\u00f6g\u00e9s, varrogat\u00e1s \u00e9s ez lett a v\u00e9ge.<!--more--><\/p>\n<div id=\"attachment_3597\" style=\"width: 304px\" class=\"wp-caption aligncenter\"><a href=\"http:\/\/www.quiltingstudio.hu\/blog\/wp-content\/uploads\/2012\/02\/felkesz.jpg\"><img aria-describedby=\"caption-attachment-3597\" decoding=\"async\" loading=\"lazy\" class=\"size-medium wp-image-3597\" title=\"felkesz\" src=\"http:\/\/www.quiltingstudio.hu\/blog\/wp-content\/uploads\/2012\/02\/felkesz-294x299.jpg\" alt=\"felvasalva\" width=\"294\" height=\"299\" srcset=\"http:\/\/www.quiltingstudio.hu\/blog\/wp-content\/uploads\/2012\/02\/felkesz-294x299.jpg 294w, http:\/\/www.quiltingstudio.hu\/blog\/wp-content\/uploads\/2012\/02\/felkesz.jpg 552w\" sizes=\"(max-width: 294px) 100vw, 294px\" \/><\/a><p id=\"caption-attachment-3597\" class=\"wp-caption-text\">felvasalva<\/p><\/div>\n<p>\u00cdgy n\u00e9zett ki, miut\u00e1n a kivagdosott sz\u00edveket felvasaltam. Term\u00e9szetesen vlisofix van a h\u00e1toldal\u00e1n. A kezembe akadt egy darab pap\u00edr \u00e9s egy oll\u00f3 (a varr\u00f3s szob\u00e1ban ez nem nagy csoda, hiszen eg\u00e9sz sok van bel\u0151le) Addig addig hajtogattam ill. vagdostam, m\u00edg kialakult ez a forma. Megtetszett&#8230;<\/p>\n<div id=\"attachment_3598\" style=\"width: 310px\" class=\"wp-caption aligncenter\"><a href=\"http:\/\/www.quiltingstudio.hu\/blog\/wp-content\/uploads\/2012\/02\/kozep.jpg\"><img aria-describedby=\"caption-attachment-3598\" decoding=\"async\" loading=\"lazy\" class=\"size-medium wp-image-3598\" title=\"kozep\" src=\"http:\/\/www.quiltingstudio.hu\/blog\/wp-content\/uploads\/2012\/02\/kozep-300x168.jpg\" alt=\"k\u00f6z\u00e9p minta\" width=\"300\" height=\"168\" srcset=\"http:\/\/www.quiltingstudio.hu\/blog\/wp-content\/uploads\/2012\/02\/kozep-300x168.jpg 300w, http:\/\/www.quiltingstudio.hu\/blog\/wp-content\/uploads\/2012\/02\/kozep.jpg 999w\" sizes=\"(max-width: 300px) 100vw, 300px\" \/><\/a><p id=\"caption-attachment-3598\" class=\"wp-caption-text\">k\u00f6z\u00e9p minta<\/p><\/div>\n<p>Nagy mond\u00e1s, hogy <em>ha egy kev\u00e9sb\u00e9 sz\u00e9p form\u00e1t valamilyen rendszeress\u00e9ggel t\u00f6bbsz\u00f6r\u00f6z\u00fcnk<\/em>, m\u00e9g ak\u00e1r <strong>sz\u00e9p <\/strong>is lehet.\u00a0 Itt is \u00edgy j\u00e1rtam, \u00edgy m\u00e1r tetszik. Mindenk\u00e9pp le akartam t\u0171zni \u00e9s tal\u00e1ltam egy eldugott m\u0171anyag sablont, ami \u00e9pp sz\u00edvecsk\u00e9s mint\u00e1j\u00fa. Ebb\u0151l kombin\u00e1ltam \u00f6ssze a k\u00f6z\u00e9p mint\u00e1t. Ehhez szenz\u00e1ci\u00f3s j\u00f3l lehet haszn\u00e1lni a h\u0151re (vasal\u00e1sra) elt\u0171n\u0151 jel\u00f6l\u0151 tollat.<\/p>\n<div id=\"attachment_3599\" style=\"width: 310px\" class=\"wp-caption aligncenter\"><a href=\"http:\/\/www.quiltingstudio.hu\/blog\/wp-content\/uploads\/2012\/02\/tuzes.jpg\"><img aria-describedby=\"caption-attachment-3599\" decoding=\"async\" loading=\"lazy\" class=\"size-medium wp-image-3599\" title=\"tuzes\" src=\"http:\/\/www.quiltingstudio.hu\/blog\/wp-content\/uploads\/2012\/02\/tuzes-300x157.jpg\" alt=\"Alakul...\" width=\"300\" height=\"157\" srcset=\"http:\/\/www.quiltingstudio.hu\/blog\/wp-content\/uploads\/2012\/02\/tuzes-300x157.jpg 300w, http:\/\/www.quiltingstudio.hu\/blog\/wp-content\/uploads\/2012\/02\/tuzes.jpg 997w\" sizes=\"(max-width: 300px) 100vw, 300px\" \/><\/a><p id=\"caption-attachment-3599\" class=\"wp-caption-text\">Alakul...<\/p><\/div>\n<p>A sz\u00edvecsk\u00e9ket pirossal t\u0171ztem k\u00f6rbe, a t\u00f6bbit ekr\u0171 sz\u00ednnel eg\u00e9sz\u00edtettem ki.<\/p>\n<p>\u00c9s j\u00f6tt a v\u00e9g\u00e9re a csattan\u00f3: a kedvencem (<em>a kontrasztok kir\u00e1lya!<\/em>) a fekete-feh\u00e9r cs\u00edkos ferdep\u00e1ntos befejez\u00e9s.<\/p>\n<div id=\"attachment_3601\" style=\"width: 310px\" class=\"wp-caption aligncenter\"><a href=\"http:\/\/www.quiltingstudio.hu\/blog\/wp-content\/uploads\/2012\/02\/szives.jpg\"><img aria-describedby=\"caption-attachment-3601\" decoding=\"async\" loading=\"lazy\" class=\"size-medium wp-image-3601\" title=\"szives\" src=\"http:\/\/www.quiltingstudio.hu\/blog\/wp-content\/uploads\/2012\/02\/szives-300x284.jpg\" alt=\"A k\u00e9sz ter\u00edt\u0151\" width=\"300\" height=\"284\" srcset=\"http:\/\/www.quiltingstudio.hu\/blog\/wp-content\/uploads\/2012\/02\/szives-300x284.jpg 300w, http:\/\/www.quiltingstudio.hu\/blog\/wp-content\/uploads\/2012\/02\/szives.jpg 559w\" sizes=\"(max-width: 300px) 100vw, 300px\" \/><\/a><p id=\"caption-attachment-3601\" class=\"wp-caption-text\">A k\u00e9sz ter\u00edt\u0151<\/p><\/div>\n<p>H\u00e1t ilyen egy &#8216;laza&#8217; (s\u00fct\u00e9s-f\u0151z\u00e9s, stb.) h\u00e9tv\u00e9ge eredm\u00e9nye.<\/p>\n","protected":false},"excerpt":{"rendered":"<p>Mondhatjuk, hogy Valentin napra k\u00e9sz\u00fclt, de nem igaz. Hiszen ezt mi sosem szoktuk meg\u00fcnnepelni, ellenben pl. megismerked\u00e9s\u00fcnk napj\u00e1t sokkal ink\u00e1bb. De teljesen mindegy, j\u00f3l esett egy kis sz\u00fctty\u00f6g\u00e9s, varrogat\u00e1s \u00e9s ez lett a v\u00e9ge.<\/p>\n","protected":false},"author":1,"featured_media":0,"comment_status":"open","ping_status":"closed","sticky":false,"template":"","format":"standard","meta":[],"categories":[3],"tags":[],"aioseo_notices":[],"views":2772,"_links":{"self":[{"href":"http:\/\/www.quiltingstudio.hu\/blog\/index.php?rest_route=\/wp\/v2\/posts\/3595"}],"collection":[{"href":"http:\/\/www.quiltingstudio.hu\/blog\/index.php?rest_route=\/wp\/v2\/posts"}],"about":[{"href":"http:\/\/www.quiltingstudio.hu\/blog\/index.php?rest_route=\/wp\/v2\/types\/post"}],"author":[{"embeddable":true,"href":"http:\/\/www.quiltingstudio.hu\/blog\/index.php?rest_route=\/wp\/v2\/users\/1"}],"replies":[{"embeddable":true,"href":"http:\/\/www.quiltingstudio.hu\/blog\/index.php?rest_route=%2Fwp%2Fv2%2Fcomments&post=3595"}],"version-history":[{"count":3,"href":"http:\/\/www.quiltingstudio.hu\/blog\/index.php?rest_route=\/wp\/v2\/posts\/3595\/revisions"}],"predecessor-version":[{"id":3603,"href":"http:\/\/www.quiltingstudio.hu\/blog\/index.php?rest_route=\/wp\/v2\/posts\/3595\/revisions\/3603"}],"wp:attachment":[{"href":"http:\/\/www.quiltingstudio.hu\/blog\/index.php?rest_route=%2Fwp%2Fv2%2Fmedia&parent=3595"}],"wp:term":[{"taxonomy":"category","embeddable":true,"href":"http:\/\/www.quiltingstudio.hu\/blog\/index.php?rest_route=%2Fwp%2Fv2%2Fcategories&post=3595"},{"taxonomy":"post_tag","embeddable":true,"href":"http:\/\/www.quiltingstudio.hu\/blog\/index.php?rest_route=%2Fwp%2Fv2%2Ftags&post=3595"}],"curies":[{"name":"wp","href":"https:\/\/api.w.org\/{rel}","templated":true}]}}