{"id":3604,"date":"2012-02-06T09:28:56","date_gmt":"2012-02-06T07:28:56","guid":{"rendered":"http:\/\/www.quiltingstudio.hu\/blog\/?p=3604"},"modified":"2012-02-06T09:28:56","modified_gmt":"2012-02-06T07:28:56","slug":"egy-kis-tavasz-2","status":"publish","type":"post","link":"http:\/\/www.quiltingstudio.hu\/blog\/?p=3604","title":{"rendered":"Egy kis tavasz&#8230;"},"content":{"rendered":"<div id=\"attachment_3606\" style=\"width: 200px\" class=\"wp-caption aligncenter\"><a href=\"http:\/\/www.quiltingstudio.hu\/blog\/wp-content\/uploads\/2012\/02\/asztalon.jpg\"><img aria-describedby=\"caption-attachment-3606\" decoding=\"async\" loading=\"lazy\" class=\"size-medium wp-image-3606\" title=\"asztalon\" src=\"http:\/\/www.quiltingstudio.hu\/blog\/wp-content\/uploads\/2012\/02\/asztalon-190x300.jpg\" alt=\"fel\u00f6lt\u00f6ztetve\" width=\"190\" height=\"300\" srcset=\"http:\/\/www.quiltingstudio.hu\/blog\/wp-content\/uploads\/2012\/02\/asztalon-190x300.jpg 190w, http:\/\/www.quiltingstudio.hu\/blog\/wp-content\/uploads\/2012\/02\/asztalon-649x1024.jpg 649w, http:\/\/www.quiltingstudio.hu\/blog\/wp-content\/uploads\/2012\/02\/asztalon.jpg 887w\" sizes=\"(max-width: 190px) 100vw, 190px\" \/><\/a><p id=\"caption-attachment-3606\" class=\"wp-caption-text\">fel\u00f6lt\u00f6ztetve...<\/p><\/div>\n<p>m\u00e1rmint az asztal. Sokkal szebb (\u00e9s illatosabb) \u00edgy.<\/p>\n","protected":false},"excerpt":{"rendered":"<p>m\u00e1rmint az asztal. Sokkal szebb (\u00e9s illatosabb) \u00edgy.<\/p>\n","protected":false},"author":1,"featured_media":0,"comment_status":"open","ping_status":"closed","sticky":false,"template":"","format":"standard","meta":[],"categories":[3],"tags":[],"aioseo_notices":[],"views":1779,"_links":{"self":[{"href":"http:\/\/www.quiltingstudio.hu\/blog\/index.php?rest_route=\/wp\/v2\/posts\/3604"}],"collection":[{"href":"http:\/\/www.quiltingstudio.hu\/blog\/index.php?rest_route=\/wp\/v2\/posts"}],"about":[{"href":"http:\/\/www.quiltingstudio.hu\/blog\/index.php?rest_route=\/wp\/v2\/types\/post"}],"author":[{"embeddable":true,"href":"http:\/\/www.quiltingstudio.hu\/blog\/index.php?rest_route=\/wp\/v2\/users\/1"}],"replies":[{"embeddable":true,"href":"http:\/\/www.quiltingstudio.hu\/blog\/index.php?rest_route=%2Fwp%2Fv2%2Fcomments&post=3604"}],"version-history":[{"count":2,"href":"http:\/\/www.quiltingstudio.hu\/blog\/index.php?rest_route=\/wp\/v2\/posts\/3604\/revisions"}],"predecessor-version":[{"id":3608,"href":"http:\/\/www.quiltingstudio.hu\/blog\/index.php?rest_route=\/wp\/v2\/posts\/3604\/revisions\/3608"}],"wp:attachment":[{"href":"http:\/\/www.quiltingstudio.hu\/blog\/index.php?rest_route=%2Fwp%2Fv2%2Fmedia&parent=3604"}],"wp:term":[{"taxonomy":"category","embeddable":true,"href":"http:\/\/www.quiltingstudio.hu\/blog\/index.php?rest_route=%2Fwp%2Fv2%2Fcategories&post=3604"},{"taxonomy":"post_tag","embeddable":true,"href":"http:\/\/www.quiltingstudio.hu\/blog\/index.php?rest_route=%2Fwp%2Fv2%2Ftags&post=3604"}],"curies":[{"name":"wp","href":"https:\/\/api.w.org\/{rel}","templated":true}]}}