{"id":3609,"date":"2012-02-13T21:18:05","date_gmt":"2012-02-13T19:18:05","guid":{"rendered":"http:\/\/www.quiltingstudio.hu\/blog\/?p=3609"},"modified":"2012-02-13T21:18:05","modified_gmt":"2012-02-13T19:18:05","slug":"meglepo-modon","status":"publish","type":"post","link":"http:\/\/www.quiltingstudio.hu\/blog\/?p=3609","title":{"rendered":"Meglep\u0151 m\u00f3don&#8230;."},"content":{"rendered":"<p>megint egy kis applik\u00e1ci\u00f3!<\/p>\n<div id=\"attachment_3620\" style=\"width: 310px\" class=\"wp-caption aligncenter\"><a href=\"http:\/\/www.quiltingstudio.hu\/blog\/wp-content\/uploads\/2012\/02\/ollok22.jpg\"><img aria-describedby=\"caption-attachment-3620\" decoding=\"async\" loading=\"lazy\" class=\"size-medium wp-image-3620\" title=\"ollok22\" src=\"http:\/\/www.quiltingstudio.hu\/blog\/wp-content\/uploads\/2012\/02\/ollok22-300x244.jpg\" alt=\"T\u00e1ncol\u00f3 oll\u00f3k\" width=\"300\" height=\"244\" srcset=\"http:\/\/www.quiltingstudio.hu\/blog\/wp-content\/uploads\/2012\/02\/ollok22-300x244.jpg 300w, http:\/\/www.quiltingstudio.hu\/blog\/wp-content\/uploads\/2012\/02\/ollok22.jpg 674w\" sizes=\"(max-width: 300px) 100vw, 300px\" \/><\/a><p id=\"caption-attachment-3620\" class=\"wp-caption-text\">T\u00e1ncol\u00f3 oll\u00f3k<\/p><\/div>\n<p>Szokt\u00e1k mondani:<strong> a t\u00e9ma az asztalon hever<\/strong>! N\u00e1lam sem volt m\u00e1sk\u00e9pp. Egyb\u0151l fel is haszn\u00e1ltam, mind az oll\u00f3t, mind a centit modellnek. :o)))<\/p>\n<p><!--more-->Ebb\u0151l kerekedett egy kisebb quilt, amin egy \u00faj applik\u00e1ci\u00f3s megold\u00e1st gyakoroltam.<\/p>\n<div id=\"attachment_3615\" style=\"width: 310px\" class=\"wp-caption aligncenter\"><a href=\"http:\/\/www.quiltingstudio.hu\/blog\/wp-content\/uploads\/2012\/02\/ollok.jpg\"><\/a><a href=\"http:\/\/www.quiltingstudio.hu\/blog\/wp-content\/uploads\/2012\/02\/ollok1.jpg\"><img aria-describedby=\"caption-attachment-3615\" decoding=\"async\" loading=\"lazy\" class=\"aligncenter size-medium wp-image-3618\" title=\"ollok1\" src=\"http:\/\/www.quiltingstudio.hu\/blog\/wp-content\/uploads\/2012\/02\/ollok1-300x209.jpg\" alt=\"ollok1\" width=\"300\" height=\"209\" srcset=\"http:\/\/www.quiltingstudio.hu\/blog\/wp-content\/uploads\/2012\/02\/ollok1-300x209.jpg 300w, http:\/\/www.quiltingstudio.hu\/blog\/wp-content\/uploads\/2012\/02\/ollok1.jpg 545w\" sizes=\"(max-width: 300px) 100vw, 300px\" \/><\/a><br \/>\n<p id=\"caption-attachment-3615\" class=\"wp-caption-text\">f\u00e9lk\u00e9szen<\/p><\/div>\n<p>Meg vagyok vele el\u00e9gedve. Az\u00f3ta a k\u00e9pet m\u00e1r befejeztem teljesen, let\u0171ztem \u00e9s a sz\u00e9l\u00e9t is levarrtam.<\/p>\n","protected":false},"excerpt":{"rendered":"<p>megint egy kis applik\u00e1ci\u00f3! Szokt\u00e1k mondani: a t\u00e9ma az asztalon hever! N\u00e1lam sem volt m\u00e1sk\u00e9pp. Egyb\u0151l fel is haszn\u00e1ltam, mind az oll\u00f3t, mind a centit modellnek. :o)))<\/p>\n","protected":false},"author":1,"featured_media":0,"comment_status":"open","ping_status":"closed","sticky":false,"template":"","format":"standard","meta":[],"categories":[3],"tags":[],"aioseo_notices":[],"views":2181,"_links":{"self":[{"href":"http:\/\/www.quiltingstudio.hu\/blog\/index.php?rest_route=\/wp\/v2\/posts\/3609"}],"collection":[{"href":"http:\/\/www.quiltingstudio.hu\/blog\/index.php?rest_route=\/wp\/v2\/posts"}],"about":[{"href":"http:\/\/www.quiltingstudio.hu\/blog\/index.php?rest_route=\/wp\/v2\/types\/post"}],"author":[{"embeddable":true,"href":"http:\/\/www.quiltingstudio.hu\/blog\/index.php?rest_route=\/wp\/v2\/users\/1"}],"replies":[{"embeddable":true,"href":"http:\/\/www.quiltingstudio.hu\/blog\/index.php?rest_route=%2Fwp%2Fv2%2Fcomments&post=3609"}],"version-history":[{"count":8,"href":"http:\/\/www.quiltingstudio.hu\/blog\/index.php?rest_route=\/wp\/v2\/posts\/3609\/revisions"}],"predecessor-version":[{"id":3622,"href":"http:\/\/www.quiltingstudio.hu\/blog\/index.php?rest_route=\/wp\/v2\/posts\/3609\/revisions\/3622"}],"wp:attachment":[{"href":"http:\/\/www.quiltingstudio.hu\/blog\/index.php?rest_route=%2Fwp%2Fv2%2Fmedia&parent=3609"}],"wp:term":[{"taxonomy":"category","embeddable":true,"href":"http:\/\/www.quiltingstudio.hu\/blog\/index.php?rest_route=%2Fwp%2Fv2%2Fcategories&post=3609"},{"taxonomy":"post_tag","embeddable":true,"href":"http:\/\/www.quiltingstudio.hu\/blog\/index.php?rest_route=%2Fwp%2Fv2%2Ftags&post=3609"}],"curies":[{"name":"wp","href":"https:\/\/api.w.org\/{rel}","templated":true}]}}