{"id":3623,"date":"2012-02-19T17:24:53","date_gmt":"2012-02-19T15:24:53","guid":{"rendered":"http:\/\/www.quiltingstudio.hu\/blog\/?p=3623"},"modified":"2012-02-19T17:24:53","modified_gmt":"2012-02-19T15:24:53","slug":"igy-jartam","status":"publish","type":"post","link":"http:\/\/www.quiltingstudio.hu\/blog\/?p=3623","title":{"rendered":"\u00cdgy j\u00e1rtam&#8230;"},"content":{"rendered":"<div id=\"attachment_3624\" style=\"width: 307px\" class=\"wp-caption aligncenter\"><a href=\"http:\/\/www.quiltingstudio.hu\/blog\/wp-content\/uploads\/2012\/02\/sziv1.jpg\"><img aria-describedby=\"caption-attachment-3624\" decoding=\"async\" loading=\"lazy\" class=\"size-medium wp-image-3624\" title=\"sziv1\" src=\"http:\/\/www.quiltingstudio.hu\/blog\/wp-content\/uploads\/2012\/02\/sziv1-297x300.jpg\" alt=\"Kezdetek\" width=\"297\" height=\"300\" srcset=\"http:\/\/www.quiltingstudio.hu\/blog\/wp-content\/uploads\/2012\/02\/sziv1-297x300.jpg 297w, http:\/\/www.quiltingstudio.hu\/blog\/wp-content\/uploads\/2012\/02\/sziv1.jpg 999w\" sizes=\"(max-width: 297px) 100vw, 297px\" \/><\/a><p id=\"caption-attachment-3624\" class=\"wp-caption-text\">Kezdetek<\/p><\/div>\n<p>\u00cdgy\u00a0 kezd\u0151d\u00f6tt minden. Volt egy \u00f6tletem , egy r\u00f6pke v\u00e1zlatom, ami alapj\u00e1n elindultam. El\u0151sz\u00f6r elk\u00e9sz\u00edtettem az alapot (h\u00e1tteret) majd a sz\u00edvet. Szok\u00e1sos technika (ragaszt\u00f3s applik\u00e1ci\u00f3) \u00e9s ezut\u00e1n j\u00f6ttek a zs\u00e1kutc\u00e1k. \u00c9n azt gondoltam &#8216;semmi perc&#8217; alatt \u00f6sszedobom (a darabk\u00e1kat), let\u0171z\u00f6m \u00e9s k\u00e9sz. Ez a semmi perc egy h\u00e9t lett, egyet el\u0151re kett\u0151t h\u00e1tra&#8230;<\/p>\n<p><!--more--><\/p>\n<p>El\u0151sz\u00f6r csak t\u0171z\u00e9seket terveztem fekete c\u00e9rn\u00e1val a sz\u00edv k\u00f6r\u00e9 egy kis &#8216;zajnak&#8217;. De egy\u00e1ltal\u00e1n nem \u00e9rv\u00e9nyes\u00fclt, hi\u00e1ba varrtam \u00e1t t\u00f6bbsz\u00f6r is. Ekkor k\u00e9t lehet\u0151s\u00e9gem volt, \u00edgy egyb\u0151l kuk\u00e1ba dobom, vagy egy napig bontom. Aludtam r\u00e1 egyet \u00e9s az ut\u00f3bbi mellett d\u00f6nt\u00f6ttem.<\/p>\n<div id=\"attachment_3625\" style=\"width: 310px\" class=\"wp-caption aligncenter\"><a href=\"http:\/\/www.quiltingstudio.hu\/blog\/wp-content\/uploads\/2012\/02\/sziv2.jpg\"><img aria-describedby=\"caption-attachment-3625\" decoding=\"async\" loading=\"lazy\" class=\"size-medium wp-image-3625\" title=\"sziv2\" src=\"http:\/\/www.quiltingstudio.hu\/blog\/wp-content\/uploads\/2012\/02\/sziv2-300x227.jpg\" alt=\"\u00f6tletel\u00e9s\" width=\"300\" height=\"227\" srcset=\"http:\/\/www.quiltingstudio.hu\/blog\/wp-content\/uploads\/2012\/02\/sziv2-300x227.jpg 300w, http:\/\/www.quiltingstudio.hu\/blog\/wp-content\/uploads\/2012\/02\/sziv2.jpg 998w\" sizes=\"(max-width: 300px) 100vw, 300px\" \/><\/a><p id=\"caption-attachment-3625\" class=\"wp-caption-text\">\u00f6tletel\u00e9s<\/p><\/div>\n<p>Az, hogy a kismad\u00e1r m\u00e1r nem az els\u0151 , mondanom sem kell. Nem voltam vele megel\u00e9gedve ez\u00e9rt evvel is elj\u00e1tszottam kicsit. F\u00e9l nap a net el\u0151tt kismadarakat keresgetve&#8230;<\/p>\n<p>Azt tudtam, hogy ilyen vagy hasonl\u00f3 cirkalmakat szeretn\u00e9k mell\u00e9 tenni. De itt t\u00fal nagy a rend&#8230;nekem a cs\u00edkos is belef\u00e9rt volna, de v\u00e9g\u00fcl m\u00e9gis kiesett. Megint egy nap, mire a cirkalmas leveleket megrajzolgattam, kivagdostam, kital\u00e1ltam a sorrendet.<\/p>\n<div id=\"attachment_3626\" style=\"width: 310px\" class=\"wp-caption aligncenter\"><a href=\"http:\/\/www.quiltingstudio.hu\/blog\/wp-content\/uploads\/2012\/02\/sziv3.jpg\"><img aria-describedby=\"caption-attachment-3626\" decoding=\"async\" loading=\"lazy\" class=\"size-medium wp-image-3626\" title=\"sziv3\" src=\"http:\/\/www.quiltingstudio.hu\/blog\/wp-content\/uploads\/2012\/02\/sziv3-300x214.jpg\" alt=\"asszimetrikusan\" width=\"300\" height=\"214\" srcset=\"http:\/\/www.quiltingstudio.hu\/blog\/wp-content\/uploads\/2012\/02\/sziv3-300x214.jpg 300w, http:\/\/www.quiltingstudio.hu\/blog\/wp-content\/uploads\/2012\/02\/sziv3.jpg 998w\" sizes=\"(max-width: 300px) 100vw, 300px\" \/><\/a><p id=\"caption-attachment-3626\" class=\"wp-caption-text\">aszimetrikusan<\/p><\/div>\n<p>Azt\u00e1n j\u00f6tt a k\u00f6vetkez\u0151 k\u00e9rd\u00e9s, hogyan mutat jobban? Nekem \u00edgy\u00a0 tetszett , h\u00e1t \u00edgy is maradt. Most m\u00e1r j\u00f6hettek a cirkalmak, el\u0151bb feket\u00e9vel majd arany sz\u00ednnel. Alakult, de m\u00e9g mindig kev\u00e9s&#8230;<\/p>\n<div id=\"attachment_3628\" style=\"width: 308px\" class=\"wp-caption aligncenter\"><a href=\"http:\/\/www.quiltingstudio.hu\/blog\/wp-content\/uploads\/2012\/02\/sziv4.jpg\"><img aria-describedby=\"caption-attachment-3628\" decoding=\"async\" loading=\"lazy\" class=\"size-medium wp-image-3628\" title=\"sziv4\" src=\"http:\/\/www.quiltingstudio.hu\/blog\/wp-content\/uploads\/2012\/02\/sziv4-298x300.jpg\" alt=\"elk\u00e9sz\u00fclt\" width=\"298\" height=\"300\" srcset=\"http:\/\/www.quiltingstudio.hu\/blog\/wp-content\/uploads\/2012\/02\/sziv4-298x300.jpg 298w, http:\/\/www.quiltingstudio.hu\/blog\/wp-content\/uploads\/2012\/02\/sziv4-150x150.jpg 150w, http:\/\/www.quiltingstudio.hu\/blog\/wp-content\/uploads\/2012\/02\/sziv4.jpg 998w\" sizes=\"(max-width: 298px) 100vw, 298px\" \/><\/a><p id=\"caption-attachment-3628\" class=\"wp-caption-text\">elk\u00e9sz\u00fclt<\/p><\/div>\n<p>El\u0151vettem egy kis textil fest\u00e9ket \u00e9s \u00edgy lettek rajta a p\u00f6tty\u00f6k, ill. a foltok. Na, most m\u00e1r jobb.<\/p>\n<p>T\u0171z\u00e9se n\u00e9gyzeth\u00e1l\u00f3s, varr\u00f3g\u00e9ptalp sz\u00e9less\u00e9gre mel\u00edrozott c\u00e9rn\u00e1val, de csak k\u00edv\u00fcl.<\/p>\n<p>Sz\u00f3val \u00edgy j\u00e1rtam, hogy egy kismad\u00e1r belef\u00e9szkelte mag\u00e1t a sz\u00edvembe. :o)))<\/p>\n","protected":false},"excerpt":{"rendered":"<p>\u00cdgy\u00a0 kezd\u0151d\u00f6tt minden. Volt egy \u00f6tletem , egy r\u00f6pke v\u00e1zlatom, ami alapj\u00e1n elindultam. El\u0151sz\u00f6r elk\u00e9sz\u00edtettem az alapot (h\u00e1tteret) majd a sz\u00edvet. Szok\u00e1sos technika (ragaszt\u00f3s applik\u00e1ci\u00f3) \u00e9s ezut\u00e1n j\u00f6ttek a zs\u00e1kutc\u00e1k. \u00c9n azt gondoltam &#8216;semmi perc&#8217; alatt \u00f6sszedobom (a darabk\u00e1kat), let\u0171z\u00f6m \u00e9s k\u00e9sz. Ez a semmi perc egy h\u00e9t lett, egyet el\u0151re kett\u0151t h\u00e1tra&#8230;<\/p>\n","protected":false},"author":1,"featured_media":0,"comment_status":"open","ping_status":"closed","sticky":false,"template":"","format":"standard","meta":[],"categories":[3],"tags":[],"aioseo_notices":[],"views":2346,"_links":{"self":[{"href":"http:\/\/www.quiltingstudio.hu\/blog\/index.php?rest_route=\/wp\/v2\/posts\/3623"}],"collection":[{"href":"http:\/\/www.quiltingstudio.hu\/blog\/index.php?rest_route=\/wp\/v2\/posts"}],"about":[{"href":"http:\/\/www.quiltingstudio.hu\/blog\/index.php?rest_route=\/wp\/v2\/types\/post"}],"author":[{"embeddable":true,"href":"http:\/\/www.quiltingstudio.hu\/blog\/index.php?rest_route=\/wp\/v2\/users\/1"}],"replies":[{"embeddable":true,"href":"http:\/\/www.quiltingstudio.hu\/blog\/index.php?rest_route=%2Fwp%2Fv2%2Fcomments&post=3623"}],"version-history":[{"count":5,"href":"http:\/\/www.quiltingstudio.hu\/blog\/index.php?rest_route=\/wp\/v2\/posts\/3623\/revisions"}],"predecessor-version":[{"id":3632,"href":"http:\/\/www.quiltingstudio.hu\/blog\/index.php?rest_route=\/wp\/v2\/posts\/3623\/revisions\/3632"}],"wp:attachment":[{"href":"http:\/\/www.quiltingstudio.hu\/blog\/index.php?rest_route=%2Fwp%2Fv2%2Fmedia&parent=3623"}],"wp:term":[{"taxonomy":"category","embeddable":true,"href":"http:\/\/www.quiltingstudio.hu\/blog\/index.php?rest_route=%2Fwp%2Fv2%2Fcategories&post=3623"},{"taxonomy":"post_tag","embeddable":true,"href":"http:\/\/www.quiltingstudio.hu\/blog\/index.php?rest_route=%2Fwp%2Fv2%2Ftags&post=3623"}],"curies":[{"name":"wp","href":"https:\/\/api.w.org\/{rel}","templated":true}]}}