{"id":37,"date":"2007-10-26T14:25:31","date_gmt":"2007-10-26T12:25:31","guid":{"rendered":"http:\/\/www.quiltingstudio.hu\/blog\/?p=37"},"modified":"2007-10-29T21:28:56","modified_gmt":"2007-10-29T19:28:56","slug":"himzett-hoemberes-talam","status":"publish","type":"post","link":"http:\/\/www.quiltingstudio.hu\/blog\/?p=37","title":{"rendered":"H\u00edmzett h\u00f3emberes t\u00e1lam"},"content":{"rendered":"<p><img decoding=\"async\" width=\"420\" src=\"http:\/\/www.quiltingstudio.hu\/blog\/wp-content\/uploads\/2007\/10\/kesztal1.jpg\" alt=\"kesztal1.jpg\" \/><\/p>\n<p>Mutatok m\u00e9g n\u00e9h\u00e1ny k\u00e9pet a k\u00e9sz\u00edt\u00e9s menet\u00e9r\u0151l.<!--more--><\/p>\n<p>Menetk\u00f6zben, k\u00e9sz\u00fcl a t\u00e1l alja \u00e9s oldala.<br \/>\n<a href=\"http:\/\/www.quiltingstudio.hu\/blog\/wp-content\/uploads\/2007\/10\/alap.jpg\" title=\"alap.jpg\" target=\"_blank\"><img decoding=\"async\" width=\"420\" src=\"http:\/\/www.quiltingstudio.hu\/blog\/wp-content\/uploads\/2007\/10\/alap.jpg\" alt=\"alap.jpg\" \/><\/a><\/p>\n<p><a href=\"http:\/\/www.quiltingstudio.hu\/blog\/wp-content\/uploads\/2007\/10\/oldal1.JPG\" title=\"oldal1.JPG\" target=\"_blank\"><img decoding=\"async\" width=\"420\" src=\"http:\/\/www.quiltingstudio.hu\/blog\/wp-content\/uploads\/2007\/10\/oldal1.JPG\" alt=\"oldal1.JPG\" \/><\/a><\/p>\n<p>2 r\u00e9teg v\u00edzben oldhat\u00f3 h\u00edmz\u0151stabiliz\u00e1torra varrtam \u00e9s egy r\u00e9teg organz\u00e1ra. Kb.200.000 \u00f6lt\u00e9s volt \u00e9s sok-sok id\u0151 t\u00fcrelem, hiszen mindig \u00e1t kellett f\u0171zni a megfelel\u0151 sz\u00ednekre.<\/p>\n<p>De meg\u00e9rte \u00e9s elk\u00e9sz\u00fcltek a oldalak is, el\u0151sz\u00f6r az alaphoz varrtam \u0151ket&#8230;<\/p>\n<p><img decoding=\"async\" width=\"420\" src=\"http:\/\/www.quiltingstudio.hu\/blog\/wp-content\/uploads\/2007\/10\/felkesztal1.jpg\" alt=\"felkesztal1.jpg\" \/><\/p>\n<p>&#8230;..majd egym\u00e1shoz. \u00cdme a t\u00e1ncol\u00f3 h\u00f3emberek k\u00f6zelebbr\u0151l:<br \/>\n<a href=\"http:\/\/www.quiltingstudio.hu\/blog\/wp-content\/uploads\/2007\/10\/hoemberek2.JPG\" target=\"_blank\"><img decoding=\"async\" width=\"420\" src=\"http:\/\/www.quiltingstudio.hu\/blog\/wp-content\/uploads\/2007\/10\/hoemberek2.JPG\" alt=\"hoemberek2.JPG\" \/><br \/>\n<\/a><\/p>\n","protected":false},"excerpt":{"rendered":"<p>Mutatok m\u00e9g n\u00e9h\u00e1ny k\u00e9pet a k\u00e9sz\u00edt\u00e9s menet\u00e9r\u0151l.<\/p>\n","protected":false},"author":1,"featured_media":0,"comment_status":"open","ping_status":"open","sticky":false,"template":"","format":"standard","meta":[],"categories":[4],"tags":[],"aioseo_notices":[],"views":2875,"_links":{"self":[{"href":"http:\/\/www.quiltingstudio.hu\/blog\/index.php?rest_route=\/wp\/v2\/posts\/37"}],"collection":[{"href":"http:\/\/www.quiltingstudio.hu\/blog\/index.php?rest_route=\/wp\/v2\/posts"}],"about":[{"href":"http:\/\/www.quiltingstudio.hu\/blog\/index.php?rest_route=\/wp\/v2\/types\/post"}],"author":[{"embeddable":true,"href":"http:\/\/www.quiltingstudio.hu\/blog\/index.php?rest_route=\/wp\/v2\/users\/1"}],"replies":[{"embeddable":true,"href":"http:\/\/www.quiltingstudio.hu\/blog\/index.php?rest_route=%2Fwp%2Fv2%2Fcomments&post=37"}],"version-history":[{"count":0,"href":"http:\/\/www.quiltingstudio.hu\/blog\/index.php?rest_route=\/wp\/v2\/posts\/37\/revisions"}],"wp:attachment":[{"href":"http:\/\/www.quiltingstudio.hu\/blog\/index.php?rest_route=%2Fwp%2Fv2%2Fmedia&parent=37"}],"wp:term":[{"taxonomy":"category","embeddable":true,"href":"http:\/\/www.quiltingstudio.hu\/blog\/index.php?rest_route=%2Fwp%2Fv2%2Fcategories&post=37"},{"taxonomy":"post_tag","embeddable":true,"href":"http:\/\/www.quiltingstudio.hu\/blog\/index.php?rest_route=%2Fwp%2Fv2%2Ftags&post=37"}],"curies":[{"name":"wp","href":"https:\/\/api.w.org\/{rel}","templated":true}]}}