{"id":3736,"date":"2012-05-21T18:34:59","date_gmt":"2012-05-21T16:34:59","guid":{"rendered":"http:\/\/www.quiltingstudio.hu\/blog\/?p=3736"},"modified":"2012-05-21T18:35:29","modified_gmt":"2012-05-21T16:35:29","slug":"orchidea-minden-mennyisegben","status":"publish","type":"post","link":"http:\/\/www.quiltingstudio.hu\/blog\/?p=3736","title":{"rendered":"Orchidea minden mennyis\u00e9gben&#8230;"},"content":{"rendered":"<div id=\"attachment_3737\" style=\"width: 235px\" class=\"wp-caption aligncenter\"><a href=\"http:\/\/www.quiltingstudio.hu\/blog\/wp-content\/uploads\/2012\/05\/cimbi1.jpg\"><img aria-describedby=\"caption-attachment-3737\" decoding=\"async\" loading=\"lazy\" class=\"size-medium wp-image-3737\" title=\"cimbi1\" src=\"http:\/\/www.quiltingstudio.hu\/blog\/wp-content\/uploads\/2012\/05\/cimbi1-225x300.jpg\" alt=\"\" width=\"225\" height=\"300\" srcset=\"http:\/\/www.quiltingstudio.hu\/blog\/wp-content\/uploads\/2012\/05\/cimbi1-225x300.jpg 225w, http:\/\/www.quiltingstudio.hu\/blog\/wp-content\/uploads\/2012\/05\/cimbi1-768x1024.jpg 768w, http:\/\/www.quiltingstudio.hu\/blog\/wp-content\/uploads\/2012\/05\/cimbi1.jpg 1000w\" sizes=\"(max-width: 225px) 100vw, 225px\" \/><\/a><p id=\"caption-attachment-3737\" class=\"wp-caption-text\">Vir\u00e1g\u00f6z\u00f6n<\/p><\/div>\n<p>Kin\u0151tte a hely\u00e9t \u00e9s j\u00f3kor voltam j\u00f3 helyen. (sajnos,\u00a0 ez a rengeteg vir\u00e1g nem az \u00e9n \u00e9rdemem.)<\/p>\n<p><!--more--><\/p>\n<div id=\"attachment_3738\" style=\"width: 235px\" class=\"wp-caption aligncenter\"><a href=\"http:\/\/www.quiltingstudio.hu\/blog\/wp-content\/uploads\/2012\/05\/cimbi2.jpg\"><img aria-describedby=\"caption-attachment-3738\" decoding=\"async\" loading=\"lazy\" class=\"size-medium wp-image-3738\" title=\"cimbi2\" src=\"http:\/\/www.quiltingstudio.hu\/blog\/wp-content\/uploads\/2012\/05\/cimbi2-225x300.jpg\" alt=\"\" width=\"225\" height=\"300\" srcset=\"http:\/\/www.quiltingstudio.hu\/blog\/wp-content\/uploads\/2012\/05\/cimbi2-225x300.jpg 225w, http:\/\/www.quiltingstudio.hu\/blog\/wp-content\/uploads\/2012\/05\/cimbi2-768x1024.jpg 768w, http:\/\/www.quiltingstudio.hu\/blog\/wp-content\/uploads\/2012\/05\/cimbi2.jpg 1000w\" sizes=\"(max-width: 225px) 100vw, 225px\" \/><\/a><p id=\"caption-attachment-3738\" class=\"wp-caption-text\">K\u00f6zelr\u0151l<\/p><\/div>\n<p>Most n\u00e1lunk pomp\u00e1zik. Kicsit t\u00f6bb, mint 100 vir\u00e1g van rajta.<\/p>\n<div id=\"attachment_3739\" style=\"width: 243px\" class=\"wp-caption aligncenter\"><a href=\"http:\/\/www.quiltingstudio.hu\/blog\/wp-content\/uploads\/2012\/05\/cimbi3.jpg\"><img aria-describedby=\"caption-attachment-3739\" decoding=\"async\" loading=\"lazy\" class=\"size-medium wp-image-3739\" title=\"cimbi3\" src=\"http:\/\/www.quiltingstudio.hu\/blog\/wp-content\/uploads\/2012\/05\/cimbi3-233x300.jpg\" alt=\"\" width=\"233\" height=\"300\" srcset=\"http:\/\/www.quiltingstudio.hu\/blog\/wp-content\/uploads\/2012\/05\/cimbi3-233x300.jpg 233w, http:\/\/www.quiltingstudio.hu\/blog\/wp-content\/uploads\/2012\/05\/cimbi3-797x1024.jpg 797w, http:\/\/www.quiltingstudio.hu\/blog\/wp-content\/uploads\/2012\/05\/cimbi3.jpg 1000w\" sizes=\"(max-width: 233px) 100vw, 233px\" \/><\/a><p id=\"caption-attachment-3739\" class=\"wp-caption-text\">Mi ketten<\/p><\/div>\n<p>\u00d3r\u00e1kig el tudom n\u00e9zegetni&#8230; Gy\u00f6ny\u00f6r\u0171ek!<\/p>\n","protected":false},"excerpt":{"rendered":"<p>Kin\u0151tte a hely\u00e9t \u00e9s j\u00f3kor voltam j\u00f3 helyen. (sajnos,\u00a0 ez a rengeteg vir\u00e1g nem az \u00e9n \u00e9rdemem.)<\/p>\n","protected":false},"author":1,"featured_media":0,"comment_status":"open","ping_status":"closed","sticky":false,"template":"","format":"standard","meta":[],"categories":[8],"tags":[],"aioseo_notices":[],"views":2922,"_links":{"self":[{"href":"http:\/\/www.quiltingstudio.hu\/blog\/index.php?rest_route=\/wp\/v2\/posts\/3736"}],"collection":[{"href":"http:\/\/www.quiltingstudio.hu\/blog\/index.php?rest_route=\/wp\/v2\/posts"}],"about":[{"href":"http:\/\/www.quiltingstudio.hu\/blog\/index.php?rest_route=\/wp\/v2\/types\/post"}],"author":[{"embeddable":true,"href":"http:\/\/www.quiltingstudio.hu\/blog\/index.php?rest_route=\/wp\/v2\/users\/1"}],"replies":[{"embeddable":true,"href":"http:\/\/www.quiltingstudio.hu\/blog\/index.php?rest_route=%2Fwp%2Fv2%2Fcomments&post=3736"}],"version-history":[{"count":6,"href":"http:\/\/www.quiltingstudio.hu\/blog\/index.php?rest_route=\/wp\/v2\/posts\/3736\/revisions"}],"predecessor-version":[{"id":3746,"href":"http:\/\/www.quiltingstudio.hu\/blog\/index.php?rest_route=\/wp\/v2\/posts\/3736\/revisions\/3746"}],"wp:attachment":[{"href":"http:\/\/www.quiltingstudio.hu\/blog\/index.php?rest_route=%2Fwp%2Fv2%2Fmedia&parent=3736"}],"wp:term":[{"taxonomy":"category","embeddable":true,"href":"http:\/\/www.quiltingstudio.hu\/blog\/index.php?rest_route=%2Fwp%2Fv2%2Fcategories&post=3736"},{"taxonomy":"post_tag","embeddable":true,"href":"http:\/\/www.quiltingstudio.hu\/blog\/index.php?rest_route=%2Fwp%2Fv2%2Ftags&post=3736"}],"curies":[{"name":"wp","href":"https:\/\/api.w.org\/{rel}","templated":true}]}}