{"id":3747,"date":"2012-05-24T06:55:44","date_gmt":"2012-05-24T04:55:44","guid":{"rendered":"http:\/\/www.quiltingstudio.hu\/blog\/?p=3747"},"modified":"2012-05-24T06:55:44","modified_gmt":"2012-05-24T04:55:44","slug":"hasznos-ajandek-2","status":"publish","type":"post","link":"http:\/\/www.quiltingstudio.hu\/blog\/?p=3747","title":{"rendered":"Hasznos aj\u00e1nd\u00e9k&#8230;"},"content":{"rendered":"<p>lett a csipesztart\u00f3 kis zs\u00e1kocska.<\/p>\n<div id=\"attachment_3748\" style=\"width: 310px\" class=\"wp-caption aligncenter\"><a href=\"http:\/\/www.quiltingstudio.hu\/blog\/wp-content\/uploads\/2012\/05\/csipesztart\u00f3k.jpg\"><img aria-describedby=\"caption-attachment-3748\" decoding=\"async\" loading=\"lazy\" class=\"size-medium wp-image-3748\" title=\"csipesztart\u00f3k\" src=\"http:\/\/www.quiltingstudio.hu\/blog\/wp-content\/uploads\/2012\/05\/csipesztart\u00f3k-300x197.jpg\" alt=\"\" width=\"300\" height=\"197\" srcset=\"http:\/\/www.quiltingstudio.hu\/blog\/wp-content\/uploads\/2012\/05\/csipesztart\u00f3k-300x197.jpg 300w, http:\/\/www.quiltingstudio.hu\/blog\/wp-content\/uploads\/2012\/05\/csipesztart\u00f3k.jpg 1000w\" sizes=\"(max-width: 300px) 100vw, 300px\" \/><\/a><p id=\"caption-attachment-3748\" class=\"wp-caption-text\">Zs\u00e1kocsk\u00e1k<\/p><\/div>\n<p>Mivel az \u00e9n csipeszeim egy zacsk\u00f3ban voltak m\u00e1r \u00e9vek \u00f3ta \u00e9s nem volt egy sz\u00e9p l\u00e1tv\u00e1ny, elhat\u00e1roztam, hogy varrok valamilyen norm\u00e1lis, sz\u00e9p tart\u00f3t nekik.<\/p>\n<p>Mivel a v\u00e9geredm\u00e9nnyel meg voltam el\u00e9gedve, varrtam egyet az anyuk\u00e1mnak is, any\u00f3somnak is. Mindenhol nagy siker volt,\u00a0 \u00f6r\u00fcltek neki \u00e9s \u00e9rt\u00e9kelt\u00e9k.<\/p>\n<p>A m\u00e9ret\u00e9t a v\u00e1llfa hat\u00e1rozza meg. Kis erk\u00e9ly\u00fcnkre nekem el\u00e9g a kisebb (gyerek m\u00e9ret\u0171 v\u00e1llfa, 152-es) is.<\/p>\n","protected":false},"excerpt":{"rendered":"<p>lett a csipesztart\u00f3 kis zs\u00e1kocska. Mivel az \u00e9n csipeszeim egy zacsk\u00f3ban voltak m\u00e1r \u00e9vek \u00f3ta \u00e9s nem volt egy sz\u00e9p l\u00e1tv\u00e1ny, elhat\u00e1roztam, hogy varrok valamilyen norm\u00e1lis, sz\u00e9p tart\u00f3t nekik. Mivel a v\u00e9geredm\u00e9nnyel meg voltam el\u00e9gedve, varrtam egyet az anyuk\u00e1mnak is, any\u00f3somnak is. Mindenhol nagy siker volt,\u00a0 \u00f6r\u00fcltek neki \u00e9s \u00e9rt\u00e9kelt\u00e9k. A m\u00e9ret\u00e9t a v\u00e1llfa hat\u00e1rozza [&hellip;]<\/p>\n","protected":false},"author":1,"featured_media":0,"comment_status":"open","ping_status":"closed","sticky":false,"template":"","format":"standard","meta":[],"categories":[3],"tags":[],"aioseo_notices":[],"views":1883,"_links":{"self":[{"href":"http:\/\/www.quiltingstudio.hu\/blog\/index.php?rest_route=\/wp\/v2\/posts\/3747"}],"collection":[{"href":"http:\/\/www.quiltingstudio.hu\/blog\/index.php?rest_route=\/wp\/v2\/posts"}],"about":[{"href":"http:\/\/www.quiltingstudio.hu\/blog\/index.php?rest_route=\/wp\/v2\/types\/post"}],"author":[{"embeddable":true,"href":"http:\/\/www.quiltingstudio.hu\/blog\/index.php?rest_route=\/wp\/v2\/users\/1"}],"replies":[{"embeddable":true,"href":"http:\/\/www.quiltingstudio.hu\/blog\/index.php?rest_route=%2Fwp%2Fv2%2Fcomments&post=3747"}],"version-history":[{"count":2,"href":"http:\/\/www.quiltingstudio.hu\/blog\/index.php?rest_route=\/wp\/v2\/posts\/3747\/revisions"}],"predecessor-version":[{"id":3750,"href":"http:\/\/www.quiltingstudio.hu\/blog\/index.php?rest_route=\/wp\/v2\/posts\/3747\/revisions\/3750"}],"wp:attachment":[{"href":"http:\/\/www.quiltingstudio.hu\/blog\/index.php?rest_route=%2Fwp%2Fv2%2Fmedia&parent=3747"}],"wp:term":[{"taxonomy":"category","embeddable":true,"href":"http:\/\/www.quiltingstudio.hu\/blog\/index.php?rest_route=%2Fwp%2Fv2%2Fcategories&post=3747"},{"taxonomy":"post_tag","embeddable":true,"href":"http:\/\/www.quiltingstudio.hu\/blog\/index.php?rest_route=%2Fwp%2Fv2%2Ftags&post=3747"}],"curies":[{"name":"wp","href":"https:\/\/api.w.org\/{rel}","templated":true}]}}