{"id":3790,"date":"2012-06-18T21:10:35","date_gmt":"2012-06-18T19:10:35","guid":{"rendered":"http:\/\/www.quiltingstudio.hu\/blog\/?p=3790"},"modified":"2012-06-18T21:10:35","modified_gmt":"2012-06-18T19:10:35","slug":"kinyilt","status":"publish","type":"post","link":"http:\/\/www.quiltingstudio.hu\/blog\/?p=3790","title":{"rendered":"Kiny\u00edlt&#8230;"},"content":{"rendered":"<div id=\"attachment_3791\" style=\"width: 310px\" class=\"wp-caption aligncenter\"><a href=\"http:\/\/www.quiltingstudio.hu\/blog\/wp-content\/uploads\/2012\/06\/kaktusz.jpg\"><img aria-describedby=\"caption-attachment-3791\" decoding=\"async\" loading=\"lazy\" class=\"size-medium wp-image-3791\" title=\"kaktusz\" src=\"http:\/\/www.quiltingstudio.hu\/blog\/wp-content\/uploads\/2012\/06\/kaktusz-300x225.jpg\" alt=\"\" width=\"300\" height=\"225\" srcset=\"http:\/\/www.quiltingstudio.hu\/blog\/wp-content\/uploads\/2012\/06\/kaktusz-300x225.jpg 300w, http:\/\/www.quiltingstudio.hu\/blog\/wp-content\/uploads\/2012\/06\/kaktusz.jpg 1000w\" sizes=\"(max-width: 300px) 100vw, 300px\" \/><\/a><p id=\"caption-attachment-3791\" class=\"wp-caption-text\">v\u00e9gre<\/p><\/div>\n<p>Ez a kaktuszunk m\u00e9g soha nem vir\u00e1gzott. Csak nevelgettem, \u00f6nt\u00f6zgettem. \u00cdgy arr\u00f3l sem volt fogalmam, hogy ha lenne vir\u00e1gja, milyen is\u00a0 lenne.<\/p>\n<p>M\u00e1r tudom: ilyen gy\u00f6ny\u00f6r\u0171!!!<\/p>\n<p>(\u00e9s lesz m\u00e9g egy !)<\/p>\n<p>&nbsp;<\/p>\n","protected":false},"excerpt":{"rendered":"<p>Ez a kaktuszunk m\u00e9g soha nem vir\u00e1gzott. Csak nevelgettem, \u00f6nt\u00f6zgettem. \u00cdgy arr\u00f3l sem volt fogalmam, hogy ha lenne vir\u00e1gja, milyen is\u00a0 lenne. M\u00e1r tudom: ilyen gy\u00f6ny\u00f6r\u0171!!! (\u00e9s lesz m\u00e9g egy !) &nbsp;<\/p>\n","protected":false},"author":1,"featured_media":0,"comment_status":"open","ping_status":"closed","sticky":false,"template":"","format":"standard","meta":[],"categories":[8],"tags":[],"aioseo_notices":[],"views":2184,"_links":{"self":[{"href":"http:\/\/www.quiltingstudio.hu\/blog\/index.php?rest_route=\/wp\/v2\/posts\/3790"}],"collection":[{"href":"http:\/\/www.quiltingstudio.hu\/blog\/index.php?rest_route=\/wp\/v2\/posts"}],"about":[{"href":"http:\/\/www.quiltingstudio.hu\/blog\/index.php?rest_route=\/wp\/v2\/types\/post"}],"author":[{"embeddable":true,"href":"http:\/\/www.quiltingstudio.hu\/blog\/index.php?rest_route=\/wp\/v2\/users\/1"}],"replies":[{"embeddable":true,"href":"http:\/\/www.quiltingstudio.hu\/blog\/index.php?rest_route=%2Fwp%2Fv2%2Fcomments&post=3790"}],"version-history":[{"count":2,"href":"http:\/\/www.quiltingstudio.hu\/blog\/index.php?rest_route=\/wp\/v2\/posts\/3790\/revisions"}],"predecessor-version":[{"id":3793,"href":"http:\/\/www.quiltingstudio.hu\/blog\/index.php?rest_route=\/wp\/v2\/posts\/3790\/revisions\/3793"}],"wp:attachment":[{"href":"http:\/\/www.quiltingstudio.hu\/blog\/index.php?rest_route=%2Fwp%2Fv2%2Fmedia&parent=3790"}],"wp:term":[{"taxonomy":"category","embeddable":true,"href":"http:\/\/www.quiltingstudio.hu\/blog\/index.php?rest_route=%2Fwp%2Fv2%2Fcategories&post=3790"},{"taxonomy":"post_tag","embeddable":true,"href":"http:\/\/www.quiltingstudio.hu\/blog\/index.php?rest_route=%2Fwp%2Fv2%2Ftags&post=3790"}],"curies":[{"name":"wp","href":"https:\/\/api.w.org\/{rel}","templated":true}]}}