{"id":3800,"date":"2012-06-21T20:51:24","date_gmt":"2012-06-21T18:51:24","guid":{"rendered":"http:\/\/www.quiltingstudio.hu\/blog\/?p=3800"},"modified":"2012-06-21T20:56:11","modified_gmt":"2012-06-21T18:56:11","slug":"pl-ilyenek","status":"publish","type":"post","link":"http:\/\/www.quiltingstudio.hu\/blog\/?p=3800","title":{"rendered":"Pl. ilyenek&#8230;"},"content":{"rendered":"<div id=\"attachment_3801\" style=\"width: 310px\" class=\"wp-caption aligncenter\"><a href=\"http:\/\/www.quiltingstudio.hu\/blog\/wp-content\/uploads\/2012\/06\/kaktusz_virag2.jpg\"><img aria-describedby=\"caption-attachment-3801\" decoding=\"async\" loading=\"lazy\" class=\"size-medium wp-image-3801\" title=\"kaktusz_virag2\" src=\"http:\/\/www.quiltingstudio.hu\/blog\/wp-content\/uploads\/2012\/06\/kaktusz_virag2-300x235.jpg\" alt=\"\" width=\"300\" height=\"235\" srcset=\"http:\/\/www.quiltingstudio.hu\/blog\/wp-content\/uploads\/2012\/06\/kaktusz_virag2-300x235.jpg 300w, http:\/\/www.quiltingstudio.hu\/blog\/wp-content\/uploads\/2012\/06\/kaktusz_virag2.jpg 1001w\" sizes=\"(max-width: 300px) 100vw, 300px\" \/><\/a><p id=\"caption-attachment-3801\" class=\"wp-caption-text\">Echinopsis<\/p><\/div>\n<p>M\u00e9g szerencse, hogy \u0151 \u00e9jszaka vir\u00e1gzott, \u00edgy l\u00e1thattam!<!--more-->Sajnos ezt m\u00e1r csak k\u00e9pr\u0151l l\u00e1thatom, mert napk\u00f6zben kiny\u00edlt, mire haza\u00e9rtem m\u00e1r be is csuk\u00f3dott. De m\u00e9g szerencse, hogy a fot\u00f3s itthon volt.<\/p>\n<div id=\"attachment_3805\" style=\"width: 310px\" class=\"wp-caption aligncenter\"><a href=\"http:\/\/www.quiltingstudio.hu\/blog\/wp-content\/uploads\/2012\/06\/coryfanta.jpg\"><img aria-describedby=\"caption-attachment-3805\" decoding=\"async\" loading=\"lazy\" class=\"size-medium wp-image-3805\" title=\"coryfanta\" src=\"http:\/\/www.quiltingstudio.hu\/blog\/wp-content\/uploads\/2012\/06\/coryfanta-300x251.jpg\" alt=\"\" width=\"300\" height=\"251\" srcset=\"http:\/\/www.quiltingstudio.hu\/blog\/wp-content\/uploads\/2012\/06\/coryfanta-300x251.jpg 300w, http:\/\/www.quiltingstudio.hu\/blog\/wp-content\/uploads\/2012\/06\/coryfanta.jpg 1001w\" sizes=\"(max-width: 300px) 100vw, 300px\" \/><\/a><p id=\"caption-attachment-3805\" class=\"wp-caption-text\">Coryphantha<\/p><\/div>\n","protected":false},"excerpt":{"rendered":"<p>M\u00e9g szerencse, hogy \u0151 \u00e9jszaka vir\u00e1gzott, \u00edgy l\u00e1thattam!<\/p>\n","protected":false},"author":1,"featured_media":0,"comment_status":"open","ping_status":"closed","sticky":false,"template":"","format":"standard","meta":[],"categories":[8],"tags":[],"aioseo_notices":[],"views":2428,"_links":{"self":[{"href":"http:\/\/www.quiltingstudio.hu\/blog\/index.php?rest_route=\/wp\/v2\/posts\/3800"}],"collection":[{"href":"http:\/\/www.quiltingstudio.hu\/blog\/index.php?rest_route=\/wp\/v2\/posts"}],"about":[{"href":"http:\/\/www.quiltingstudio.hu\/blog\/index.php?rest_route=\/wp\/v2\/types\/post"}],"author":[{"embeddable":true,"href":"http:\/\/www.quiltingstudio.hu\/blog\/index.php?rest_route=\/wp\/v2\/users\/1"}],"replies":[{"embeddable":true,"href":"http:\/\/www.quiltingstudio.hu\/blog\/index.php?rest_route=%2Fwp%2Fv2%2Fcomments&post=3800"}],"version-history":[{"count":4,"href":"http:\/\/www.quiltingstudio.hu\/blog\/index.php?rest_route=\/wp\/v2\/posts\/3800\/revisions"}],"predecessor-version":[{"id":3804,"href":"http:\/\/www.quiltingstudio.hu\/blog\/index.php?rest_route=\/wp\/v2\/posts\/3800\/revisions\/3804"}],"wp:attachment":[{"href":"http:\/\/www.quiltingstudio.hu\/blog\/index.php?rest_route=%2Fwp%2Fv2%2Fmedia&parent=3800"}],"wp:term":[{"taxonomy":"category","embeddable":true,"href":"http:\/\/www.quiltingstudio.hu\/blog\/index.php?rest_route=%2Fwp%2Fv2%2Fcategories&post=3800"},{"taxonomy":"post_tag","embeddable":true,"href":"http:\/\/www.quiltingstudio.hu\/blog\/index.php?rest_route=%2Fwp%2Fv2%2Ftags&post=3800"}],"curies":[{"name":"wp","href":"https:\/\/api.w.org\/{rel}","templated":true}]}}