{"id":3807,"date":"2012-07-06T09:12:19","date_gmt":"2012-07-06T07:12:19","guid":{"rendered":"http:\/\/www.quiltingstudio.hu\/blog\/?p=3807"},"modified":"2012-07-06T09:12:19","modified_gmt":"2012-07-06T07:12:19","slug":"diasi-tabor","status":"publish","type":"post","link":"http:\/\/www.quiltingstudio.hu\/blog\/?p=3807","title":{"rendered":"Di\u00e1si t\u00e1bor&#8230;"},"content":{"rendered":"<p>Mivel a l\u00e1nyok is tesznek fel a t\u00e1borunkr\u00f3l &#8216;\u00e9let&#8217;k\u00e9peket \u00e9n most itt az \u00e1ltalam bemutatott technik\u00e1r\u00f3l ill. a munk\u00e1kr\u00f3l mutatok k\u00e9peket.<\/p>\n<div id=\"attachment_3808\" style=\"width: 226px\" class=\"wp-caption aligncenter\"><a href=\"http:\/\/www.quiltingstudio.hu\/blog\/wp-content\/uploads\/2012\/07\/portre_en2.jpg\"><img aria-describedby=\"caption-attachment-3808\" decoding=\"async\" loading=\"lazy\" class=\"size-medium wp-image-3808\" title=\"portre_en2\" src=\"http:\/\/www.quiltingstudio.hu\/blog\/wp-content\/uploads\/2012\/07\/portre_en2-216x300.jpg\" alt=\"\" width=\"216\" height=\"300\" srcset=\"http:\/\/www.quiltingstudio.hu\/blog\/wp-content\/uploads\/2012\/07\/portre_en2-216x300.jpg 216w, http:\/\/www.quiltingstudio.hu\/blog\/wp-content\/uploads\/2012\/07\/portre_en2-740x1024.jpg 740w, http:\/\/www.quiltingstudio.hu\/blog\/wp-content\/uploads\/2012\/07\/portre_en2.jpg 999w\" sizes=\"(max-width: 216px) 100vw, 216px\" \/><\/a><p id=\"caption-attachment-3808\" class=\"wp-caption-text\">Portr\u00e9<\/p><\/div>\n<p>A t\u00e9ma a <strong>portr\u00e9<\/strong> k\u00e9sz\u00edt\u00e9s volt.<\/p>\n<p>\u00dagy gondoltam, most (a h\u00e9ten) lesz b\u0151ven id\u0151nk az apr\u00f3 r\u00e9szletekkel sz\u00f6szm\u00f6t\u00f6lni, remek alkalom lesz. A l\u00e1nyok ig\u00e9n f\u00e9ltek ett\u0151l a technik\u00e1t\u00f3l \u00e9s \u00c9va\u00a0 kiv\u00e9tel\u00e9vel mindenki ink\u00e1bb egy vir\u00e1g k\u00e9sz\u00edt\u00e9s\u00e9t v\u00e1llalta. <!--more--><\/p>\n<div id=\"attachment_3809\" style=\"width: 310px\" class=\"wp-caption aligncenter\"><a href=\"http:\/\/www.quiltingstudio.hu\/blog\/wp-content\/uploads\/2012\/07\/portre_virag_kesz.jpg\"><img aria-describedby=\"caption-attachment-3809\" decoding=\"async\" loading=\"lazy\" class=\"size-medium wp-image-3809\" title=\"portre_virag_kesz\" src=\"http:\/\/www.quiltingstudio.hu\/blog\/wp-content\/uploads\/2012\/07\/portre_virag_kesz-300x224.jpg\" alt=\"\" width=\"300\" height=\"224\" srcset=\"http:\/\/www.quiltingstudio.hu\/blog\/wp-content\/uploads\/2012\/07\/portre_virag_kesz-300x224.jpg 300w, http:\/\/www.quiltingstudio.hu\/blog\/wp-content\/uploads\/2012\/07\/portre_virag_kesz.jpg 999w\" sizes=\"(max-width: 300px) 100vw, 300px\" \/><\/a><p id=\"caption-attachment-3809\" class=\"wp-caption-text\">let\u0171zve, keretezve<\/p><\/div>\n<p>Az \u00e9n vir\u00e1gom is elk\u00e9sz\u00fclt, kereteztem \u00e9s let\u0171ztem. A m\u00e9rete A\/4. Olyan, mint egy nagy k\u00e9peslap.<\/p>\n<p>Nem \u00e1ll\u00edtom, hogy a vir\u00e1g k\u00f6nnyebb, ugyanis sokkal t\u00f6bb apr\u00f3bb r\u00e9szlet van, mint egy portr\u00e9n\u00e1l. \u00c9n is k\u00e9sz\u00edtettem egyet a fiamr\u00f3l, m\u00e1r terveztem egy ideje.<\/p>\n<div id=\"attachment_3810\" style=\"width: 310px\" class=\"wp-caption aligncenter\"><a href=\"http:\/\/www.quiltingstudio.hu\/blog\/wp-content\/uploads\/2012\/07\/portre_en.jpg\"><img aria-describedby=\"caption-attachment-3810\" decoding=\"async\" loading=\"lazy\" class=\"size-medium wp-image-3810\" title=\"portre_en\" src=\"http:\/\/www.quiltingstudio.hu\/blog\/wp-content\/uploads\/2012\/07\/portre_en-300x224.jpg\" alt=\"\" width=\"300\" height=\"224\" srcset=\"http:\/\/www.quiltingstudio.hu\/blog\/wp-content\/uploads\/2012\/07\/portre_en-300x224.jpg 300w, http:\/\/www.quiltingstudio.hu\/blog\/wp-content\/uploads\/2012\/07\/portre_en.jpg 999w\" sizes=\"(max-width: 300px) 100vw, 300px\" \/><\/a><p id=\"caption-attachment-3810\" class=\"wp-caption-text\">folyamatban<\/p><\/div>\n<p>\u00c9s akkor a l\u00e1nyok munka k\u00f6zben:<\/p>\n<div id=\"attachment_3812\" style=\"width: 310px\" class=\"wp-caption aligncenter\"><a href=\"http:\/\/www.quiltingstudio.hu\/blog\/wp-content\/uploads\/2012\/07\/portre_adel2.jpg\"><img aria-describedby=\"caption-attachment-3812\" decoding=\"async\" loading=\"lazy\" class=\"size-medium wp-image-3812\" title=\"portre_adel2\" src=\"http:\/\/www.quiltingstudio.hu\/blog\/wp-content\/uploads\/2012\/07\/portre_adel2-300x219.jpg\" alt=\"\" width=\"300\" height=\"219\" srcset=\"http:\/\/www.quiltingstudio.hu\/blog\/wp-content\/uploads\/2012\/07\/portre_adel2-300x219.jpg 300w, http:\/\/www.quiltingstudio.hu\/blog\/wp-content\/uploads\/2012\/07\/portre_adel2.jpg 999w\" sizes=\"(max-width: 300px) 100vw, 300px\" \/><\/a><p id=\"caption-attachment-3812\" class=\"wp-caption-text\">apr\u00f3l\u00e9kos j\u00e1t\u00e9k<\/p><\/div>\n<div id=\"attachment_3811\" style=\"width: 284px\" class=\"wp-caption aligncenter\"><a href=\"http:\/\/www.quiltingstudio.hu\/blog\/wp-content\/uploads\/2012\/07\/Portre_adel.jpg\"><img aria-describedby=\"caption-attachment-3811\" decoding=\"async\" loading=\"lazy\" class=\"size-medium wp-image-3811\" title=\"Portre_adel\" src=\"http:\/\/www.quiltingstudio.hu\/blog\/wp-content\/uploads\/2012\/07\/Portre_adel-274x300.jpg\" alt=\"\" width=\"274\" height=\"300\" srcset=\"http:\/\/www.quiltingstudio.hu\/blog\/wp-content\/uploads\/2012\/07\/Portre_adel-274x300.jpg 274w, http:\/\/www.quiltingstudio.hu\/blog\/wp-content\/uploads\/2012\/07\/Portre_adel-938x1024.jpg 938w, http:\/\/www.quiltingstudio.hu\/blog\/wp-content\/uploads\/2012\/07\/Portre_adel.jpg 999w\" sizes=\"(max-width: 274px) 100vw, 274px\" \/><\/a><p id=\"caption-attachment-3811\" class=\"wp-caption-text\">Ad\u00e9l majdnem k\u00e9szen<\/p><\/div>\n<div id=\"attachment_3813\" style=\"width: 310px\" class=\"wp-caption aligncenter\"><a href=\"http:\/\/www.quiltingstudio.hu\/blog\/wp-content\/uploads\/2012\/07\/portre_agi.jpg\"><img aria-describedby=\"caption-attachment-3813\" decoding=\"async\" loading=\"lazy\" class=\"size-medium wp-image-3813\" title=\"portre_agi\" src=\"http:\/\/www.quiltingstudio.hu\/blog\/wp-content\/uploads\/2012\/07\/portre_agi-300x234.jpg\" alt=\"\" width=\"300\" height=\"234\" srcset=\"http:\/\/www.quiltingstudio.hu\/blog\/wp-content\/uploads\/2012\/07\/portre_agi-300x234.jpg 300w, http:\/\/www.quiltingstudio.hu\/blog\/wp-content\/uploads\/2012\/07\/portre_agi.jpg 999w\" sizes=\"(max-width: 300px) 100vw, 300px\" \/><\/a><p id=\"caption-attachment-3813\" class=\"wp-caption-text\">\u00c1gi alkot<\/p><\/div>\n<div id=\"attachment_3815\" style=\"width: 310px\" class=\"wp-caption aligncenter\"><a href=\"http:\/\/www.quiltingstudio.hu\/blog\/wp-content\/uploads\/2012\/07\/portre_marcsi.jpg\"><img aria-describedby=\"caption-attachment-3815\" decoding=\"async\" loading=\"lazy\" class=\"size-medium wp-image-3815\" title=\"portre_marcsi\" src=\"http:\/\/www.quiltingstudio.hu\/blog\/wp-content\/uploads\/2012\/07\/portre_marcsi-300x219.jpg\" alt=\"\" width=\"300\" height=\"219\" srcset=\"http:\/\/www.quiltingstudio.hu\/blog\/wp-content\/uploads\/2012\/07\/portre_marcsi-300x219.jpg 300w, http:\/\/www.quiltingstudio.hu\/blog\/wp-content\/uploads\/2012\/07\/portre_marcsi.jpg 999w\" sizes=\"(max-width: 300px) 100vw, 300px\" \/><\/a><p id=\"caption-attachment-3815\" class=\"wp-caption-text\">Marcsi alkot<\/p><\/div>\n<div id=\"attachment_3816\" style=\"width: 310px\" class=\"wp-caption aligncenter\"><a href=\"http:\/\/www.quiltingstudio.hu\/blog\/wp-content\/uploads\/2012\/07\/portre_marti_ica.jpg\"><img aria-describedby=\"caption-attachment-3816\" decoding=\"async\" loading=\"lazy\" class=\"size-medium wp-image-3816\" title=\"portre_marti_ica\" src=\"http:\/\/www.quiltingstudio.hu\/blog\/wp-content\/uploads\/2012\/07\/portre_marti_ica-300x178.jpg\" alt=\"\" width=\"300\" height=\"178\" srcset=\"http:\/\/www.quiltingstudio.hu\/blog\/wp-content\/uploads\/2012\/07\/portre_marti_ica-300x178.jpg 300w, http:\/\/www.quiltingstudio.hu\/blog\/wp-content\/uploads\/2012\/07\/portre_marti_ica.jpg 999w\" sizes=\"(max-width: 300px) 100vw, 300px\" \/><\/a><p id=\"caption-attachment-3816\" class=\"wp-caption-text\">M\u00e1rti \u00e9s Ica<\/p><\/div>\n<div id=\"attachment_3817\" style=\"width: 310px\" class=\"wp-caption aligncenter\"><a href=\"http:\/\/www.quiltingstudio.hu\/blog\/wp-content\/uploads\/2012\/07\/portre_nora.jpg\"><img aria-describedby=\"caption-attachment-3817\" decoding=\"async\" loading=\"lazy\" class=\"size-medium wp-image-3817\" title=\"portre_nora\" src=\"http:\/\/www.quiltingstudio.hu\/blog\/wp-content\/uploads\/2012\/07\/portre_nora-300x229.jpg\" alt=\"\" width=\"300\" height=\"229\" srcset=\"http:\/\/www.quiltingstudio.hu\/blog\/wp-content\/uploads\/2012\/07\/portre_nora-300x229.jpg 300w, http:\/\/www.quiltingstudio.hu\/blog\/wp-content\/uploads\/2012\/07\/portre_nora.jpg 999w\" sizes=\"(max-width: 300px) 100vw, 300px\" \/><\/a><p id=\"caption-attachment-3817\" class=\"wp-caption-text\">N\u00f3ra alkot<\/p><\/div>\n<p>\u0150 a z\u00f6ld sz\u00edn \u00e1rnyalataib\u00f3l k\u00e9sz\u00edtette a vir\u00e1got, nagyon izgalmas ez az \u00f6ssze\u00e1ll\u00edt\u00e1s is. K\u00edv\u00e1ncsi vagyok, milyen lesz befejezve!<\/p>\n<div id=\"attachment_3818\" style=\"width: 310px\" class=\"wp-caption aligncenter\"><a href=\"http:\/\/www.quiltingstudio.hu\/blog\/wp-content\/uploads\/2012\/07\/portre_zold.jpg\"><img aria-describedby=\"caption-attachment-3818\" decoding=\"async\" loading=\"lazy\" class=\"size-medium wp-image-3818\" title=\"portre_zold\" src=\"http:\/\/www.quiltingstudio.hu\/blog\/wp-content\/uploads\/2012\/07\/portre_zold-300x251.jpg\" alt=\"\" width=\"300\" height=\"251\" srcset=\"http:\/\/www.quiltingstudio.hu\/blog\/wp-content\/uploads\/2012\/07\/portre_zold-300x251.jpg 300w, http:\/\/www.quiltingstudio.hu\/blog\/wp-content\/uploads\/2012\/07\/portre_zold.jpg 999w\" sizes=\"(max-width: 300px) 100vw, 300px\" \/><\/a><p id=\"caption-attachment-3818\" class=\"wp-caption-text\">Z\u00f6ldek<\/p><\/div>\n<div id=\"attachment_3820\" style=\"width: 310px\" class=\"wp-caption aligncenter\"><a href=\"http:\/\/www.quiltingstudio.hu\/blog\/wp-content\/uploads\/2012\/07\/portre_kerettel.jpg\"><img aria-describedby=\"caption-attachment-3820\" decoding=\"async\" loading=\"lazy\" class=\"size-medium wp-image-3820\" title=\"portre_kerettel\" src=\"http:\/\/www.quiltingstudio.hu\/blog\/wp-content\/uploads\/2012\/07\/portre_kerettel-300x224.jpg\" alt=\"\" width=\"300\" height=\"224\" srcset=\"http:\/\/www.quiltingstudio.hu\/blog\/wp-content\/uploads\/2012\/07\/portre_kerettel-300x224.jpg 300w, http:\/\/www.quiltingstudio.hu\/blog\/wp-content\/uploads\/2012\/07\/portre_kerettel.jpg 999w\" sizes=\"(max-width: 300px) 100vw, 300px\" \/><\/a><p id=\"caption-attachment-3820\" class=\"wp-caption-text\">kerettel<\/p><\/div>\n<p>L\u00e1tv\u00e1nyos keretet kapott, majd k\u00e9s\u0151bb sz\u00e9p t\u0171z\u00e9st.<\/p>\n<p>\u00c9va megpr\u00f3b\u00e1lkozott a kisl\u00e1nya k\u00e9p\u00e9nek elk\u00e9sz\u00edt\u00e9s\u00e9vel, nagyon j\u00f3l siker\u00fclt, meg\u00e9rte!<\/p>\n<div id=\"attachment_3814\" style=\"width: 253px\" class=\"wp-caption aligncenter\"><a href=\"http:\/\/www.quiltingstudio.hu\/blog\/wp-content\/uploads\/2012\/07\/portre_eva.jpg\"><img aria-describedby=\"caption-attachment-3814\" decoding=\"async\" loading=\"lazy\" class=\"size-medium wp-image-3814\" title=\"portre_eva\" src=\"http:\/\/www.quiltingstudio.hu\/blog\/wp-content\/uploads\/2012\/07\/portre_eva-243x300.jpg\" alt=\"\" width=\"243\" height=\"300\" srcset=\"http:\/\/www.quiltingstudio.hu\/blog\/wp-content\/uploads\/2012\/07\/portre_eva-243x300.jpg 243w, http:\/\/www.quiltingstudio.hu\/blog\/wp-content\/uploads\/2012\/07\/portre_eva-831x1024.jpg 831w, http:\/\/www.quiltingstudio.hu\/blog\/wp-content\/uploads\/2012\/07\/portre_eva.jpg 999w\" sizes=\"(max-width: 243px) 100vw, 243px\" \/><\/a><p id=\"caption-attachment-3814\" class=\"wp-caption-text\">Panna<\/p><\/div>\n<p>A v\u00e9g\u00e9n a l\u00e1nyok meg\u00e1llap\u00edtott\u00e1k, hogy nem is annyira \u00f6rd\u00f6ng\u00f6ss\u00e9g, csak id\u0151 \u00e9s t\u00fcrelem kell hozz\u00e1. Na, meg a sz\u00edneket j\u00f3l \u00f6sszev\u00e1logatni, meg&#8230;.<\/p>\n","protected":false},"excerpt":{"rendered":"<p>Mivel a l\u00e1nyok is tesznek fel a t\u00e1borunkr\u00f3l &#8216;\u00e9let&#8217;k\u00e9peket \u00e9n most itt az \u00e1ltalam bemutatott technik\u00e1r\u00f3l ill. a munk\u00e1kr\u00f3l mutatok k\u00e9peket. A t\u00e9ma a portr\u00e9 k\u00e9sz\u00edt\u00e9s volt. \u00dagy gondoltam, most (a h\u00e9ten) lesz b\u0151ven id\u0151nk az apr\u00f3 r\u00e9szletekkel sz\u00f6szm\u00f6t\u00f6lni, remek alkalom lesz. A l\u00e1nyok ig\u00e9n f\u00e9ltek ett\u0151l a technik\u00e1t\u00f3l \u00e9s \u00c9va\u00a0 kiv\u00e9tel\u00e9vel mindenki ink\u00e1bb egy [&hellip;]<\/p>\n","protected":false},"author":1,"featured_media":0,"comment_status":"open","ping_status":"closed","sticky":false,"template":"","format":"standard","meta":[],"categories":[3],"tags":[],"aioseo_notices":[],"views":2270,"_links":{"self":[{"href":"http:\/\/www.quiltingstudio.hu\/blog\/index.php?rest_route=\/wp\/v2\/posts\/3807"}],"collection":[{"href":"http:\/\/www.quiltingstudio.hu\/blog\/index.php?rest_route=\/wp\/v2\/posts"}],"about":[{"href":"http:\/\/www.quiltingstudio.hu\/blog\/index.php?rest_route=\/wp\/v2\/types\/post"}],"author":[{"embeddable":true,"href":"http:\/\/www.quiltingstudio.hu\/blog\/index.php?rest_route=\/wp\/v2\/users\/1"}],"replies":[{"embeddable":true,"href":"http:\/\/www.quiltingstudio.hu\/blog\/index.php?rest_route=%2Fwp%2Fv2%2Fcomments&post=3807"}],"version-history":[{"count":5,"href":"http:\/\/www.quiltingstudio.hu\/blog\/index.php?rest_route=\/wp\/v2\/posts\/3807\/revisions"}],"predecessor-version":[{"id":3826,"href":"http:\/\/www.quiltingstudio.hu\/blog\/index.php?rest_route=\/wp\/v2\/posts\/3807\/revisions\/3826"}],"wp:attachment":[{"href":"http:\/\/www.quiltingstudio.hu\/blog\/index.php?rest_route=%2Fwp%2Fv2%2Fmedia&parent=3807"}],"wp:term":[{"taxonomy":"category","embeddable":true,"href":"http:\/\/www.quiltingstudio.hu\/blog\/index.php?rest_route=%2Fwp%2Fv2%2Fcategories&post=3807"},{"taxonomy":"post_tag","embeddable":true,"href":"http:\/\/www.quiltingstudio.hu\/blog\/index.php?rest_route=%2Fwp%2Fv2%2Ftags&post=3807"}],"curies":[{"name":"wp","href":"https:\/\/api.w.org\/{rel}","templated":true}]}}