{"id":4018,"date":"2012-11-03T21:43:47","date_gmt":"2012-11-03T19:43:47","guid":{"rendered":"http:\/\/www.quiltingstudio.hu\/blog\/?p=4018"},"modified":"2012-11-03T21:43:47","modified_gmt":"2012-11-03T19:43:47","slug":"karacsonyi-csillag","status":"publish","type":"post","link":"http:\/\/www.quiltingstudio.hu\/blog\/?p=4018","title":{"rendered":"Kar\u00e1csonyi csillag&#8230;"},"content":{"rendered":"<p>Ideje k\u00e9sz\u00fcl\u0151dni, s\u0151t, azt hiszem m\u00e1r kicsit le is maradtam a kar\u00e1csonyi k\u00e9sz\u00fcl\u0151d\u00e9ssel. Felt\u00e9ve, hogy mindenkinek varrni szeretn\u00e9k valamit&#8230;<\/p>\n<div id=\"attachment_4019\" style=\"width: 310px\" class=\"wp-caption aligncenter\"><a href=\"http:\/\/www.quiltingstudio.hu\/blog\/wp-content\/uploads\/2012\/11\/csillag.jpg\"><img aria-describedby=\"caption-attachment-4019\" decoding=\"async\" loading=\"lazy\" class=\"size-medium wp-image-4019\" title=\"csillag\" src=\"http:\/\/www.quiltingstudio.hu\/blog\/wp-content\/uploads\/2012\/11\/csillag-300x297.jpg\" alt=\"\" width=\"300\" height=\"297\" srcset=\"http:\/\/www.quiltingstudio.hu\/blog\/wp-content\/uploads\/2012\/11\/csillag-300x297.jpg 300w, http:\/\/www.quiltingstudio.hu\/blog\/wp-content\/uploads\/2012\/11\/csillag-150x150.jpg 150w, http:\/\/www.quiltingstudio.hu\/blog\/wp-content\/uploads\/2012\/11\/csillag.jpg 804w\" sizes=\"(max-width: 300px) 100vw, 300px\" \/><\/a><p id=\"caption-attachment-4019\" class=\"wp-caption-text\">hajtogatott csillag<\/p><\/div>\n<p>Ez egy nagyon egyszer\u0171 t\u00e1lal\u00e1t\u00e9t, p\u00e9ld\u00e1ul.<\/p>\n<p>Mivel igen sok r\u00e9tegb\u0151l \u00e1ll, -anyag van benne rendesen-, nem k\u00f6nny\u0171 darab. De h\u00e1t ez a c\u00e9l!<\/p>\n","protected":false},"excerpt":{"rendered":"<p>Ideje k\u00e9sz\u00fcl\u0151dni, s\u0151t, azt hiszem m\u00e1r kicsit le is maradtam a kar\u00e1csonyi k\u00e9sz\u00fcl\u0151d\u00e9ssel. Felt\u00e9ve, hogy mindenkinek varrni szeretn\u00e9k valamit&#8230; Ez egy nagyon egyszer\u0171 t\u00e1lal\u00e1t\u00e9t, p\u00e9ld\u00e1ul. Mivel igen sok r\u00e9tegb\u0151l \u00e1ll, -anyag van benne rendesen-, nem k\u00f6nny\u0171 darab. De h\u00e1t ez a c\u00e9l!<\/p>\n","protected":false},"author":1,"featured_media":0,"comment_status":"open","ping_status":"closed","sticky":false,"template":"","format":"standard","meta":[],"categories":[3],"tags":[],"aioseo_notices":[],"views":2181,"_links":{"self":[{"href":"http:\/\/www.quiltingstudio.hu\/blog\/index.php?rest_route=\/wp\/v2\/posts\/4018"}],"collection":[{"href":"http:\/\/www.quiltingstudio.hu\/blog\/index.php?rest_route=\/wp\/v2\/posts"}],"about":[{"href":"http:\/\/www.quiltingstudio.hu\/blog\/index.php?rest_route=\/wp\/v2\/types\/post"}],"author":[{"embeddable":true,"href":"http:\/\/www.quiltingstudio.hu\/blog\/index.php?rest_route=\/wp\/v2\/users\/1"}],"replies":[{"embeddable":true,"href":"http:\/\/www.quiltingstudio.hu\/blog\/index.php?rest_route=%2Fwp%2Fv2%2Fcomments&post=4018"}],"version-history":[{"count":4,"href":"http:\/\/www.quiltingstudio.hu\/blog\/index.php?rest_route=\/wp\/v2\/posts\/4018\/revisions"}],"predecessor-version":[{"id":4023,"href":"http:\/\/www.quiltingstudio.hu\/blog\/index.php?rest_route=\/wp\/v2\/posts\/4018\/revisions\/4023"}],"wp:attachment":[{"href":"http:\/\/www.quiltingstudio.hu\/blog\/index.php?rest_route=%2Fwp%2Fv2%2Fmedia&parent=4018"}],"wp:term":[{"taxonomy":"category","embeddable":true,"href":"http:\/\/www.quiltingstudio.hu\/blog\/index.php?rest_route=%2Fwp%2Fv2%2Fcategories&post=4018"},{"taxonomy":"post_tag","embeddable":true,"href":"http:\/\/www.quiltingstudio.hu\/blog\/index.php?rest_route=%2Fwp%2Fv2%2Ftags&post=4018"}],"curies":[{"name":"wp","href":"https:\/\/api.w.org\/{rel}","templated":true}]}}