{"id":4035,"date":"2012-11-27T07:16:50","date_gmt":"2012-11-27T05:16:50","guid":{"rendered":"http:\/\/www.quiltingstudio.hu\/blog\/?p=4035"},"modified":"2012-11-27T07:16:50","modified_gmt":"2012-11-27T05:16:50","slug":"textil-tal","status":"publish","type":"post","link":"http:\/\/www.quiltingstudio.hu\/blog\/?p=4035","title":{"rendered":"Textil t\u00e1l&#8230;"},"content":{"rendered":"<p>avagy hull\u00f3 falevelek.<\/p>\n<div id=\"attachment_4036\" style=\"width: 310px\" class=\"wp-caption aligncenter\"><a href=\"http:\/\/www.quiltingstudio.hu\/blog\/wp-content\/uploads\/2012\/11\/leveltal3.jpg\"><img aria-describedby=\"caption-attachment-4036\" decoding=\"async\" loading=\"lazy\" class=\"size-medium wp-image-4036\" title=\"leveltal3\" src=\"http:\/\/www.quiltingstudio.hu\/blog\/wp-content\/uploads\/2012\/11\/leveltal3-300x183.jpg\" alt=\"\" width=\"300\" height=\"183\" srcset=\"http:\/\/www.quiltingstudio.hu\/blog\/wp-content\/uploads\/2012\/11\/leveltal3-300x183.jpg 300w, http:\/\/www.quiltingstudio.hu\/blog\/wp-content\/uploads\/2012\/11\/leveltal3.jpg 799w\" sizes=\"(max-width: 300px) 100vw, 300px\" \/><\/a><p id=\"caption-attachment-4036\" class=\"wp-caption-text\">t\u00e1lacska<\/p><\/div>\n<p>Hamar gyorsan elk\u00e9sz\u00edthet\u0151 egy ilyen kis t\u00e1lka textilb\u0151l.<!--more--><\/p>\n<p>\u00c9n er\u0151s\u00edt\u00e9shez (a szendvics k\u00f6zep\u00e9n) acryl filcet haszn\u00e1ltam. Kiszabtam mindk\u00e9t anyagb\u00f3l egy-egy darabot, aminek a fon\u00e1k oldal\u00e1ra Vlisofixet vasaltam, majd k\u00f6z\u00e9j\u00fck fogtam a filcet \u00e9s levasaltam.<\/p>\n<div id=\"attachment_4037\" style=\"width: 310px\" class=\"wp-caption aligncenter\"><a href=\"http:\/\/www.quiltingstudio.hu\/blog\/wp-content\/uploads\/2012\/11\/falevel_szine.jpg\"><img aria-describedby=\"caption-attachment-4037\" decoding=\"async\" loading=\"lazy\" class=\"size-medium wp-image-4037\" title=\"falevel_szine\" src=\"http:\/\/www.quiltingstudio.hu\/blog\/wp-content\/uploads\/2012\/11\/falevel_szine-300x235.jpg\" alt=\"\" width=\"300\" height=\"235\" srcset=\"http:\/\/www.quiltingstudio.hu\/blog\/wp-content\/uploads\/2012\/11\/falevel_szine-300x235.jpg 300w, http:\/\/www.quiltingstudio.hu\/blog\/wp-content\/uploads\/2012\/11\/falevel_szine.jpg 800w\" sizes=\"(max-width: 300px) 100vw, 300px\" \/><\/a><p id=\"caption-attachment-4037\" class=\"wp-caption-text\">sz\u00edne<\/p><\/div>\n<p>R\u00e1rajzoltam a szab\u00e1smint\u00e1t, azaz a falevelet, kiv\u00e1gtam.<\/p>\n<div id=\"attachment_4038\" style=\"width: 310px\" class=\"wp-caption aligncenter\"><a href=\"http:\/\/www.quiltingstudio.hu\/blog\/wp-content\/uploads\/2012\/11\/falevel_fonak.jpg\"><img aria-describedby=\"caption-attachment-4038\" decoding=\"async\" loading=\"lazy\" class=\"size-medium wp-image-4038\" title=\"falevel_fonak\" src=\"http:\/\/www.quiltingstudio.hu\/blog\/wp-content\/uploads\/2012\/11\/falevel_fonak-300x235.jpg\" alt=\"\" width=\"300\" height=\"235\" srcset=\"http:\/\/www.quiltingstudio.hu\/blog\/wp-content\/uploads\/2012\/11\/falevel_fonak-300x235.jpg 300w, http:\/\/www.quiltingstudio.hu\/blog\/wp-content\/uploads\/2012\/11\/falevel_fonak.jpg 800w\" sizes=\"(max-width: 300px) 100vw, 300px\" \/><\/a><p id=\"caption-attachment-4038\" class=\"wp-caption-text\">fon\u00e1k oldala<\/p><\/div>\n<p>J\u00f6het a varr\u00e1s. H\u00edmz\u0151c\u00e9rn\u00e1t v\u00e1lasztottam, ugyanazt a sz\u00ednt alulra is \u00e9s fel\u00fclre is. S\u0171r\u0171 cikk-cakk \u00f6lt\u00e9ssel el\u0151bb \u00f6sszevarrtam a bev\u00e1gott \u00e9k alak\u00fa sz\u0171k\u00edt\u00e9seket. Ezek adj\u00e1k meg a t\u00e1l form\u00e1j\u00e1t. Majd sz\u00e9leit is k\u00f6rbevarrtam, sz\u00e9pen lassan, de s\u0171r\u0171 \u00f6lt\u00e9sekkel.<\/p>\n<div id=\"attachment_4039\" style=\"width: 310px\" class=\"wp-caption aligncenter\"><a href=\"http:\/\/www.quiltingstudio.hu\/blog\/wp-content\/uploads\/2012\/11\/leveltal2.jpg\"><img aria-describedby=\"caption-attachment-4039\" decoding=\"async\" loading=\"lazy\" class=\"size-medium wp-image-4039\" title=\"leveltal2\" src=\"http:\/\/www.quiltingstudio.hu\/blog\/wp-content\/uploads\/2012\/11\/leveltal2-300x192.jpg\" alt=\"\" width=\"300\" height=\"192\" srcset=\"http:\/\/www.quiltingstudio.hu\/blog\/wp-content\/uploads\/2012\/11\/leveltal2-300x192.jpg 300w, http:\/\/www.quiltingstudio.hu\/blog\/wp-content\/uploads\/2012\/11\/leveltal2.jpg 800w\" sizes=\"(max-width: 300px) 100vw, 300px\" \/><\/a><p id=\"caption-attachment-4039\" class=\"wp-caption-text\">felford\u00edtva<\/p><\/div>\n<p>K\u00e9t oldalas lesz \u00edgy a t\u00e1lk\u00e1nk, ha akarjuk ki is ford\u00edthatjuk.<\/p>\n<div id=\"attachment_4040\" style=\"width: 310px\" class=\"wp-caption aligncenter\"><a href=\"http:\/\/www.quiltingstudio.hu\/blog\/wp-content\/uploads\/2012\/11\/leveltal.jpg\"><img aria-describedby=\"caption-attachment-4040\" decoding=\"async\" loading=\"lazy\" class=\"size-medium wp-image-4040\" title=\"leveltal\" src=\"http:\/\/www.quiltingstudio.hu\/blog\/wp-content\/uploads\/2012\/11\/leveltal-300x216.jpg\" alt=\"\" width=\"300\" height=\"216\" srcset=\"http:\/\/www.quiltingstudio.hu\/blog\/wp-content\/uploads\/2012\/11\/leveltal-300x216.jpg 300w, http:\/\/www.quiltingstudio.hu\/blog\/wp-content\/uploads\/2012\/11\/leveltal.jpg 800w\" sizes=\"(max-width: 300px) 100vw, 300px\" \/><\/a><p id=\"caption-attachment-4040\" class=\"wp-caption-text\">k\u00e9sz t\u00e1l<\/p><\/div>\n<p>Mikor melyik oldala tetszik jobban. A sz\u00e1r\u00e1hoz a kiv\u00e1g\u00e1sokb\u00f3l lehull\u00f3 marad\u00e9kot haszn\u00e1ltam fel.<\/p>\n<p>Az \u00f6tlet Jill Buckley-t\u00f3l sz\u00e1rmazik.<\/p>\n","protected":false},"excerpt":{"rendered":"<p>avagy hull\u00f3 falevelek. Hamar gyorsan elk\u00e9sz\u00edthet\u0151 egy ilyen kis t\u00e1lka textilb\u0151l.<\/p>\n","protected":false},"author":1,"featured_media":0,"comment_status":"open","ping_status":"closed","sticky":false,"template":"","format":"standard","meta":[],"categories":[3],"tags":[],"aioseo_notices":[],"views":2573,"_links":{"self":[{"href":"http:\/\/www.quiltingstudio.hu\/blog\/index.php?rest_route=\/wp\/v2\/posts\/4035"}],"collection":[{"href":"http:\/\/www.quiltingstudio.hu\/blog\/index.php?rest_route=\/wp\/v2\/posts"}],"about":[{"href":"http:\/\/www.quiltingstudio.hu\/blog\/index.php?rest_route=\/wp\/v2\/types\/post"}],"author":[{"embeddable":true,"href":"http:\/\/www.quiltingstudio.hu\/blog\/index.php?rest_route=\/wp\/v2\/users\/1"}],"replies":[{"embeddable":true,"href":"http:\/\/www.quiltingstudio.hu\/blog\/index.php?rest_route=%2Fwp%2Fv2%2Fcomments&post=4035"}],"version-history":[{"count":2,"href":"http:\/\/www.quiltingstudio.hu\/blog\/index.php?rest_route=\/wp\/v2\/posts\/4035\/revisions"}],"predecessor-version":[{"id":4042,"href":"http:\/\/www.quiltingstudio.hu\/blog\/index.php?rest_route=\/wp\/v2\/posts\/4035\/revisions\/4042"}],"wp:attachment":[{"href":"http:\/\/www.quiltingstudio.hu\/blog\/index.php?rest_route=%2Fwp%2Fv2%2Fmedia&parent=4035"}],"wp:term":[{"taxonomy":"category","embeddable":true,"href":"http:\/\/www.quiltingstudio.hu\/blog\/index.php?rest_route=%2Fwp%2Fv2%2Fcategories&post=4035"},{"taxonomy":"post_tag","embeddable":true,"href":"http:\/\/www.quiltingstudio.hu\/blog\/index.php?rest_route=%2Fwp%2Fv2%2Ftags&post=4035"}],"curies":[{"name":"wp","href":"https:\/\/api.w.org\/{rel}","templated":true}]}}