{"id":4048,"date":"2012-12-10T09:58:11","date_gmt":"2012-12-10T07:58:11","guid":{"rendered":"http:\/\/www.quiltingstudio.hu\/blog\/?p=4048"},"modified":"2012-12-10T09:58:11","modified_gmt":"2012-12-10T07:58:11","slug":"szoktatok-himezni","status":"publish","type":"post","link":"http:\/\/www.quiltingstudio.hu\/blog\/?p=4048","title":{"rendered":"Szoktatok h\u00edmezni? &#8230;"},"content":{"rendered":"<p>\u00fagy \u00e9rtem k\u00e9zzel? \u00c9n is ritk\u00e1n. De majd most!!! Ez a leg\u00fajabb kincsem tal\u00e1n egy kis kedvet csin\u00e1l hozz\u00e1.<\/p>\n<div id=\"attachment_4049\" style=\"width: 310px\" class=\"wp-caption aligncenter\"><a href=\"http:\/\/www.quiltingstudio.hu\/blog\/wp-content\/uploads\/2012\/12\/keret_felszerelve.jpg\"><img aria-describedby=\"caption-attachment-4049\" decoding=\"async\" loading=\"lazy\" class=\"size-medium wp-image-4049\" title=\"keret_felszerelve\" src=\"http:\/\/www.quiltingstudio.hu\/blog\/wp-content\/uploads\/2012\/12\/keret_felszerelve-300x271.jpg\" alt=\"\" width=\"300\" height=\"271\" srcset=\"http:\/\/www.quiltingstudio.hu\/blog\/wp-content\/uploads\/2012\/12\/keret_felszerelve-300x271.jpg 300w, http:\/\/www.quiltingstudio.hu\/blog\/wp-content\/uploads\/2012\/12\/keret_felszerelve.jpg 799w\" sizes=\"(max-width: 300px) 100vw, 300px\" \/><\/a><p id=\"caption-attachment-4049\" class=\"wp-caption-text\">felszerelve<\/p><\/div>\n<p>\u00cdgy n\u00e9z ki felszerelve, be\u00fczemelve. A h\u00edmz\u00e9s alatt \u00e9n a<em> &#8216;redwork&#8217;<\/em> h\u00edmz\u00e9st \u00e9rtem, enn\u00e9l komolyabbat, bonyolultabbat nem is tudok. Id\u0151m sincs r\u00e1.<\/p>\n<p>Nem tudtam, hogy van ilyen h\u00edmz\u0151keret, de csak egy pillanat m\u0171ve volt eld\u00f6nteni,\u00a0 j\u00f6n velem haza.<!--more--><\/p>\n<p>Nagyon j\u00f3 \u00e1llapotban van \u00e9s sz\u00e9pen kidolgozott.<\/p>\n<div id=\"attachment_4050\" style=\"width: 178px\" class=\"wp-caption aligncenter\"><a href=\"http:\/\/www.quiltingstudio.hu\/blog\/wp-content\/uploads\/2012\/12\/asztalon.jpg\"><img aria-describedby=\"caption-attachment-4050\" decoding=\"async\" loading=\"lazy\" class=\"size-medium wp-image-4050\" title=\"asztalon\" src=\"http:\/\/www.quiltingstudio.hu\/blog\/wp-content\/uploads\/2012\/12\/asztalon-168x300.jpg\" alt=\"\" width=\"168\" height=\"300\" srcset=\"http:\/\/www.quiltingstudio.hu\/blog\/wp-content\/uploads\/2012\/12\/asztalon-168x300.jpg 168w, http:\/\/www.quiltingstudio.hu\/blog\/wp-content\/uploads\/2012\/12\/asztalon-576x1024.jpg 576w, http:\/\/www.quiltingstudio.hu\/blog\/wp-content\/uploads\/2012\/12\/asztalon.jpg 799w\" sizes=\"(max-width: 168px) 100vw, 168px\" \/><\/a><p id=\"caption-attachment-4050\" class=\"wp-caption-text\">az asztalon<\/p><\/div>\n<p>Egyszer\u0171en felszerelhet\u0151 m\u00e9g igen sz\u00e9les asztallapra is, \u00e1ll\u00edthat\u00f3, d\u00f6nthet\u0151. Egysz\u00f3val t\u00f6k\u00e9letes!<\/p>\n<div id=\"attachment_4051\" style=\"width: 310px\" class=\"wp-caption aligncenter\"><a href=\"http:\/\/www.quiltingstudio.hu\/blog\/wp-content\/uploads\/2012\/12\/himzokeret.jpg\"><img aria-describedby=\"caption-attachment-4051\" decoding=\"async\" loading=\"lazy\" class=\"size-medium wp-image-4051\" title=\"himzokeret\" src=\"http:\/\/www.quiltingstudio.hu\/blog\/wp-content\/uploads\/2012\/12\/himzokeret-300x212.jpg\" alt=\"\" width=\"300\" height=\"212\" srcset=\"http:\/\/www.quiltingstudio.hu\/blog\/wp-content\/uploads\/2012\/12\/himzokeret-300x212.jpg 300w, http:\/\/www.quiltingstudio.hu\/blog\/wp-content\/uploads\/2012\/12\/himzokeret.jpg 799w\" sizes=\"(max-width: 300px) 100vw, 300px\" \/><\/a><p id=\"caption-attachment-4051\" class=\"wp-caption-text\">\u00f6sszecsukva<\/p><\/div>\n<p>Viszonylag kis helyen is elf\u00e9r, hiszen ennyire \u00f6ssze lehet hajtani.<\/p>\n<p>A k\u00e9t r\u00e1m\u00e1t nem kell k\u00fcl\u00f6n r\u00f6gz\u00edteni, ha m\u00e1r az anyag benne van, el\u00e9g szorosan fogja.<\/p>\n<div id=\"attachment_4053\" style=\"width: 310px\" class=\"wp-caption aligncenter\"><a href=\"http:\/\/www.quiltingstudio.hu\/blog\/wp-content\/uploads\/2012\/12\/keret.jpg\"><img aria-describedby=\"caption-attachment-4053\" decoding=\"async\" loading=\"lazy\" class=\"size-medium wp-image-4053\" title=\"keret\" src=\"http:\/\/www.quiltingstudio.hu\/blog\/wp-content\/uploads\/2012\/12\/keret-300x262.jpg\" alt=\"\" width=\"300\" height=\"262\" srcset=\"http:\/\/www.quiltingstudio.hu\/blog\/wp-content\/uploads\/2012\/12\/keret-300x262.jpg 300w, http:\/\/www.quiltingstudio.hu\/blog\/wp-content\/uploads\/2012\/12\/keret.jpg 799w\" sizes=\"(max-width: 300px) 100vw, 300px\" \/><\/a><p id=\"caption-attachment-4053\" class=\"wp-caption-text\">leg\u00fajabb kincsem<\/p><\/div>\n<p>&nbsp;<\/p>\n<p>M\u00e1r \u00e9rdemes volt kimenni a piacra. Igaz hideg volt, de ez \u00f6nmag\u00e1ban nem lehet akad\u00e1ly.<\/p>\n<p>&nbsp;<\/p>\n","protected":false},"excerpt":{"rendered":"<p>\u00fagy \u00e9rtem k\u00e9zzel? \u00c9n is ritk\u00e1n. De majd most!!! Ez a leg\u00fajabb kincsem tal\u00e1n egy kis kedvet csin\u00e1l hozz\u00e1. \u00cdgy n\u00e9z ki felszerelve, be\u00fczemelve. A h\u00edmz\u00e9s alatt \u00e9n a &#8216;redwork&#8217; h\u00edmz\u00e9st \u00e9rtem, enn\u00e9l komolyabbat, bonyolultabbat nem is tudok. Id\u0151m sincs r\u00e1. Nem tudtam, hogy van ilyen h\u00edmz\u0151keret, de csak egy pillanat m\u0171ve volt eld\u00f6nteni,\u00a0 j\u00f6n [&hellip;]<\/p>\n","protected":false},"author":1,"featured_media":0,"comment_status":"open","ping_status":"closed","sticky":false,"template":"","format":"standard","meta":[],"categories":[3],"tags":[],"aioseo_notices":[],"views":1752,"_links":{"self":[{"href":"http:\/\/www.quiltingstudio.hu\/blog\/index.php?rest_route=\/wp\/v2\/posts\/4048"}],"collection":[{"href":"http:\/\/www.quiltingstudio.hu\/blog\/index.php?rest_route=\/wp\/v2\/posts"}],"about":[{"href":"http:\/\/www.quiltingstudio.hu\/blog\/index.php?rest_route=\/wp\/v2\/types\/post"}],"author":[{"embeddable":true,"href":"http:\/\/www.quiltingstudio.hu\/blog\/index.php?rest_route=\/wp\/v2\/users\/1"}],"replies":[{"embeddable":true,"href":"http:\/\/www.quiltingstudio.hu\/blog\/index.php?rest_route=%2Fwp%2Fv2%2Fcomments&post=4048"}],"version-history":[{"count":2,"href":"http:\/\/www.quiltingstudio.hu\/blog\/index.php?rest_route=\/wp\/v2\/posts\/4048\/revisions"}],"predecessor-version":[{"id":4055,"href":"http:\/\/www.quiltingstudio.hu\/blog\/index.php?rest_route=\/wp\/v2\/posts\/4048\/revisions\/4055"}],"wp:attachment":[{"href":"http:\/\/www.quiltingstudio.hu\/blog\/index.php?rest_route=%2Fwp%2Fv2%2Fmedia&parent=4048"}],"wp:term":[{"taxonomy":"category","embeddable":true,"href":"http:\/\/www.quiltingstudio.hu\/blog\/index.php?rest_route=%2Fwp%2Fv2%2Fcategories&post=4048"},{"taxonomy":"post_tag","embeddable":true,"href":"http:\/\/www.quiltingstudio.hu\/blog\/index.php?rest_route=%2Fwp%2Fv2%2Ftags&post=4048"}],"curies":[{"name":"wp","href":"https:\/\/api.w.org\/{rel}","templated":true}]}}