{"id":4062,"date":"2012-12-24T10:42:34","date_gmt":"2012-12-24T08:42:34","guid":{"rendered":"http:\/\/www.quiltingstudio.hu\/blog\/?p=4062"},"modified":"2012-12-24T10:42:34","modified_gmt":"2012-12-24T08:42:34","slug":"ufok-es-parnak","status":"publish","type":"post","link":"http:\/\/www.quiltingstudio.hu\/blog\/?p=4062","title":{"rendered":"UFOk \u00e9s p\u00e1rn\u00e1k&#8230;"},"content":{"rendered":"<p>Mivel most m\u00e1r vagy elk\u00e9sz\u00fclt\u00fcnk\u00a0 az aj\u00e1nd\u00e9kokkal vagy nem&#8230; komoly nagy m\u0171vekre m\u00e1r nincs id\u0151. \u00c9n megmutatom mit k\u00e9sz\u00edtettem.<\/p>\n<div id=\"attachment_4063\" style=\"width: 310px\" class=\"wp-caption aligncenter\"><a href=\"http:\/\/www.quiltingstudio.hu\/blog\/wp-content\/uploads\/2012\/12\/kesz_telaposparna.jpg\"><img aria-describedby=\"caption-attachment-4063\" decoding=\"async\" loading=\"lazy\" class=\"size-medium wp-image-4063\" title=\"kesz_telaposparna\" src=\"http:\/\/www.quiltingstudio.hu\/blog\/wp-content\/uploads\/2012\/12\/kesz_telaposparna-300x232.jpg\" alt=\"\" width=\"300\" height=\"232\" srcset=\"http:\/\/www.quiltingstudio.hu\/blog\/wp-content\/uploads\/2012\/12\/kesz_telaposparna-300x232.jpg 300w, http:\/\/www.quiltingstudio.hu\/blog\/wp-content\/uploads\/2012\/12\/kesz_telaposparna.jpg 804w\" sizes=\"(max-width: 300px) 100vw, 300px\" \/><\/a><p id=\"caption-attachment-4063\" class=\"wp-caption-text\">t\u00e9lap\u00f3 m\u00e1r v\u00e9gzett?<\/p><\/div>\n<p>Eszembe jutott, hogy van n\u00e9h\u00e1ny f\u00e9lbehagyott varrom\u00e1nyom, ideje befejezni.\u00a0 \u00cdgy k\u00e9sz\u00fclt a t\u00e9lap\u00f3s p\u00e1rna(huzat) is. A h\u00edmz\u00e9s m\u00e9g tavalyi, az id\u00e9n pedig befejeztem.<!--more--><\/p>\n<div id=\"attachment_4064\" style=\"width: 310px\" class=\"wp-caption aligncenter\"><a href=\"http:\/\/www.quiltingstudio.hu\/blog\/wp-content\/uploads\/2012\/12\/telapo_szabin.jpg\"><img aria-describedby=\"caption-attachment-4064\" decoding=\"async\" loading=\"lazy\" class=\"size-medium wp-image-4064\" title=\"telapo_szabin\" src=\"http:\/\/www.quiltingstudio.hu\/blog\/wp-content\/uploads\/2012\/12\/telapo_szabin-300x298.jpg\" alt=\"\" width=\"300\" height=\"298\" srcset=\"http:\/\/www.quiltingstudio.hu\/blog\/wp-content\/uploads\/2012\/12\/telapo_szabin-300x298.jpg 300w, http:\/\/www.quiltingstudio.hu\/blog\/wp-content\/uploads\/2012\/12\/telapo_szabin-150x150.jpg 150w, http:\/\/www.quiltingstudio.hu\/blog\/wp-content\/uploads\/2012\/12\/telapo_szabin.jpg 799w\" sizes=\"(max-width: 300px) 100vw, 300px\" \/><\/a><p id=\"caption-attachment-4064\" class=\"wp-caption-text\">applik\u00e1lt &quot;redwork&quot;<\/p><\/div>\n<p>Pr\u00f3b\u00e1lgattam mindenf\u00e9le anyaggal, kar\u00e1csonyival, egysz\u00edn\u0171vel, de semelyik nem volt j\u00f3 hozz\u00e1. Szerintem ez a legjobb v\u00e1laszt\u00e1s. \u00c9s hogy m\u00e9g izgalmasabb legyen, varrtam egy pompont is a sapka bojtja hely\u00e9re. Rem\u00e9lem tetszeni fog majd a gazd\u00e1j\u00e1nak.<\/p>\n<p>K\u00e9sz\u00fclt egy m\u00e1sik is. Ennek az \u00e9rdekess\u00e9ge a mint\u00e1ja. Egy csoportt\u00e1rsunk k\u00e9sz\u00edtette el a labda szab\u00e1smint\u00e1j\u00e1t, majd sz\u00e9pen k\u00f6rbej\u00e1rt a h\u00f6lgyek k\u00f6z\u00f6tt. K\u00e9sz\u00fcltek jobbn\u00e1l jobb p\u00e1rn\u00e1k.<\/p>\n<div id=\"attachment_4067\" style=\"width: 310px\" class=\"wp-caption aligncenter\"><a href=\"http:\/\/www.quiltingstudio.hu\/blog\/wp-content\/uploads\/2012\/12\/focis_parna.jpg\"><img aria-describedby=\"caption-attachment-4067\" decoding=\"async\" loading=\"lazy\" class=\"size-medium wp-image-4067\" title=\"focis_parna\" src=\"http:\/\/www.quiltingstudio.hu\/blog\/wp-content\/uploads\/2012\/12\/focis_parna-300x273.jpg\" alt=\"\" width=\"300\" height=\"273\" srcset=\"http:\/\/www.quiltingstudio.hu\/blog\/wp-content\/uploads\/2012\/12\/focis_parna-300x273.jpg 300w, http:\/\/www.quiltingstudio.hu\/blog\/wp-content\/uploads\/2012\/12\/focis_parna.jpg 803w\" sizes=\"(max-width: 300px) 100vw, 300px\" \/><\/a><p id=\"caption-attachment-4067\" class=\"wp-caption-text\">Focilabda<\/p><\/div>\n<p>Ez az \u00e9n verzi\u00f3m!<\/p>\n<p>&nbsp;<\/p>\n","protected":false},"excerpt":{"rendered":"<p>Mivel most m\u00e1r vagy elk\u00e9sz\u00fclt\u00fcnk\u00a0 az aj\u00e1nd\u00e9kokkal vagy nem&#8230; komoly nagy m\u0171vekre m\u00e1r nincs id\u0151. \u00c9n megmutatom mit k\u00e9sz\u00edtettem. Eszembe jutott, hogy van n\u00e9h\u00e1ny f\u00e9lbehagyott varrom\u00e1nyom, ideje befejezni.\u00a0 \u00cdgy k\u00e9sz\u00fclt a t\u00e9lap\u00f3s p\u00e1rna(huzat) is. A h\u00edmz\u00e9s m\u00e9g tavalyi, az id\u00e9n pedig befejeztem.<\/p>\n","protected":false},"author":1,"featured_media":0,"comment_status":"open","ping_status":"closed","sticky":false,"template":"","format":"standard","meta":[],"categories":[3],"tags":[],"aioseo_notices":[],"views":2258,"_links":{"self":[{"href":"http:\/\/www.quiltingstudio.hu\/blog\/index.php?rest_route=\/wp\/v2\/posts\/4062"}],"collection":[{"href":"http:\/\/www.quiltingstudio.hu\/blog\/index.php?rest_route=\/wp\/v2\/posts"}],"about":[{"href":"http:\/\/www.quiltingstudio.hu\/blog\/index.php?rest_route=\/wp\/v2\/types\/post"}],"author":[{"embeddable":true,"href":"http:\/\/www.quiltingstudio.hu\/blog\/index.php?rest_route=\/wp\/v2\/users\/1"}],"replies":[{"embeddable":true,"href":"http:\/\/www.quiltingstudio.hu\/blog\/index.php?rest_route=%2Fwp%2Fv2%2Fcomments&post=4062"}],"version-history":[{"count":5,"href":"http:\/\/www.quiltingstudio.hu\/blog\/index.php?rest_route=\/wp\/v2\/posts\/4062\/revisions"}],"predecessor-version":[{"id":4070,"href":"http:\/\/www.quiltingstudio.hu\/blog\/index.php?rest_route=\/wp\/v2\/posts\/4062\/revisions\/4070"}],"wp:attachment":[{"href":"http:\/\/www.quiltingstudio.hu\/blog\/index.php?rest_route=%2Fwp%2Fv2%2Fmedia&parent=4062"}],"wp:term":[{"taxonomy":"category","embeddable":true,"href":"http:\/\/www.quiltingstudio.hu\/blog\/index.php?rest_route=%2Fwp%2Fv2%2Fcategories&post=4062"},{"taxonomy":"post_tag","embeddable":true,"href":"http:\/\/www.quiltingstudio.hu\/blog\/index.php?rest_route=%2Fwp%2Fv2%2Ftags&post=4062"}],"curies":[{"name":"wp","href":"https:\/\/api.w.org\/{rel}","templated":true}]}}