{"id":4079,"date":"2012-12-25T10:56:27","date_gmt":"2012-12-25T08:56:27","guid":{"rendered":"http:\/\/www.quiltingstudio.hu\/blog\/?p=4079"},"modified":"2012-12-25T18:07:39","modified_gmt":"2012-12-25T16:07:39","slug":"taska-vagy-szatyor","status":"publish","type":"post","link":"http:\/\/www.quiltingstudio.hu\/blog\/?p=4079","title":{"rendered":"T\u00e1ska vagy szatyor&#8230;"},"content":{"rendered":"<p>K\u00e9sz\u00fclt kar\u00e1csonyra n\u00e9h\u00e1ny vari\u00e1ci\u00f3, mert annyira megtetszett az \u00f6tlet.<\/p>\n<div id=\"attachment_4080\" style=\"width: 310px\" class=\"wp-caption aligncenter\"><a href=\"http:\/\/www.quiltingstudio.hu\/blog\/wp-content\/uploads\/2012\/12\/szatyrok.jpg\"><img aria-describedby=\"caption-attachment-4080\" decoding=\"async\" loading=\"lazy\" class=\"size-medium wp-image-4080\" title=\"szatyrok\" src=\"http:\/\/www.quiltingstudio.hu\/blog\/wp-content\/uploads\/2012\/12\/szatyrok-300x241.jpg\" alt=\"\" width=\"300\" height=\"241\" srcset=\"http:\/\/www.quiltingstudio.hu\/blog\/wp-content\/uploads\/2012\/12\/szatyrok-300x241.jpg 300w, http:\/\/www.quiltingstudio.hu\/blog\/wp-content\/uploads\/2012\/12\/szatyrok.jpg 804w\" sizes=\"(max-width: 300px) 100vw, 300px\" \/><\/a><p id=\"caption-attachment-4080\" class=\"wp-caption-text\">3 a magyar igazs\u00e1g...<\/p><\/div>\n<p><!--more--><\/p>\n<p>Ez egy olyan szatyor, amit f\u00e9lbehajtva is viselhet\u00fcnk \u00e9s akkor olyan, mint egy oldalt\u00e1ska.<\/p>\n<p>&nbsp;<\/p>\n<div id=\"attachment_4081\" style=\"width: 310px\" class=\"wp-caption aligncenter\"><a href=\"http:\/\/www.quiltingstudio.hu\/blog\/wp-content\/uploads\/2012\/12\/taska_osszehajtva.jpg\"><img aria-describedby=\"caption-attachment-4081\" decoding=\"async\" loading=\"lazy\" class=\"size-medium wp-image-4081\" title=\"taska_osszehajtva\" src=\"http:\/\/www.quiltingstudio.hu\/blog\/wp-content\/uploads\/2012\/12\/taska_osszehajtva-300x197.jpg\" alt=\"\" width=\"300\" height=\"197\" srcset=\"http:\/\/www.quiltingstudio.hu\/blog\/wp-content\/uploads\/2012\/12\/taska_osszehajtva-300x197.jpg 300w, http:\/\/www.quiltingstudio.hu\/blog\/wp-content\/uploads\/2012\/12\/taska_osszehajtva.jpg 803w\" sizes=\"(max-width: 300px) 100vw, 300px\" \/><\/a><p id=\"caption-attachment-4081\" class=\"wp-caption-text\">\u00cdgy t\u00e1ska<\/p><\/div>\n<p>Vagy ez egy olyan t\u00e1ska amit ki lehet nyitni \u00e9s akkor szatyor lesz bel\u0151le. Tetsz\u00e9s szerint v\u00e1laszthat\u00f3 &#8230;<\/p>\n<div id=\"attachment_4082\" style=\"width: 280px\" class=\"wp-caption aligncenter\"><a href=\"http:\/\/www.quiltingstudio.hu\/blog\/wp-content\/uploads\/2012\/12\/taska_szatyor.jpg\"><img aria-describedby=\"caption-attachment-4082\" decoding=\"async\" loading=\"lazy\" class=\"size-medium wp-image-4082\" title=\"taska_szatyor\" src=\"http:\/\/www.quiltingstudio.hu\/blog\/wp-content\/uploads\/2012\/12\/taska_szatyor-270x300.jpg\" alt=\"\" width=\"270\" height=\"300\" srcset=\"http:\/\/www.quiltingstudio.hu\/blog\/wp-content\/uploads\/2012\/12\/taska_szatyor-270x300.jpg 270w, http:\/\/www.quiltingstudio.hu\/blog\/wp-content\/uploads\/2012\/12\/taska_szatyor.jpg 803w\" sizes=\"(max-width: 270px) 100vw, 270px\" \/><\/a><p id=\"caption-attachment-4082\" class=\"wp-caption-text\">Kinyitva<\/p><\/div>\n<p>Varrtam hozz\u00e1 p\u00e1r kieg\u00e9sz\u00edt\u0151t. A baglyokat nem \u00fasztam meg.<\/p>\n<div id=\"attachment_4083\" style=\"width: 310px\" class=\"wp-caption aligncenter\"><a href=\"http:\/\/www.quiltingstudio.hu\/blog\/wp-content\/uploads\/2012\/12\/kiegeszitokkel.jpg\"><img aria-describedby=\"caption-attachment-4083\" decoding=\"async\" loading=\"lazy\" class=\"size-medium wp-image-4083\" title=\"kiegeszitokkel\" src=\"http:\/\/www.quiltingstudio.hu\/blog\/wp-content\/uploads\/2012\/12\/kiegeszitokkel-300x169.jpg\" alt=\"\" width=\"300\" height=\"169\" srcset=\"http:\/\/www.quiltingstudio.hu\/blog\/wp-content\/uploads\/2012\/12\/kiegeszitokkel-300x169.jpg 300w, http:\/\/www.quiltingstudio.hu\/blog\/wp-content\/uploads\/2012\/12\/kiegeszitokkel.jpg 803w\" sizes=\"(max-width: 300px) 100vw, 300px\" \/><\/a><p id=\"caption-attachment-4083\" class=\"wp-caption-text\">Kulcstart\u00f3k<\/p><\/div>\n<p>M\u00e1r \u00fagyis kellet n\u00e9h\u00e1ny \u00fajabb kulcstart\u00f3. Anyagb\u00f3l meg futotta&#8230;<\/p>\n<div id=\"attachment_4084\" style=\"width: 310px\" class=\"wp-caption aligncenter\"><a href=\"http:\/\/www.quiltingstudio.hu\/blog\/wp-content\/uploads\/2012\/12\/vallfaval.jpg\"><img aria-describedby=\"caption-attachment-4084\" decoding=\"async\" loading=\"lazy\" class=\"size-medium wp-image-4084\" title=\"vallfaval\" src=\"http:\/\/www.quiltingstudio.hu\/blog\/wp-content\/uploads\/2012\/12\/vallfaval-300x226.jpg\" alt=\"\" width=\"300\" height=\"226\" srcset=\"http:\/\/www.quiltingstudio.hu\/blog\/wp-content\/uploads\/2012\/12\/vallfaval-300x226.jpg 300w, http:\/\/www.quiltingstudio.hu\/blog\/wp-content\/uploads\/2012\/12\/vallfaval.jpg 803w\" sizes=\"(max-width: 300px) 100vw, 300px\" \/><\/a><p id=\"caption-attachment-4084\" class=\"wp-caption-text\">csipk\u00e9s v\u00e1llfa<\/p><\/div>\n<p>S\u0151t, m\u00e9g maradt is. K\u00e9sz\u00edtettem p\u00e1r b\u00e9lelt (burkolt?) v\u00e1llf\u00e1t. Kicsit keresgettem a kincses dobozomban, ott tal\u00e1ltam ezt a kis horgolt csipk\u00e9t. Szerintem nagyon j\u00f3k egy\u00fctt, olyan r\u00e9gies hangulata lett egyb\u0151l. A cipz\u00e1r az\u00e9rt van rajta, hogy a r\u00e1akasztott ruh\u00e1hoz tartoz\u00f3 apr\u00f3s\u00e1got, kieg\u00e9sz\u00edt\u0151t (pl. \u00f6vet, kend\u0151t, stb&#8230;)\u00a0 bele lehet tenni. Nem veszik el.<\/p>\n","protected":false},"excerpt":{"rendered":"<p>K\u00e9sz\u00fclt kar\u00e1csonyra n\u00e9h\u00e1ny vari\u00e1ci\u00f3, mert annyira megtetszett az \u00f6tlet.<\/p>\n","protected":false},"author":1,"featured_media":0,"comment_status":"open","ping_status":"closed","sticky":false,"template":"","format":"standard","meta":[],"categories":[3],"tags":[],"aioseo_notices":[],"views":2334,"_links":{"self":[{"href":"http:\/\/www.quiltingstudio.hu\/blog\/index.php?rest_route=\/wp\/v2\/posts\/4079"}],"collection":[{"href":"http:\/\/www.quiltingstudio.hu\/blog\/index.php?rest_route=\/wp\/v2\/posts"}],"about":[{"href":"http:\/\/www.quiltingstudio.hu\/blog\/index.php?rest_route=\/wp\/v2\/types\/post"}],"author":[{"embeddable":true,"href":"http:\/\/www.quiltingstudio.hu\/blog\/index.php?rest_route=\/wp\/v2\/users\/1"}],"replies":[{"embeddable":true,"href":"http:\/\/www.quiltingstudio.hu\/blog\/index.php?rest_route=%2Fwp%2Fv2%2Fcomments&post=4079"}],"version-history":[{"count":4,"href":"http:\/\/www.quiltingstudio.hu\/blog\/index.php?rest_route=\/wp\/v2\/posts\/4079\/revisions"}],"predecessor-version":[{"id":4115,"href":"http:\/\/www.quiltingstudio.hu\/blog\/index.php?rest_route=\/wp\/v2\/posts\/4079\/revisions\/4115"}],"wp:attachment":[{"href":"http:\/\/www.quiltingstudio.hu\/blog\/index.php?rest_route=%2Fwp%2Fv2%2Fmedia&parent=4079"}],"wp:term":[{"taxonomy":"category","embeddable":true,"href":"http:\/\/www.quiltingstudio.hu\/blog\/index.php?rest_route=%2Fwp%2Fv2%2Fcategories&post=4079"},{"taxonomy":"post_tag","embeddable":true,"href":"http:\/\/www.quiltingstudio.hu\/blog\/index.php?rest_route=%2Fwp%2Fv2%2Ftags&post=4079"}],"curies":[{"name":"wp","href":"https:\/\/api.w.org\/{rel}","templated":true}]}}