{"id":4088,"date":"2012-12-26T11:11:23","date_gmt":"2012-12-26T09:11:23","guid":{"rendered":"http:\/\/www.quiltingstudio.hu\/blog\/?p=4088"},"modified":"2012-12-24T11:39:53","modified_gmt":"2012-12-24T09:39:53","slug":"ajandek-magamnak","status":"publish","type":"post","link":"http:\/\/www.quiltingstudio.hu\/blog\/?p=4088","title":{"rendered":"Aj\u00e1nd\u00e9k magamnak&#8230;"},"content":{"rendered":"<p>Ezt is kell id\u0151nk\u00e9nt. \u00c1ltal\u00e1ban sajn\u00e1lom erre az id\u0151t, de most szak\u00edtottam kicsit.<\/p>\n<p>\u00c9s varrtam magamnak egy ici-pici cs\u00fasz\u00e1smentes sz\u0151nyeget a varr\u00f3g\u00e9pem talpa al\u00e1!<\/p>\n<div id=\"attachment_4089\" style=\"width: 310px\" class=\"wp-caption aligncenter\"><a href=\"http:\/\/www.quiltingstudio.hu\/blog\/wp-content\/uploads\/2012\/12\/pedal_szonyeg.jpg\"><img aria-describedby=\"caption-attachment-4089\" decoding=\"async\" loading=\"lazy\" class=\"size-medium wp-image-4089\" title=\"pedal_szonyeg\" src=\"http:\/\/www.quiltingstudio.hu\/blog\/wp-content\/uploads\/2012\/12\/pedal_szonyeg-300x179.jpg\" alt=\"\" width=\"300\" height=\"179\" srcset=\"http:\/\/www.quiltingstudio.hu\/blog\/wp-content\/uploads\/2012\/12\/pedal_szonyeg-300x179.jpg 300w, http:\/\/www.quiltingstudio.hu\/blog\/wp-content\/uploads\/2012\/12\/pedal_szonyeg.jpg 800w\" sizes=\"(max-width: 300px) 100vw, 300px\" \/><\/a><p id=\"caption-attachment-4089\" class=\"wp-caption-text\">ez mind az!<\/p><\/div>\n<p>Biztos ti is sokszor j\u00e1rtatok m\u00e1r \u00fagy, hogy nem tudj\u00e1tok m\u00e1r nyomni a ped\u00e1lt, mert elcs\u00faszott valahova messze a talp \u00e9s r\u00f6vidnek bizonyult a l\u00e1batok.<!--more-->Na, ez\u00e9rt k\u00e9sz\u00fclt ez a kis sz\u0151nyegecske. Vettem (m\u00e1r vagy egy \u00e9ve is lehet) olyan cs\u00fasz\u00e1smentes anyagot, amit a sz\u0151nyegek al\u00e1 is tesznek, hogy megakad\u00e1lyozz\u00e1k az elcs\u00fasz\u00e1s\u00e1t. Ebb\u0151l v\u00e1gtam egy kis darabot. Kiv\u00e1l\u00f3an b\u00edrja a varr\u00e1st \u00e9s az enyhe vasal\u00e1st.<\/p>\n<div id=\"attachment_4090\" style=\"width: 253px\" class=\"wp-caption aligncenter\"><a href=\"http:\/\/www.quiltingstudio.hu\/blog\/wp-content\/uploads\/2012\/12\/szonyeg_hatul.jpg\"><img aria-describedby=\"caption-attachment-4090\" decoding=\"async\" loading=\"lazy\" class=\"size-medium wp-image-4090\" title=\"szonyeg_hatul\" src=\"http:\/\/www.quiltingstudio.hu\/blog\/wp-content\/uploads\/2012\/12\/szonyeg_hatul-243x300.jpg\" alt=\"\" width=\"243\" height=\"300\" srcset=\"http:\/\/www.quiltingstudio.hu\/blog\/wp-content\/uploads\/2012\/12\/szonyeg_hatul-243x300.jpg 243w, http:\/\/www.quiltingstudio.hu\/blog\/wp-content\/uploads\/2012\/12\/szonyeg_hatul.jpg 804w\" sizes=\"(max-width: 243px) 100vw, 243px\" \/><\/a><p id=\"caption-attachment-4090\" class=\"wp-caption-text\">lyukacsos \u00e9s nem cs\u00faszik<\/p><\/div>\n<p>Moshat\u00f3, teh\u00e1t ha nagyon elkoszol\u00f3dna, mehet a mos\u00e1sba!<\/p>\n<p>Mindig is egy ilyenre v\u00e1gytam! Biztos, ami biztos, kett\u0151t is k\u00e9sz\u00edtettem, h\u00e1tha megyek t\u00e1borba&#8230;.<\/p>\n<p>Kipip\u00e1lva ez is &#8230;<\/p>\n","protected":false},"excerpt":{"rendered":"<p>Ezt is kell id\u0151nk\u00e9nt. \u00c1ltal\u00e1ban sajn\u00e1lom erre az id\u0151t, de most szak\u00edtottam kicsit. \u00c9s varrtam magamnak egy ici-pici cs\u00fasz\u00e1smentes sz\u0151nyeget a varr\u00f3g\u00e9pem talpa al\u00e1! Biztos ti is sokszor j\u00e1rtatok m\u00e1r \u00fagy, hogy nem tudj\u00e1tok m\u00e1r nyomni a ped\u00e1lt, mert elcs\u00faszott valahova messze a talp \u00e9s r\u00f6vidnek bizonyult a l\u00e1batok.<\/p>\n","protected":false},"author":1,"featured_media":0,"comment_status":"open","ping_status":"closed","sticky":false,"template":"","format":"standard","meta":[],"categories":[3],"tags":[],"aioseo_notices":[],"views":2231,"_links":{"self":[{"href":"http:\/\/www.quiltingstudio.hu\/blog\/index.php?rest_route=\/wp\/v2\/posts\/4088"}],"collection":[{"href":"http:\/\/www.quiltingstudio.hu\/blog\/index.php?rest_route=\/wp\/v2\/posts"}],"about":[{"href":"http:\/\/www.quiltingstudio.hu\/blog\/index.php?rest_route=\/wp\/v2\/types\/post"}],"author":[{"embeddable":true,"href":"http:\/\/www.quiltingstudio.hu\/blog\/index.php?rest_route=\/wp\/v2\/users\/1"}],"replies":[{"embeddable":true,"href":"http:\/\/www.quiltingstudio.hu\/blog\/index.php?rest_route=%2Fwp%2Fv2%2Fcomments&post=4088"}],"version-history":[{"count":3,"href":"http:\/\/www.quiltingstudio.hu\/blog\/index.php?rest_route=\/wp\/v2\/posts\/4088\/revisions"}],"predecessor-version":[{"id":4093,"href":"http:\/\/www.quiltingstudio.hu\/blog\/index.php?rest_route=\/wp\/v2\/posts\/4088\/revisions\/4093"}],"wp:attachment":[{"href":"http:\/\/www.quiltingstudio.hu\/blog\/index.php?rest_route=%2Fwp%2Fv2%2Fmedia&parent=4088"}],"wp:term":[{"taxonomy":"category","embeddable":true,"href":"http:\/\/www.quiltingstudio.hu\/blog\/index.php?rest_route=%2Fwp%2Fv2%2Fcategories&post=4088"},{"taxonomy":"post_tag","embeddable":true,"href":"http:\/\/www.quiltingstudio.hu\/blog\/index.php?rest_route=%2Fwp%2Fv2%2Ftags&post=4088"}],"curies":[{"name":"wp","href":"https:\/\/api.w.org\/{rel}","templated":true}]}}