{"id":4094,"date":"2012-12-27T11:40:06","date_gmt":"2012-12-27T09:40:06","guid":{"rendered":"http:\/\/www.quiltingstudio.hu\/blog\/?p=4094"},"modified":"2012-12-24T12:08:29","modified_gmt":"2012-12-24T10:08:29","slug":"varrogep-talpak","status":"publish","type":"post","link":"http:\/\/www.quiltingstudio.hu\/blog\/?p=4094","title":{"rendered":"Varr\u00f3g\u00e9p talpak&#8230;"},"content":{"rendered":"<p>avagy ha m\u00e1r van, h\u00e1t haszn\u00e1ljuk!<\/p>\n<p>Plusz befejeztem egy UFO-t .Vagy ink\u00e1bb mentettem a menthet\u0151t?!<\/p>\n<p>A l\u00e9nyeg, hogy elk\u00e9sz\u00fclt egy asztalter\u00edt\u0151.<\/p>\n<div id=\"attachment_4095\" style=\"width: 178px\" class=\"wp-caption aligncenter\"><a href=\"http:\/\/www.quiltingstudio.hu\/blog\/wp-content\/uploads\/2012\/12\/keszterito.jpg\"><img aria-describedby=\"caption-attachment-4095\" decoding=\"async\" loading=\"lazy\" class=\"size-medium wp-image-4095\" title=\"keszterito\" src=\"http:\/\/www.quiltingstudio.hu\/blog\/wp-content\/uploads\/2012\/12\/keszterito-168x300.jpg\" alt=\"\" width=\"168\" height=\"300\" srcset=\"http:\/\/www.quiltingstudio.hu\/blog\/wp-content\/uploads\/2012\/12\/keszterito-168x300.jpg 168w, http:\/\/www.quiltingstudio.hu\/blog\/wp-content\/uploads\/2012\/12\/keszterito-575x1024.jpg 575w, http:\/\/www.quiltingstudio.hu\/blog\/wp-content\/uploads\/2012\/12\/keszterito.jpg 803w\" sizes=\"(max-width: 168px) 100vw, 168px\" \/><\/a><p id=\"caption-attachment-4095\" class=\"wp-caption-text\">Kock\u00e1s asztalter\u00edt\u0151<\/p><\/div>\n<p><!--more--><\/p>\n<p>Magyar\u00e1zat:<\/p>\n<p>az\u00e9rt UFO, mert kb. egy \u00e9ve vettem a piacon egy nagyon sz\u00e9p feh\u00e9r len asztalter\u00edt\u0151t, k\u00f6z\u00e9ps\u0151 r\u00e9sz\u00e9n a kis keresztszemes z\u00f6ld r\u00f3zs\u00e1kkal. Gondoltam egy nagyot. Majd \u00e9n h\u00edmzek r\u00e1 szint\u00e9n keresztszemes h\u00f3embereket \u00e9s milyen sz\u00e9p lesz! Eddig az \u00f6tlet, azt\u00e1n a t\u00f6bbivel m\u00e1r nem dicsekedn\u00e9k.<\/p>\n<p>Persze, hogy a kont\u00far elcs\u00faszott \u00e9s cs\u00fanya lett a minta.<\/p>\n<p>Persze, hogy a fon\u00e1k oldal\u00e1ra h\u00edmeztem a h\u00f3embert \u00e9s \u00edgy mehetett a &#8222;<em><strong>nem nyert, de megpr\u00f3b\u00e1ltam<\/strong><\/em>&#8221; dobozba. Itt \u00e1llt egy \u00e9vet, most \u00fajra el\u0151vettem \u00e9s megpr\u00f3b\u00e1ltam bel\u0151le valami haszn\u00e1lhat\u00f3t alkotni.<\/p>\n<p>Na, ehhez kellettek a k\u00fcl\u00f6nb\u00f6z\u0151 talpak.<\/p>\n<p>&#8211; <em>csipke felvarr\u00e1shoz<\/em><\/p>\n<p>&#8211; <em>farkasfog felvarr\u00e1s\u00e1hoz<\/em><\/p>\n<p>&#8211; <em>az &#8216;azs\u00faroz\u00e1shoz&#8217;<\/em><\/p>\n<p>A ter\u00edt\u0151 aj\u00e1nd\u00e9kba k\u00e9sz\u00fclt egy t\u00e9glalap alak\u00fa asztalra. A mi\u00e9nken kicsit fur\u00e1n \u00e1ll, mivel ez ov\u00e1lis.<\/p>\n<p>A koncepci\u00f3 a k\u00f6vetkez\u0151 volt: vettem 2 db mint\u00e1ban, anyagmin\u0151s\u00e9gben azonos, de sz\u00edn\u00e9ben k\u00fcl\u00f6nb\u00f6z\u0151 kock\u00e1s anyagot \u00e9s ezekb\u0151l pr\u00f3b\u00e1ltam meg konyhai apr\u00f3s\u00e1gokat k\u00e9sz\u00edteni.<\/p>\n<p>M\u00e1r kor\u00e1bban k\u00e9sz\u00edtettem k\u00e9t k\u00f6t\u00e9nyt (ez a s\u00f6t\u00e9tebb verzi\u00f3, m\u00e1sik ugyanilyen csak ford\u00edtva)<\/p>\n<div id=\"attachment_4096\" style=\"width: 250px\" class=\"wp-caption aligncenter\"><a href=\"http:\/\/www.quiltingstudio.hu\/blog\/wp-content\/uploads\/2012\/12\/koteny.jpg\"><img aria-describedby=\"caption-attachment-4096\" decoding=\"async\" loading=\"lazy\" class=\"size-medium wp-image-4096\" title=\"koteny\" src=\"http:\/\/www.quiltingstudio.hu\/blog\/wp-content\/uploads\/2012\/12\/koteny-240x300.jpg\" alt=\"\" width=\"240\" height=\"300\" srcset=\"http:\/\/www.quiltingstudio.hu\/blog\/wp-content\/uploads\/2012\/12\/koteny-240x300.jpg 240w, http:\/\/www.quiltingstudio.hu\/blog\/wp-content\/uploads\/2012\/12\/koteny.jpg 803w\" sizes=\"(max-width: 240px) 100vw, 240px\" \/><\/a><p id=\"caption-attachment-4096\" class=\"wp-caption-text\">kock\u00e1s k\u00f6t\u00e9nyke<\/p><\/div>\n<p>Ezekhez szerettem volna valami kieg\u00e9sz\u00edt\u0151t varrni.<\/p>\n<p>\u00d6sszek\u00f6t\u00f6ttem a kellemeset a hasznossal \u00e9s h\u00edmezgettem p\u00e1r applik\u00e1lt mint\u00e1t, k\u00e9sz\u00fclt egy t\u00e1lal\u00e1t\u00e9t \u00e9s k\u00e9t t\u00e1ny\u00e9ral\u00e1t\u00e9t.<\/p>\n<div id=\"attachment_4097\" style=\"width: 310px\" class=\"wp-caption aligncenter\"><a href=\"http:\/\/www.quiltingstudio.hu\/blog\/wp-content\/uploads\/2012\/12\/terito.jpg\"><img aria-describedby=\"caption-attachment-4097\" decoding=\"async\" loading=\"lazy\" class=\"size-medium wp-image-4097\" title=\"terito\" src=\"http:\/\/www.quiltingstudio.hu\/blog\/wp-content\/uploads\/2012\/12\/terito-300x168.jpg\" alt=\"\" width=\"300\" height=\"168\" srcset=\"http:\/\/www.quiltingstudio.hu\/blog\/wp-content\/uploads\/2012\/12\/terito-300x168.jpg 300w, http:\/\/www.quiltingstudio.hu\/blog\/wp-content\/uploads\/2012\/12\/terito.jpg 804w\" sizes=\"(max-width: 300px) 100vw, 300px\" \/><\/a><p id=\"caption-attachment-4097\" class=\"wp-caption-text\">A kieg\u00e9sz\u00edt\u0151kkel egy\u00fctt<\/p><\/div>\n<p>Anyag m\u00e9g mindig maradt \u00edgy j\u00f6tt az \u00f6ltet a ter\u00edt\u0151 megment\u00e9s\u00e9re.<\/p>\n<p>folyt.k\u00f6v.<\/p>\n","protected":false},"excerpt":{"rendered":"<p>avagy ha m\u00e1r van, h\u00e1t haszn\u00e1ljuk! Plusz befejeztem egy UFO-t .Vagy ink\u00e1bb mentettem a menthet\u0151t?! A l\u00e9nyeg, hogy elk\u00e9sz\u00fclt egy asztalter\u00edt\u0151.<\/p>\n","protected":false},"author":1,"featured_media":0,"comment_status":"open","ping_status":"closed","sticky":false,"template":"","format":"standard","meta":[],"categories":[3],"tags":[],"aioseo_notices":[],"views":3060,"_links":{"self":[{"href":"http:\/\/www.quiltingstudio.hu\/blog\/index.php?rest_route=\/wp\/v2\/posts\/4094"}],"collection":[{"href":"http:\/\/www.quiltingstudio.hu\/blog\/index.php?rest_route=\/wp\/v2\/posts"}],"about":[{"href":"http:\/\/www.quiltingstudio.hu\/blog\/index.php?rest_route=\/wp\/v2\/types\/post"}],"author":[{"embeddable":true,"href":"http:\/\/www.quiltingstudio.hu\/blog\/index.php?rest_route=\/wp\/v2\/users\/1"}],"replies":[{"embeddable":true,"href":"http:\/\/www.quiltingstudio.hu\/blog\/index.php?rest_route=%2Fwp%2Fv2%2Fcomments&post=4094"}],"version-history":[{"count":2,"href":"http:\/\/www.quiltingstudio.hu\/blog\/index.php?rest_route=\/wp\/v2\/posts\/4094\/revisions"}],"predecessor-version":[{"id":4099,"href":"http:\/\/www.quiltingstudio.hu\/blog\/index.php?rest_route=\/wp\/v2\/posts\/4094\/revisions\/4099"}],"wp:attachment":[{"href":"http:\/\/www.quiltingstudio.hu\/blog\/index.php?rest_route=%2Fwp%2Fv2%2Fmedia&parent=4094"}],"wp:term":[{"taxonomy":"category","embeddable":true,"href":"http:\/\/www.quiltingstudio.hu\/blog\/index.php?rest_route=%2Fwp%2Fv2%2Fcategories&post=4094"},{"taxonomy":"post_tag","embeddable":true,"href":"http:\/\/www.quiltingstudio.hu\/blog\/index.php?rest_route=%2Fwp%2Fv2%2Ftags&post=4094"}],"curies":[{"name":"wp","href":"https:\/\/api.w.org\/{rel}","templated":true}]}}