{"id":4100,"date":"2012-12-28T12:08:35","date_gmt":"2012-12-28T10:08:35","guid":{"rendered":"http:\/\/www.quiltingstudio.hu\/blog\/?p=4100"},"modified":"2012-12-24T13:07:42","modified_gmt":"2012-12-24T11:07:42","slug":"varrogep-talpak-ii","status":"publish","type":"post","link":"http:\/\/www.quiltingstudio.hu\/blog\/?p=4100","title":{"rendered":"Varr\u00f3g\u00e9p talpak II&#8230;"},"content":{"rendered":"<p>A ter\u00edt\u0151r\u0151l 15 cm-t le kellett v\u00e1gnom k\u00f6rben az rossz h\u00edmz\u00e9s miatt. Arra gondoltam, hogy ha a kock\u00e1sb\u00f3l varrok r\u00e1 egy ekkora szeg\u00e9lyt k\u00f6rben, m\u00e1r majdnem visszanyerem az eredeti m\u00e9retet. Beszegtem az alj\u00e1t \u00e9s erre ker\u00fclt a csipke szeg\u00e9ly.<\/p>\n<div id=\"attachment_4101\" style=\"width: 310px\" class=\"wp-caption aligncenter\"><a href=\"http:\/\/www.quiltingstudio.hu\/blog\/wp-content\/uploads\/2012\/12\/traktor_csipkevel.jpg\"><img aria-describedby=\"caption-attachment-4101\" decoding=\"async\" loading=\"lazy\" class=\"size-medium wp-image-4101\" title=\"traktor_csipkevel\" src=\"http:\/\/www.quiltingstudio.hu\/blog\/wp-content\/uploads\/2012\/12\/traktor_csipkevel-300x188.jpg\" alt=\"\" width=\"300\" height=\"188\" srcset=\"http:\/\/www.quiltingstudio.hu\/blog\/wp-content\/uploads\/2012\/12\/traktor_csipkevel-300x188.jpg 300w, http:\/\/www.quiltingstudio.hu\/blog\/wp-content\/uploads\/2012\/12\/traktor_csipkevel.jpg 802w\" sizes=\"(max-width: 300px) 100vw, 300px\" \/><\/a><p id=\"caption-attachment-4101\" class=\"wp-caption-text\">csipke felvarr\u00e1sa<\/p><\/div>\n<p><!--more--><\/p>\n<p>Nem volt olcs\u00f3 ez a traktoros talp, de mindenf\u00e9le kieg\u00e9sz\u00edt\u0151 is adtak hozz\u00e1. A k\u00e9pen is l\u00e1that\u00f3 felcsavarozhat\u00f3 adagol\u00f3val be lehet \u00e1ll\u00edtani a csipke, szalag stb. sz\u00e9less\u00e9g\u00e9t (egy m\u00e1sik csavar seg\u00edts\u00e9g\u00e9vel). A talpon jel\u00f6lve van a varr\u00e1shelye, ami nagy seg\u00edts\u00e9g, hiszen valamihez kell igazodni. A talpon l\u00e9v\u0151 gumis herny\u00f3talpak sz\u00e9pen tov\u00e1bb\u00edtj\u00e1k az anyagot, a t\u00f6bbi m\u00e1r csak rajtam m\u00falott.<\/p>\n<p>Most m\u00e1r kb. ott tartok, ahonnan indultam. Ter\u00edt\u0151 m\u00e1r\u00a0 visszanyerte az eredeti m\u00e9ret\u00e9t, j\u00f6het a d\u00edsz\u00edt\u00e9s.<\/p>\n<p>Gondoltam feldobom egy kis farkasfoggal, nekem z\u00f6ld volt itthon.<\/p>\n<p>Ehhez ezt szalag(gumi)felvarr\u00f3 talpat haszn\u00e1ltam.<\/p>\n<div id=\"attachment_4103\" style=\"width: 310px\" class=\"wp-caption aligncenter\"><a href=\"http:\/\/www.quiltingstudio.hu\/blog\/wp-content\/uploads\/2012\/12\/farkasfog_felvarro.jpg\"><img aria-describedby=\"caption-attachment-4103\" decoding=\"async\" loading=\"lazy\" class=\"size-medium wp-image-4103\" title=\"farkasfog_felvarro\" src=\"http:\/\/www.quiltingstudio.hu\/blog\/wp-content\/uploads\/2012\/12\/farkasfog_felvarro-300x188.jpg\" alt=\"\" width=\"300\" height=\"188\" srcset=\"http:\/\/www.quiltingstudio.hu\/blog\/wp-content\/uploads\/2012\/12\/farkasfog_felvarro-300x188.jpg 300w, http:\/\/www.quiltingstudio.hu\/blog\/wp-content\/uploads\/2012\/12\/farkasfog_felvarro.jpg 802w\" sizes=\"(max-width: 300px) 100vw, 300px\" \/><\/a><p id=\"caption-attachment-4103\" class=\"wp-caption-text\">Rick-Rack<\/p><\/div>\n<p>Kipr\u00f3b\u00e1ltam t\u00f6bbf\u00e9le d\u00edsz\u00edt\u0151 \u00f6lt\u00e9ssel, de ez nyert. A talp elej\u00e9n a csavarral be\u00e1ll\u00edthatjuk, milyen sz\u00e9les a szalag, gumi stb. \u00e9s \u0151 sz\u00e9pen felvarrja. A feh\u00e9r m\u0171anyaghoz igaz\u00edtottam a varr\u00e1s sz\u00e9less\u00e9get, \u00edgy egyenl\u0151 t\u00e1vols\u00e1gra ker\u00fclt mindenhol. A kanyarod\u00e1sn\u00e1l pedig egyszer\u0171en csak csavartam rajta egyet (90 fokba behajtottam)\u00a0 \u00e9s folytathatta.<\/p>\n<p>Biztos izgalmas lett volna, ha mindezt sz\u00ednes t\u0171z\u0151c\u00e9rn\u00e1val varrom, de \u00e9n itt nem akartam m\u00e1r t\u00f6bb sz\u00ednt belekeverni.<\/p>\n<p>Valami m\u00e9g kellett r\u00e1, olyan sok volt a nagy feh\u00e9r fel\u00fclet. Ekkor j\u00f6tt az \u00f6tlet : <strong>a sz\u00e1rnyas (wing) t\u0171<\/strong><\/p>\n<div id=\"attachment_4104\" style=\"width: 310px\" class=\"wp-caption aligncenter\"><a href=\"http:\/\/www.quiltingstudio.hu\/blog\/wp-content\/uploads\/2012\/12\/szarnyastu.jpg\"><img aria-describedby=\"caption-attachment-4104\" decoding=\"async\" loading=\"lazy\" class=\"size-medium wp-image-4104\" title=\"szarnyastu\" src=\"http:\/\/www.quiltingstudio.hu\/blog\/wp-content\/uploads\/2012\/12\/szarnyastu-300x214.jpg\" alt=\"\" width=\"300\" height=\"214\" srcset=\"http:\/\/www.quiltingstudio.hu\/blog\/wp-content\/uploads\/2012\/12\/szarnyastu-300x214.jpg 300w, http:\/\/www.quiltingstudio.hu\/blog\/wp-content\/uploads\/2012\/12\/szarnyastu.jpg 803w\" sizes=\"(max-width: 300px) 100vw, 300px\" \/><\/a><p id=\"caption-attachment-4104\" class=\"wp-caption-text\">Sz\u00e1rnyas t\u0171<\/p><\/div>\n<p>A len kiv\u00e1l\u00f3an alkalmas az azs\u00faros mint\u00e1k varr\u00e1s\u00e1ra, mert laza sz\u00f6v\u00e9s\u0171 \u00e9s a t\u0171 sz\u00e1rnyai sz\u00e9pen el tudj\u00e1k tolni\u00a0 sz\u00e1lakat.<\/p>\n<p>Nagy k\u00fcl\u00f6nbs\u00e9g: a sz\u00e1rnyas t\u0171 <strong>nem v\u00e1gja el a sz\u00e1laka<\/strong>t, m\u00edg a b\u0151rvarr\u00f3 t\u0171 igen! Vigy\u00e1zzunk, \u00f6ssze ne keverj\u00fck!<\/p>\n<p>V\u00e1lasztottam egy olyan mint\u00e1t, ahol t\u00f6bbsz\u00f6r \u00f6lt vissza ugyanabba lyukba, \u00edgy a minta olyan sz\u00e9p lyukas jelleg\u0171 lesz, mintha azs\u00faroztuk volna a ter\u00edt\u0151t.<\/p>\n<p>Mivel ez \u00fagy sz\u00e9p, ha a c\u00e9rna sz\u00edne megegyezik az alap sz\u00ednnel, \u00edgy feh\u00e9rrel varrtam. H\u00e1t nem is egyszer\u0171 lef\u00e9nyk\u00e9pezni, de tal\u00e1n valamennyire l\u00e1tszik.<\/p>\n<div id=\"attachment_4105\" style=\"width: 310px\" class=\"wp-caption aligncenter\"><a href=\"http:\/\/www.quiltingstudio.hu\/blog\/wp-content\/uploads\/2012\/12\/azsurminta.jpg\"><img aria-describedby=\"caption-attachment-4105\" decoding=\"async\" loading=\"lazy\" class=\"size-medium wp-image-4105\" title=\"azsurminta\" src=\"http:\/\/www.quiltingstudio.hu\/blog\/wp-content\/uploads\/2012\/12\/azsurminta-300x214.jpg\" alt=\"\" width=\"300\" height=\"214\" srcset=\"http:\/\/www.quiltingstudio.hu\/blog\/wp-content\/uploads\/2012\/12\/azsurminta-300x214.jpg 300w, http:\/\/www.quiltingstudio.hu\/blog\/wp-content\/uploads\/2012\/12\/azsurminta.jpg 803w\" sizes=\"(max-width: 300px) 100vw, 300px\" \/><\/a><p id=\"caption-attachment-4105\" class=\"wp-caption-text\">feh\u00e9r alapon feh\u00e9r<\/p><\/div>\n<p>Megjegyzem, \u00e9n csak a fels\u0151 sort varrtam, az als\u00f3 gy\u00e1ri! M\u00e1r a ter\u00edt\u0151t \u00edgy vettem.<\/p>\n<p>Megmutatom az \u00f6lt\u00e9smint\u00e1t is, \u00edgy jobban l\u00e1tszik.<\/p>\n<div id=\"attachment_4106\" style=\"width: 310px\" class=\"wp-caption aligncenter\"><a href=\"http:\/\/www.quiltingstudio.hu\/blog\/wp-content\/uploads\/2012\/12\/csillagminta.jpg\"><img aria-describedby=\"caption-attachment-4106\" decoding=\"async\" loading=\"lazy\" class=\"size-medium wp-image-4106\" title=\"csillagminta\" src=\"http:\/\/www.quiltingstudio.hu\/blog\/wp-content\/uploads\/2012\/12\/csillagminta-300x209.jpg\" alt=\"\" width=\"300\" height=\"209\" srcset=\"http:\/\/www.quiltingstudio.hu\/blog\/wp-content\/uploads\/2012\/12\/csillagminta-300x209.jpg 300w, http:\/\/www.quiltingstudio.hu\/blog\/wp-content\/uploads\/2012\/12\/csillagminta.jpg 804w\" sizes=\"(max-width: 300px) 100vw, 300px\" \/><\/a><p id=\"caption-attachment-4106\" class=\"wp-caption-text\">Csillagocsk\u00e1k sima t\u0171vel<\/p><\/div>\n<p>Mivel minden \u00f6lt\u00e9st dupl\u00e1n varr, a k\u00f6z\u00e9ps\u0151be t\u00f6bbsz\u00f6r visszat\u00e9r, \u00edgy lesz az olyan nagy lyuk.<\/p>\n<p>Ehhez \u00e9n Schmetz Wing t\u0171t haszn\u00e1ltam, 120\/19 m\u00e9retet. J\u00f3 ez m\u00e9g m\u00e1sra is, azt majd egyszer m\u00e1skor.<\/p>\n<p>Szerintem a ter\u00edt\u0151 jobb lett, mint volt eredetileg \u00e9s sokkal jobban illeszkedik a t\u00f6bbi kieg\u00e9sz\u00edt\u0151h\u00f6z is. Ja, m\u00e9g mindig maradt egy kev\u00e9s anyagom&#8230;<\/p>\n","protected":false},"excerpt":{"rendered":"<p>A ter\u00edt\u0151r\u0151l 15 cm-t le kellett v\u00e1gnom k\u00f6rben az rossz h\u00edmz\u00e9s miatt. Arra gondoltam, hogy ha a kock\u00e1sb\u00f3l varrok r\u00e1 egy ekkora szeg\u00e9lyt k\u00f6rben, m\u00e1r majdnem visszanyerem az eredeti m\u00e9retet. Beszegtem az alj\u00e1t \u00e9s erre ker\u00fclt a csipke szeg\u00e9ly.<\/p>\n","protected":false},"author":1,"featured_media":0,"comment_status":"open","ping_status":"closed","sticky":false,"template":"","format":"standard","meta":[],"categories":[3],"tags":[],"aioseo_notices":[],"views":4195,"_links":{"self":[{"href":"http:\/\/www.quiltingstudio.hu\/blog\/index.php?rest_route=\/wp\/v2\/posts\/4100"}],"collection":[{"href":"http:\/\/www.quiltingstudio.hu\/blog\/index.php?rest_route=\/wp\/v2\/posts"}],"about":[{"href":"http:\/\/www.quiltingstudio.hu\/blog\/index.php?rest_route=\/wp\/v2\/types\/post"}],"author":[{"embeddable":true,"href":"http:\/\/www.quiltingstudio.hu\/blog\/index.php?rest_route=\/wp\/v2\/users\/1"}],"replies":[{"embeddable":true,"href":"http:\/\/www.quiltingstudio.hu\/blog\/index.php?rest_route=%2Fwp%2Fv2%2Fcomments&post=4100"}],"version-history":[{"count":3,"href":"http:\/\/www.quiltingstudio.hu\/blog\/index.php?rest_route=\/wp\/v2\/posts\/4100\/revisions"}],"predecessor-version":[{"id":4108,"href":"http:\/\/www.quiltingstudio.hu\/blog\/index.php?rest_route=\/wp\/v2\/posts\/4100\/revisions\/4108"}],"wp:attachment":[{"href":"http:\/\/www.quiltingstudio.hu\/blog\/index.php?rest_route=%2Fwp%2Fv2%2Fmedia&parent=4100"}],"wp:term":[{"taxonomy":"category","embeddable":true,"href":"http:\/\/www.quiltingstudio.hu\/blog\/index.php?rest_route=%2Fwp%2Fv2%2Fcategories&post=4100"},{"taxonomy":"post_tag","embeddable":true,"href":"http:\/\/www.quiltingstudio.hu\/blog\/index.php?rest_route=%2Fwp%2Fv2%2Ftags&post=4100"}],"curies":[{"name":"wp","href":"https:\/\/api.w.org\/{rel}","templated":true}]}}