{"id":4109,"date":"2012-12-29T13:08:53","date_gmt":"2012-12-29T11:08:53","guid":{"rendered":"http:\/\/www.quiltingstudio.hu\/blog\/?p=4109"},"modified":"2012-12-24T13:20:30","modified_gmt":"2012-12-24T11:20:30","slug":"filleres-kiegeszites","status":"publish","type":"post","link":"http:\/\/www.quiltingstudio.hu\/blog\/?p=4109","title":{"rendered":"Fill\u00e9res kieg\u00e9sz\u00edt\u00e9s&#8230;"},"content":{"rendered":"<p>volt sz\u00fcks\u00e9ges a kis Janome g\u00e9pemen.<\/p>\n<p>Elk\u00e9pzel\u00e9sem sincs, mekkora c\u00e9rna spulnikra tervezt\u00e9k a c\u00e9rnatart\u00f3t, de a nagy t\u00f6bbs\u00e9g alig f\u00e9r r\u00e1. De ez lenne a kisebbik baj. A gondom, hogyha h\u00edmz\u0151c\u00e9rn\u00e1val t\u0171z\u00f6k, varrok, gyakran megakad a sz\u00e1l.<\/p>\n<p>Ennek a fr\u00e1nya -am\u00fagy sz\u00e9p f\u00e9nyes &#8211; c\u00e9rn\u00e1nak az a kedvenc szok\u00e1sa, hogy egyszer-egyszer\u00a0 j\u00f3l megindul \u00e9s sok c\u00e9rna letekeredik. El\u0151fordul, hogy saj\u00e1t c\u00e9rnatart\u00f3 t\u00fcsk\u00e9j\u00e9re r\u00e1tekeredik \u00e9s r\u00e1szorul.<\/p>\n<p>Ilyenkor persze nem lesz sz\u00e9p a varr\u00e1sk\u00e9pe, elszakadhat a sz\u00e1l vagy a legrosszabb esetben elt\u00f6ri a t\u0171t.<\/p>\n<p>Erre tal\u00e1ltam ki a k\u00f6vetkez\u0151 szuper olcs\u00f3 megold\u00e1st.<\/p>\n<div id=\"attachment_4110\" style=\"width: 310px\" class=\"wp-caption aligncenter\"><a href=\"http:\/\/www.quiltingstudio.hu\/blog\/wp-content\/uploads\/2012\/12\/cernatarto.jpg\"><img aria-describedby=\"caption-attachment-4110\" decoding=\"async\" loading=\"lazy\" class=\"size-medium wp-image-4110\" title=\"cernatarto\" src=\"http:\/\/www.quiltingstudio.hu\/blog\/wp-content\/uploads\/2012\/12\/cernatarto-300x280.jpg\" alt=\"\" width=\"300\" height=\"280\" srcset=\"http:\/\/www.quiltingstudio.hu\/blog\/wp-content\/uploads\/2012\/12\/cernatarto-300x280.jpg 300w, http:\/\/www.quiltingstudio.hu\/blog\/wp-content\/uploads\/2012\/12\/cernatarto.jpg 801w\" sizes=\"(max-width: 300px) 100vw, 300px\" \/><\/a><p id=\"caption-attachment-4110\" class=\"wp-caption-text\">c\u00e9rnatart\u00f3 &quot;\u00e1llv\u00e1ny&quot;<\/p><\/div>\n<p>Egy sz\u00edv\u00f3sz\u00e1lba beledugtam egy kicsit \u00e1talak\u00edtott gemkapcsot, amit sz\u00e9pen r\u00e1h\u00faztam az ors\u00f3z\u00f3ra. Mivel ez pont a kieg\u00e9sz\u00edt\u0151 c\u00e9rnatart\u00f3 mellett van. \u00cdgy ez megemeli a c\u00e9rn\u00e1t\u00a0 \u00e9s seg\u00edt fokozatosan adagolni. A hurok kell a gemkapocs v\u00e9g\u00e9re, mert a \u00edgy nem tudja elengedni a\u00a0 sz\u00e1lat!(k\u00fcl\u00f6nben sz\u00f6kne!)<\/p>\n<p><strong>Remek\u00fcl bev\u00e1lt, m\u0171k\u00f6dik!!!<\/strong><\/p>\n","protected":false},"excerpt":{"rendered":"<p>volt sz\u00fcks\u00e9ges a kis Janome g\u00e9pemen. Elk\u00e9pzel\u00e9sem sincs, mekkora c\u00e9rna spulnikra tervezt\u00e9k a c\u00e9rnatart\u00f3t, de a nagy t\u00f6bbs\u00e9g alig f\u00e9r r\u00e1. De ez lenne a kisebbik baj. A gondom, hogyha h\u00edmz\u0151c\u00e9rn\u00e1val t\u0171z\u00f6k, varrok, gyakran megakad a sz\u00e1l. Ennek a fr\u00e1nya -am\u00fagy sz\u00e9p f\u00e9nyes &#8211; c\u00e9rn\u00e1nak az a kedvenc szok\u00e1sa, hogy egyszer-egyszer\u00a0 j\u00f3l megindul \u00e9s sok [&hellip;]<\/p>\n","protected":false},"author":1,"featured_media":0,"comment_status":"open","ping_status":"closed","sticky":false,"template":"","format":"standard","meta":[],"categories":[3],"tags":[],"aioseo_notices":[],"views":2136,"_links":{"self":[{"href":"http:\/\/www.quiltingstudio.hu\/blog\/index.php?rest_route=\/wp\/v2\/posts\/4109"}],"collection":[{"href":"http:\/\/www.quiltingstudio.hu\/blog\/index.php?rest_route=\/wp\/v2\/posts"}],"about":[{"href":"http:\/\/www.quiltingstudio.hu\/blog\/index.php?rest_route=\/wp\/v2\/types\/post"}],"author":[{"embeddable":true,"href":"http:\/\/www.quiltingstudio.hu\/blog\/index.php?rest_route=\/wp\/v2\/users\/1"}],"replies":[{"embeddable":true,"href":"http:\/\/www.quiltingstudio.hu\/blog\/index.php?rest_route=%2Fwp%2Fv2%2Fcomments&post=4109"}],"version-history":[{"count":1,"href":"http:\/\/www.quiltingstudio.hu\/blog\/index.php?rest_route=\/wp\/v2\/posts\/4109\/revisions"}],"predecessor-version":[{"id":4111,"href":"http:\/\/www.quiltingstudio.hu\/blog\/index.php?rest_route=\/wp\/v2\/posts\/4109\/revisions\/4111"}],"wp:attachment":[{"href":"http:\/\/www.quiltingstudio.hu\/blog\/index.php?rest_route=%2Fwp%2Fv2%2Fmedia&parent=4109"}],"wp:term":[{"taxonomy":"category","embeddable":true,"href":"http:\/\/www.quiltingstudio.hu\/blog\/index.php?rest_route=%2Fwp%2Fv2%2Fcategories&post=4109"},{"taxonomy":"post_tag","embeddable":true,"href":"http:\/\/www.quiltingstudio.hu\/blog\/index.php?rest_route=%2Fwp%2Fv2%2Ftags&post=4109"}],"curies":[{"name":"wp","href":"https:\/\/api.w.org\/{rel}","templated":true}]}}