{"id":4132,"date":"2013-01-08T08:19:41","date_gmt":"2013-01-08T06:19:41","guid":{"rendered":"http:\/\/www.quiltingstudio.hu\/blog\/?p=4132"},"modified":"2013-01-08T08:19:41","modified_gmt":"2013-01-08T06:19:41","slug":"quilting-with-friends","status":"publish","type":"post","link":"http:\/\/www.quiltingstudio.hu\/blog\/?p=4132","title":{"rendered":"Quilting with friends&#8230;"},"content":{"rendered":"<p>avagy az idei m\u00e1sodik elk\u00e9sz\u00fclt munk\u00e1m.<\/p>\n<div id=\"attachment_4133\" style=\"width: 310px\" class=\"wp-caption aligncenter\"><a href=\"http:\/\/www.quiltingstudio.hu\/blog\/wp-content\/uploads\/2013\/01\/keszterito.jpg\"><img aria-describedby=\"caption-attachment-4133\" decoding=\"async\" loading=\"lazy\" class=\" wp-image-4133\" title=\"keszterito\" src=\"http:\/\/www.quiltingstudio.hu\/blog\/wp-content\/uploads\/2013\/01\/keszterito-300x133.jpg\" alt=\"\" width=\"300\" height=\"133\" srcset=\"http:\/\/www.quiltingstudio.hu\/blog\/wp-content\/uploads\/2013\/01\/keszterito-300x133.jpg 300w, http:\/\/www.quiltingstudio.hu\/blog\/wp-content\/uploads\/2013\/01\/keszterito.jpg 806w\" sizes=\"(max-width: 300px) 100vw, 300px\" \/><\/a><p id=\"caption-attachment-4133\" class=\"wp-caption-text\">Asztali fut\u00f3<\/p><\/div>\n<p>Valahogy \u00fagy siker\u00fclt, hogy ebben is a r\u00f3zsasz\u00ednek, fukszi\u00e1k, bord\u00f3k szerepelnek, pedig nem annyira kedvelem ezeket a sz\u00edneket. <!--more-->A minta nem egy bonyolult, de l\u00e1tv\u00e1nyos \u00e9s viszonylag egyszer\u0171.<\/p>\n<div id=\"attachment_4134\" style=\"width: 310px\" class=\"wp-caption aligncenter\"><a href=\"http:\/\/www.quiltingstudio.hu\/blog\/wp-content\/uploads\/2013\/01\/felkesz-terito.jpg\"><img aria-describedby=\"caption-attachment-4134\" decoding=\"async\" loading=\"lazy\" class=\"size-medium wp-image-4134\" title=\"felkesz terito\" src=\"http:\/\/www.quiltingstudio.hu\/blog\/wp-content\/uploads\/2013\/01\/felkesz-terito-300x170.jpg\" alt=\"\" width=\"300\" height=\"170\" srcset=\"http:\/\/www.quiltingstudio.hu\/blog\/wp-content\/uploads\/2013\/01\/felkesz-terito-300x170.jpg 300w, http:\/\/www.quiltingstudio.hu\/blog\/wp-content\/uploads\/2013\/01\/felkesz-terito.jpg 807w\" sizes=\"(max-width: 300px) 100vw, 300px\" \/><\/a><p id=\"caption-attachment-4134\" class=\"wp-caption-text\">Darabok \u00f6sszevarrva<\/p><\/div>\n<p>A sok r\u00f3zsasz\u00ednhez pr\u00f3b\u00e1ltam n\u00e9mi kis s\u00f6t\u00e9tebb batikolt anyagot tal\u00e1lni, ami egy kicsit tal\u00e1n ellens\u00falyozza a nagyon \u00e9l\u00e9nk sz\u00edneket.<\/p>\n<p>De m\u00e9g mindig ott volt k\u00f6z\u00e9pen az a <em>hatalmas \u0171r<\/em>! Akinek van h\u00edmz\u0151g\u00e9pe, tudja, micsoda <strong>emberfeletti munka<\/strong> egy megfelel\u0151 mint\u00e1t megkeresni a m\u00e1r megl\u00e9v\u0151k k\u00f6z\u00fcl. (<em>Enn\u00e9l jobban semmit nem is ut\u00e1lok<\/em>)\u00a0 El\u0151sz\u00f6r valamilyen koszor\u00fa form\u00e1j\u00fa mint\u00e1t -amolyan<em> redwork<\/em> st\u00edlus\u00fat- l\u00e1ttam a lelki szemeimmel, de ezt tal\u00e1ltam \u00e9s egyb\u0151l megtetszett. A minta nem kicsi, t\u00f6bb mint 32000 \u00f6lt\u00e9s, ami azt jelenti, hogy egyb\u0151l\u00a0 elfoglaltam magam min. 73 percre. (plusz a sz\u00e1lcser\u00e9k&#8230;)<\/p>\n<div id=\"attachment_4135\" style=\"width: 310px\" class=\"wp-caption aligncenter\"><a href=\"http:\/\/www.quiltingstudio.hu\/blog\/wp-content\/uploads\/2013\/01\/terito_kozepminta.jpg\"><img aria-describedby=\"caption-attachment-4135\" decoding=\"async\" loading=\"lazy\" class=\" wp-image-4135\" title=\"terito_kozepminta\" src=\"http:\/\/www.quiltingstudio.hu\/blog\/wp-content\/uploads\/2013\/01\/terito_kozepminta-300x245.jpg\" alt=\"\" width=\"300\" height=\"245\" srcset=\"http:\/\/www.quiltingstudio.hu\/blog\/wp-content\/uploads\/2013\/01\/terito_kozepminta-300x245.jpg 300w, http:\/\/www.quiltingstudio.hu\/blog\/wp-content\/uploads\/2013\/01\/terito_kozepminta.jpg 807w\" sizes=\"(max-width: 300px) 100vw, 300px\" \/><\/a><p id=\"caption-attachment-4135\" class=\"wp-caption-text\">Kismadarak<\/p><\/div>\n<p>A minta m\u00e9ret\u00e9n v\u00e1ltoztattam, hogy jobban kit\u00f6ltse a rendelkez\u00e9sre \u00e1ll\u00f3 fel\u00fcletet , ill. a sz\u00edneit igaz\u00edtottam a ter\u00edt\u0151 sz\u00edneihez.<\/p>\n<p>Szerintem eg\u00e9szen j\u00f3 lett. A ter\u00edt\u0151 k\u00e9sz m\u00e9retei: 40 cm sz\u00e9les \u00e9s 1 m hossz\u00fa.<\/p>\n<p>&nbsp;<\/p>\n","protected":false},"excerpt":{"rendered":"<p>avagy az idei m\u00e1sodik elk\u00e9sz\u00fclt munk\u00e1m. Valahogy \u00fagy siker\u00fclt, hogy ebben is a r\u00f3zsasz\u00ednek, fukszi\u00e1k, bord\u00f3k szerepelnek, pedig nem annyira kedvelem ezeket a sz\u00edneket.<\/p>\n","protected":false},"author":1,"featured_media":0,"comment_status":"open","ping_status":"closed","sticky":false,"template":"","format":"standard","meta":[],"categories":[3,4],"tags":[],"aioseo_notices":[],"views":2697,"_links":{"self":[{"href":"http:\/\/www.quiltingstudio.hu\/blog\/index.php?rest_route=\/wp\/v2\/posts\/4132"}],"collection":[{"href":"http:\/\/www.quiltingstudio.hu\/blog\/index.php?rest_route=\/wp\/v2\/posts"}],"about":[{"href":"http:\/\/www.quiltingstudio.hu\/blog\/index.php?rest_route=\/wp\/v2\/types\/post"}],"author":[{"embeddable":true,"href":"http:\/\/www.quiltingstudio.hu\/blog\/index.php?rest_route=\/wp\/v2\/users\/1"}],"replies":[{"embeddable":true,"href":"http:\/\/www.quiltingstudio.hu\/blog\/index.php?rest_route=%2Fwp%2Fv2%2Fcomments&post=4132"}],"version-history":[{"count":5,"href":"http:\/\/www.quiltingstudio.hu\/blog\/index.php?rest_route=\/wp\/v2\/posts\/4132\/revisions"}],"predecessor-version":[{"id":4140,"href":"http:\/\/www.quiltingstudio.hu\/blog\/index.php?rest_route=\/wp\/v2\/posts\/4132\/revisions\/4140"}],"wp:attachment":[{"href":"http:\/\/www.quiltingstudio.hu\/blog\/index.php?rest_route=%2Fwp%2Fv2%2Fmedia&parent=4132"}],"wp:term":[{"taxonomy":"category","embeddable":true,"href":"http:\/\/www.quiltingstudio.hu\/blog\/index.php?rest_route=%2Fwp%2Fv2%2Fcategories&post=4132"},{"taxonomy":"post_tag","embeddable":true,"href":"http:\/\/www.quiltingstudio.hu\/blog\/index.php?rest_route=%2Fwp%2Fv2%2Ftags&post=4132"}],"curies":[{"name":"wp","href":"https:\/\/api.w.org\/{rel}","templated":true}]}}