{"id":4166,"date":"2013-02-14T21:41:13","date_gmt":"2013-02-14T19:41:13","guid":{"rendered":"http:\/\/www.quiltingstudio.hu\/blog\/?p=4166"},"modified":"2013-02-14T21:41:13","modified_gmt":"2013-02-14T19:41:13","slug":"takaro-maradekokbol","status":"publish","type":"post","link":"http:\/\/www.quiltingstudio.hu\/blog\/?p=4166","title":{"rendered":"Takar\u00f3 marad\u00e9kokb\u00f3l&#8230;"},"content":{"rendered":"<div id=\"attachment_4167\" style=\"width: 310px\" class=\"wp-caption alignnone\"><a href=\"http:\/\/www.quiltingstudio.hu\/blog\/wp-content\/uploads\/2013\/02\/csikok.jpg\"><img aria-describedby=\"caption-attachment-4167\" decoding=\"async\" loading=\"lazy\" class=\"size-medium wp-image-4167 \" title=\"csikok\" src=\"http:\/\/www.quiltingstudio.hu\/blog\/wp-content\/uploads\/2013\/02\/csikok-300x238.jpg\" alt=\"\" width=\"300\" height=\"238\" srcset=\"http:\/\/www.quiltingstudio.hu\/blog\/wp-content\/uploads\/2013\/02\/csikok-300x238.jpg 300w, http:\/\/www.quiltingstudio.hu\/blog\/wp-content\/uploads\/2013\/02\/csikok.jpg 806w\" sizes=\"(max-width: 300px) 100vw, 300px\" \/><\/a><p id=\"caption-attachment-4167\" class=\"wp-caption-text\">hozz\u00e1val\u00f3k<\/p><\/div>\n<p>\u00cdgy kezd\u0151d\u00f6tt minden:<\/p>\n<p>El\u0151kerestem a sok-sok marad\u00e9k cs\u00edkomat, darabk\u00e1mat, amiket egyes\u00e9vel kivasalgattam \u00e9s azonos m\u00e9ret\u0171 cs\u00edkokra szabtam (3,5 cm).<\/p>\n<p>Majd tal\u00e1lomra \u00f6sszedaraboltam \u00e9s \u00fajra \u00f6sszevarrtam, ilyen kis csinos cs\u00edkokra&#8230;ebb\u0151l egy hegynyit k\u00e9sz\u00edtettem.<!--more--><\/p>\n<div id=\"attachment_4168\" style=\"width: 218px\" class=\"wp-caption alignnone\"><a href=\"http:\/\/www.quiltingstudio.hu\/blog\/wp-content\/uploads\/2013\/02\/csikok-keszen.jpg\"><img aria-describedby=\"caption-attachment-4168\" decoding=\"async\" loading=\"lazy\" class=\"size-medium wp-image-4168 \" title=\"csikok keszen\" src=\"http:\/\/www.quiltingstudio.hu\/blog\/wp-content\/uploads\/2013\/02\/csikok-keszen-208x300.jpg\" alt=\"\" width=\"208\" height=\"300\" srcset=\"http:\/\/www.quiltingstudio.hu\/blog\/wp-content\/uploads\/2013\/02\/csikok-keszen-208x300.jpg 208w, http:\/\/www.quiltingstudio.hu\/blog\/wp-content\/uploads\/2013\/02\/csikok-keszen-712x1024.jpg 712w, http:\/\/www.quiltingstudio.hu\/blog\/wp-content\/uploads\/2013\/02\/csikok-keszen.jpg 806w\" sizes=\"(max-width: 208px) 100vw, 208px\" \/><\/a><p id=\"caption-attachment-4168\" class=\"wp-caption-text\">el\u0151k\u00e9sz\u00edtve<\/p><\/div>\n<p>Majd megterveztem az EQ-ban a takar\u00f3t. Ez egy m\u00e9retar\u00e1nyos k\u00e9p. Nyilv\u00e1n el\u0151sz\u00f6r a blokkot kellett megtervezni, majd ebb\u0151l a takar\u00f3 m\u00e1r gyerekj\u00e1t\u00e9k volt.<\/p>\n<p>\u00cdgy m\u00e1r sokkal k\u00f6nnyebb volt kisz\u00e1molni, mib\u0151l mennyi kell \u00e9s milyen blokkokat kell varrnom.<\/p>\n<div id=\"attachment_4175\" style=\"width: 243px\" class=\"wp-caption alignnone\"><a href=\"http:\/\/www.quiltingstudio.hu\/blog\/wp-content\/uploads\/2013\/02\/EQ_terv.png\"><img aria-describedby=\"caption-attachment-4175\" decoding=\"async\" loading=\"lazy\" class=\"size-medium wp-image-4175\" title=\"EQ_terv\" src=\"http:\/\/www.quiltingstudio.hu\/blog\/wp-content\/uploads\/2013\/02\/EQ_terv-233x300.png\" alt=\"\" width=\"233\" height=\"300\" srcset=\"http:\/\/www.quiltingstudio.hu\/blog\/wp-content\/uploads\/2013\/02\/EQ_terv-233x300.png 233w, http:\/\/www.quiltingstudio.hu\/blog\/wp-content\/uploads\/2013\/02\/EQ_terv.png 735w\" sizes=\"(max-width: 233px) 100vw, 233px\" \/><\/a><p id=\"caption-attachment-4175\" class=\"wp-caption-text\">EQ terv<\/p><\/div>\n<p>A stabiliz\u00e1tort kiszabtam el\u0151re (48 db-ot), erre varrtam a cs\u00edkokat az \u00e1tl\u00f3ra, ahogy j\u00f6ttek egym\u00e1sut\u00e1n. Csup\u00e1n csak arra figyeltem, hogy a varr\u00e1sok (ha lehet) ne essenek egybe.<\/p>\n<p>El\u0151sz\u00f6r 4 cs\u00edkot varrtam a minta blokkra, de kev\u00e9snek tal\u00e1ltam, azaz t\u00fal nagy lett volna a n\u00e9gyzet, amit a 4 h\u00e1romsz\u00f6g kiad. \u00c9s a cs\u00edkok sem fogytak volna el\u00e9gg\u00e9, ez\u00e9rt d\u00f6nt\u00f6ttem a 6 sor mellett.<\/p>\n<div id=\"attachment_4169\" style=\"width: 263px\" class=\"wp-caption alignnone\"><a href=\"http:\/\/www.quiltingstudio.hu\/blog\/wp-content\/uploads\/2013\/02\/olvaso_takaro.jpg\"><img aria-describedby=\"caption-attachment-4169\" decoding=\"async\" loading=\"lazy\" class=\"size-medium wp-image-4169 \" title=\"olvaso_takaro\" src=\"http:\/\/www.quiltingstudio.hu\/blog\/wp-content\/uploads\/2013\/02\/olvaso_takaro-253x300.jpg\" alt=\"\" width=\"253\" height=\"300\" srcset=\"http:\/\/www.quiltingstudio.hu\/blog\/wp-content\/uploads\/2013\/02\/olvaso_takaro-253x300.jpg 253w, http:\/\/www.quiltingstudio.hu\/blog\/wp-content\/uploads\/2013\/02\/olvaso_takaro.jpg 805w\" sizes=\"(max-width: 253px) 100vw, 253px\" \/><\/a><p id=\"caption-attachment-4169\" class=\"wp-caption-text\">\u00f6sszevarrva<\/p><\/div>\n<p>Sz\u00e9pen lassan elk\u00e9sz\u00fcltek a blokkok, varr\u00e1s-vasal\u00e1s&#8230;&#8230; varr\u00e1s-vasal\u00e1s&#8230;.varr\u00e1s-vasal\u00e1s&#8230;.<\/p>\n<p>Voltak olyan blokkok, ahol mindk\u00e9t fel\u00e9re fekete, vagy feh\u00e9r h\u00e1romsz\u00f6get varrtam ill. p\u00e1r darab, aminek egyik fel\u00e9re feh\u00e9r, a m\u00e1sikra fekete ker\u00fclt. A megtervezett minta szerint \u00f6sszevarrtam a sorokat, majd a sorokat is egym\u00e1shoz.<\/p>\n<p>\u00cdme, \u00f6sszevarrva. 2 este szedegettem ki bel\u0151le a stabiliz\u00e1tort, sz\u00e9p kis szem\u00e9thalmot k\u00e9pezve evvel. K\u00e1r, hogy err\u0151l nem k\u00e9sz\u00fclt k\u00e9p&#8230;tanuls\u00e1gos lett volna!<\/p>\n<div id=\"attachment_4170\" style=\"width: 310px\" class=\"wp-caption alignnone\"><a href=\"http:\/\/www.quiltingstudio.hu\/blog\/wp-content\/uploads\/2013\/02\/kerettel.jpg\"><img aria-describedby=\"caption-attachment-4170\" decoding=\"async\" loading=\"lazy\" class=\"size-medium wp-image-4170 \" title=\"kerettel\" src=\"http:\/\/www.quiltingstudio.hu\/blog\/wp-content\/uploads\/2013\/02\/kerettel-300x177.jpg\" alt=\"\" width=\"300\" height=\"177\" srcset=\"http:\/\/www.quiltingstudio.hu\/blog\/wp-content\/uploads\/2013\/02\/kerettel-300x177.jpg 300w, http:\/\/www.quiltingstudio.hu\/blog\/wp-content\/uploads\/2013\/02\/kerettel.jpg 806w\" sizes=\"(max-width: 300px) 100vw, 300px\" \/><\/a><p id=\"caption-attachment-4170\" class=\"wp-caption-text\">kerettel<\/p><\/div>\n<p>Mivel \u00edgy a takar\u00f3 m\u00e9g r\u00f6vid lett volna, ez\u00e9rt d\u00f6nt\u00f6ttem e mellet a hosszabb\u00edt\u00e1s mellett. Hiszen cs\u00edkom m\u00e9g volt b\u0151ven, ker\u00fclt bel\u0151le mindk\u00e9t v\u00e9g\u00e9re. V\u00e9gleges m\u00e9rete: 145 x 217 cm. (t\u00fal nagy ahhoz, hogy a mi kis lak\u00e1sunkban norm\u00e1lis k\u00e9pet k\u00e9sz\u00edtsek. Ez\u00e9rt csak \u00edgy tudom megmutatni. Sorry)<\/p>\n<p>Mivel a cs\u00edkok igen sz\u00ednesek, ez\u00e9rt pr\u00f3b\u00e1ltam \u0151ket a feh\u00e9rrel \u00e9s feket\u00e9vel lecsendes\u00edteni. \u00c9s a kontraszt is igen nagy, ami itt nagyon j\u00f3l j\u00f6tt.<\/p>\n<p>\u00c9s itt k\u00f6vetkezett a Quilt-aerobic, n\u00e9gyk\u00e9zl\u00e1b, guggolva, t\u00e9rdelve, stb&#8230;biztos, ami biztos-\u00f6sszet\u0171ztem j\u00f3 p\u00e1r biztost\u0171vel a h\u00e1rom r\u00e9teget.<\/p>\n<div id=\"attachment_4171\" style=\"width: 282px\" class=\"wp-caption alignnone\"><a href=\"http:\/\/www.quiltingstudio.hu\/blog\/wp-content\/uploads\/2013\/02\/keszen.jpg\"><img aria-describedby=\"caption-attachment-4171\" decoding=\"async\" loading=\"lazy\" class=\"size-medium wp-image-4171 \" title=\"keszen\" src=\"http:\/\/www.quiltingstudio.hu\/blog\/wp-content\/uploads\/2013\/02\/keszen-272x300.jpg\" alt=\"\" width=\"272\" height=\"300\" srcset=\"http:\/\/www.quiltingstudio.hu\/blog\/wp-content\/uploads\/2013\/02\/keszen-272x300.jpg 272w, http:\/\/www.quiltingstudio.hu\/blog\/wp-content\/uploads\/2013\/02\/keszen.jpg 806w\" sizes=\"(max-width: 272px) 100vw, 272px\" \/><\/a><p id=\"caption-attachment-4171\" class=\"wp-caption-text\">k\u00e9szen<\/p><\/div>\n<p>Itt n\u00e9gyr\u00e9t hajtva \u00e9s m\u00e1r let\u0171zve l\u00e1that\u00f3.<\/p>\n<p>Sz\u00ednes, mel\u00edrozott c\u00e9rn\u00e1val a kedvenc kacskaring\u00f3s mint\u00e1mmal t\u0171ztem \u00f6ssze a h\u00e1rom r\u00e9teget. Tr\u00fckk\u00f6sen a h\u00e1tlapot nagyobbra hagytam 3,5 cm-el minden oldalon \u00e9s evvel fejeztem be a sz\u00e9l\u00e9t.<\/p>\n<p>A takar\u00f3 meglepet\u00e9s volt, nagy meglepet\u00e9s!<\/p>\n<p>&nbsp;<\/p>\n<p>&nbsp;<\/p>\n<p>&nbsp;<\/p>\n<p>&nbsp;<\/p>\n<p>&nbsp;<\/p>\n<p>&nbsp;<\/p>\n","protected":false},"excerpt":{"rendered":"<p>\u00cdgy kezd\u0151d\u00f6tt minden: El\u0151kerestem a sok-sok marad\u00e9k cs\u00edkomat, darabk\u00e1mat, amiket egyes\u00e9vel kivasalgattam \u00e9s azonos m\u00e9ret\u0171 cs\u00edkokra szabtam (3,5 cm). Majd tal\u00e1lomra \u00f6sszedaraboltam \u00e9s \u00fajra \u00f6sszevarrtam, ilyen kis csinos cs\u00edkokra&#8230;ebb\u0151l egy hegynyit k\u00e9sz\u00edtettem.<\/p>\n","protected":false},"author":1,"featured_media":0,"comment_status":"open","ping_status":"closed","sticky":false,"template":"","format":"standard","meta":[],"categories":[3],"tags":[],"aioseo_notices":[],"views":2900,"_links":{"self":[{"href":"http:\/\/www.quiltingstudio.hu\/blog\/index.php?rest_route=\/wp\/v2\/posts\/4166"}],"collection":[{"href":"http:\/\/www.quiltingstudio.hu\/blog\/index.php?rest_route=\/wp\/v2\/posts"}],"about":[{"href":"http:\/\/www.quiltingstudio.hu\/blog\/index.php?rest_route=\/wp\/v2\/types\/post"}],"author":[{"embeddable":true,"href":"http:\/\/www.quiltingstudio.hu\/blog\/index.php?rest_route=\/wp\/v2\/users\/1"}],"replies":[{"embeddable":true,"href":"http:\/\/www.quiltingstudio.hu\/blog\/index.php?rest_route=%2Fwp%2Fv2%2Fcomments&post=4166"}],"version-history":[{"count":8,"href":"http:\/\/www.quiltingstudio.hu\/blog\/index.php?rest_route=\/wp\/v2\/posts\/4166\/revisions"}],"predecessor-version":[{"id":4180,"href":"http:\/\/www.quiltingstudio.hu\/blog\/index.php?rest_route=\/wp\/v2\/posts\/4166\/revisions\/4180"}],"wp:attachment":[{"href":"http:\/\/www.quiltingstudio.hu\/blog\/index.php?rest_route=%2Fwp%2Fv2%2Fmedia&parent=4166"}],"wp:term":[{"taxonomy":"category","embeddable":true,"href":"http:\/\/www.quiltingstudio.hu\/blog\/index.php?rest_route=%2Fwp%2Fv2%2Fcategories&post=4166"},{"taxonomy":"post_tag","embeddable":true,"href":"http:\/\/www.quiltingstudio.hu\/blog\/index.php?rest_route=%2Fwp%2Fv2%2Ftags&post=4166"}],"curies":[{"name":"wp","href":"https:\/\/api.w.org\/{rel}","templated":true}]}}